{"id":571444,"date":"2025-12-01T18:06:22","date_gmt":"2025-12-01T18:06:22","guid":{"rendered":"https:\/\/www.europesays.com\/fr\/571444\/"},"modified":"2025-12-01T18:06:22","modified_gmt":"2025-12-01T18:06:22","slug":"la-directrice-du-louvre-admet-des-fragilites-structurelles-de-securite-dans-le-musee","status":"publish","type":"post","link":"https:\/\/www.europesays.com\/fr\/571444\/","title":{"rendered":"la directrice du Louvre admet des \u00ab\u00a0fragilit\u00e9s structurelles\u00a0\u00bb de s\u00e9curit\u00e9 dans le mus\u00e9e"},"content":{"rendered":"<p>La directrice du Louvre, Laurence des Cars, est revenue sur les failles de s\u00e9curit\u00e9 de la galerie d\u2019Apollon, point\u00e9es du doigt par un audit de 2018, dans les colonnes du Parisien. \u00c0 la suite du vol de bijoux, elle affirme avoir pris connaissance de ce document \u00ab\u00a0quatre jours apr\u00e8s\u00a0\u00bb les faits.<\/p>\n<p>\u00ab\u00a0Sereine et d\u00e9termin\u00e9e\u00a0\u00bb, malgr\u00e9 la tornade qu&rsquo;elle traverse, Laurence des Cars continue de diriger le Louvre.<\/p>\n<p><a href=\"https:\/\/www.bfmtv.com\/police-justice\/video-ce-que-l-on-sait-des-quatre-nouvelles-interpellations-un-mois-apres-le-casse-au-louvre_VN-202511250964.html\" title=\"Ce que l&#039;on sait des quatre nouvelles interpellations un mois apr\u00e8s le casse au Louvre\" class=\"internal_link\" rel=\"nofollow noopener\" target=\"_blank\">Quelques semaines apr\u00e8s l&rsquo;impressionant vol de bijoux dans la galerie d&rsquo;Apollon<\/a>, la pr\u00e9sidente du mus\u00e9e le plus visit\u00e9 au monde essaye toujours d&rsquo;expliquer les failles de s\u00e9curit\u00e9 de l&rsquo;institution.<\/p>\n<p><a href=\"https:\/\/www.bfmtv.com\/police-justice\/video-cambriolage-au-louvre-ce-que-l-on-sait-du-rapport-de-2018-qui-pointait-les-failles-du-musee_VN-202511260716.html\" title=\"Cambriolage au Louvre: ce que l&#039;on sait du rapport de 2018 qui pointait les failles du mus\u00e9e\" class=\"internal_link\" rel=\"nofollow noopener\" target=\"_blank\">Dans un audit de s\u00fbret\u00e9 de 2018, r\u00e9v\u00e9l\u00e9 par Le Monde le 25 novembre, la s\u00e9curit\u00e9 de la galerie d&rsquo;Apollon<\/a> &#8211; lieu du braquage et d&rsquo;exposition des joyaux de la couronne &#8211; est s\u00e9rieusement point\u00e9e du doigt. Ce lundi 1er d\u00e9cembre, elle a affirm\u00e9, au journal <a href=\"https:\/\/www.leparisien.fr\/culture-loisirs\/pour-moi-la-galerie-dapollon-etait-un-dossier-clos-apres-le-casse-la-patronne-du-louvre-prete-a-tenir-le-cap-01-12-2025-HKFW24WFQZGURMF7RJXN3S53YE.php\" target=\"_blank\" class=\"external_link\" rel=\"nofollow noopener\">Le Parisien<\/a>, avoir pris connaissance de ce document seulement \u00ab\u00a0quatre jours apr\u00e8s le vol, apr\u00e8s (s)a demande de la remont\u00e9e de toutes les interventions sur 25 ans dans la galerie d&rsquo;Apollon\u00a0\u00bb.<\/p>\n<p>\u00ab\u00a0\u00c0 mon arriv\u00e9e fin 2021, ce dossier ne m&rsquo;a pas \u00e9t\u00e9 signal\u00e9 comme un point de vigilance\u00a0\u00bb, a-t-elle assur\u00e9. \u00ab\u00a0Les vitrines avaient \u00e9t\u00e9 chang\u00e9es lors des r\u00e9novations de 2018-2019. Quand j\u2019arrive, on me dit que s\u2019il y a une chose sur laquelle on peut \u00eatre totalement rassur\u00e9, ce sont les joyaux de la Couronne.\u00a0\u00bb<\/p>\n<blockquote class=\"embed embed_quote\"><p>\u00ab\u00a0La r\u00e9novation \u00e9tait toute r\u00e9cente. Donc, pour moi, c\u2019\u00e9tait un dossier clos\u00a0\u00bb, a-t-elle expliqu\u00e9 au journal Le Parisien.<\/p><\/blockquote>\n<p>Un vol \u00e9vitable ?<\/p>\n<p>Pourtant, l&rsquo;audit de s\u00e9curit\u00e9 de 2018 semble tr\u00e8s clair. Le balcon et la fen\u00eatre donnant sur la rue \u00e9taient qualifi\u00e9es comme \u00ab\u00a0l&rsquo;un des plus grands points de vuln\u00e9rabilit\u00e9 de l&rsquo;\u00e9tablissement\u00a0\u00bb. Comme un symbole, le document \u00e9voque m\u00eame la possibilit\u00e9 d&rsquo;utiliser une nacelle pour p\u00e9n\u00e9trer dans le mus\u00e9e, la m\u00e9thode utilis\u00e9e par les voleurs pour rentrer par effraction dans la galerie d&rsquo;Apollon.<\/p>\n<p><img decoding=\"async\" src=\"https:\/\/www.europesays.com\/fr\/wp-content\/uploads\/2025\/09\/principale-260_4.jpg\"  alt=\"Marschall Truchot : Louvre, nouvelles r\u00e9v\u00e9lations sur le casse \u2013 26\/11\" title=\"Marschall Truchot : Louvre, nouvelles r\u00e9v\u00e9lations sur le casse \u2013 26\/11\"\/>Marschall Truchot : Louvre, nouvelles r\u00e9v\u00e9lations sur le casse \u2013 26\/11<\/p>\n<p>\u00ab\u00a0Avec le recul, on mesure que des fragilit\u00e9s structurelles substistaient\u00a0\u00bb, a admis Laurence des Cars au micro du Parisien. \u00ab\u00a0Je comprends que cela interroge. Je me suis \u00e9videmment pos\u00e9 les m\u00eames questions ! \u00c0 l&rsquo;\u00e9vidence, ce n&rsquo;\u00e9tait pas suffisant.\u00a0\u00bb<\/p>\n<p>Depuis le braquage du mus\u00e9e, le 19 octobre 2025 entre 9h30 et 9h37, <a href=\"https:\/\/www.bfmtv.com\/police-justice\/cambriolage-au-louvre-le-quatrieme-membre-presume-du-commando-mis-en-examen-les-trois-autres-gardes-a-vue-levees_AN-202511280689.html\" title=\"Cambriolage au Louvre: le quatri\u00e8me membre pr\u00e9sum\u00e9 du commando mis en examen\" class=\"internal_link\" rel=\"nofollow noopener\" target=\"_blank\">quatre potentiels braqueurs ont \u00e9t\u00e9 arr\u00eat\u00e9s par les autorit\u00e9s<\/a>. N\u00e9anmoins, les joyaux vol\u00e9s n&rsquo;ont, pour l&rsquo;heure, pas \u00e9t\u00e9 retrouv\u00e9s.<\/p>\n<p>Partager <\/p>\n","protected":false},"excerpt":{"rendered":"La directrice du Louvre, Laurence des Cars, est revenue sur les failles de s\u00e9curit\u00e9 de la galerie d\u2019Apollon,&hellip;\n","protected":false},"author":2,"featured_media":571445,"comment_status":"","ping_status":"","sticky":false,"template":"","format":"standard","meta":{"footnotes":""},"categories":[1358],"tags":[1348,1384,1385,1386,58,59,1011,27],"class_list":{"0":"post-571444","1":"post","2":"type-post","3":"status-publish","4":"format-standard","5":"has-post-thumbnail","7":"category-arts-et-design","8":"tag-arts","9":"tag-arts-and-design","10":"tag-arts-et-design","11":"tag-design","12":"tag-divertissement","13":"tag-entertainment","14":"tag-fr","15":"tag-france"},"share_on_mastodon":{"url":"https:\/\/pubeurope.com\/@fr\/115645644473671380","error":""},"_links":{"self":[{"href":"https:\/\/www.europesays.com\/fr\/wp-json\/wp\/v2\/posts\/571444","targetHints":{"allow":["GET"]}}],"collection":[{"href":"https:\/\/www.europesays.com\/fr\/wp-json\/wp\/v2\/posts"}],"about":[{"href":"https:\/\/www.europesays.com\/fr\/wp-json\/wp\/v2\/types\/post"}],"author":[{"embeddable":true,"href":"https:\/\/www.europesays.com\/fr\/wp-json\/wp\/v2\/users\/2"}],"replies":[{"embeddable":true,"href":"https:\/\/www.europesays.com\/fr\/wp-json\/wp\/v2\/comments?post=571444"}],"version-history":[{"count":0,"href":"https:\/\/www.europesays.com\/fr\/wp-json\/wp\/v2\/posts\/571444\/revisions"}],"wp:featuredmedia":[{"embeddable":true,"href":"https:\/\/www.europesays.com\/fr\/wp-json\/wp\/v2\/media\/571445"}],"wp:attachment":[{"href":"https:\/\/www.europesays.com\/fr\/wp-json\/wp\/v2\/media?parent=571444"}],"wp:term":[{"taxonomy":"category","embeddable":true,"href":"https:\/\/www.europesays.com\/fr\/wp-json\/wp\/v2\/categories?post=571444"},{"taxonomy":"post_tag","embeddable":true,"href":"https:\/\/www.europesays.com\/fr\/wp-json\/wp\/v2\/tags?post=571444"}],"curies":[{"name":"wp","href":"https:\/\/api.w.org\/{rel}","templated":true}]}}