{"id":571446,"date":"2025-12-01T18:08:15","date_gmt":"2025-12-01T18:08:15","guid":{"rendered":"https:\/\/www.europesays.com\/fr\/571446\/"},"modified":"2025-12-01T18:08:15","modified_gmt":"2025-12-01T18:08:15","slug":"lamour-est-dans-le-pre-ce-lundi-sur-m6-lagriculteur-charentais-fait-le-bilan-et-il-y-aura-une-grosse-surprise","status":"publish","type":"post","link":"https:\/\/www.europesays.com\/fr\/571446\/","title":{"rendered":"\u00ab\u00a0L\u2019Amour est dans le pr\u00e9\u00a0\u00bb\u00a0: ce lundi sur M6, l\u2019agriculteur charentais fait le bilan et il y aura une grosse surprise"},"content":{"rendered":"<p>    La r\u00e9daction vous conseille<\/p>\n<p>C\u2019est ce que ce c\u00e9r\u00e9alier et producteur de fourrage de Charente limousine confie ce lundi soir dans le bilan de l\u2019\u00e9mission, sur M6. Ce qui devait n\u2019\u00eatre qu\u2019un baiser d\u2019au revoir sur le quai de la gare, \u00e0 la sortie de l\u2019avion, \u00e9tait en fait un baiser d\u2019adieu et \u00e7a, il ne l\u2019avait pas vu venir, accusant une petite d\u00e9prime.<\/p>\n<p>\u00ab\u00a0C\u2019\u00e9tait le big love\u00a0\u00bb<\/p>\n<p>Louise \u00e9tait pourtant le coup de c\u0153ur du candidat d\u00e8s le speed dating. \u00ab\u00a0Intelligente, cultiv\u00e9e, elle est sortie du lot\u00a0\u00bb, d\u00e8s sa lettre et ses confidences sur la mort de sa m\u00e8re, \u00e9clipsant tr\u00e8s vite sa rivale. Entre les deux voisins g\u00e9ographiques, tout est all\u00e9 vite.<\/p>\n<p>\u00ab\u00a0C\u2019\u00e9tait le big love\u00a0\u00bb, confie le Charentais qui n\u2019avait jamais \u00ab\u00a0ressenti \u00e7a avec personne\u00a0\u00bb. Un d\u00eener au Tilleul des gourmets, \u00e0 Chasseneuil, une rencontre avec les amis du paysan, une danse concluante et d\u00e9j\u00e0 les premi\u00e8res promesses, d\u2019aller loin ensemble. \u00ab\u00a0Apr\u00e8s le tournage \u00e0 la ferme, on s\u2019est vu tous les week-ends.\u00a0\u00bb<\/p>\n<p>Une pr\u00e9sence \u00ab\u00a0apaisante et rassurante\u00a0\u00bb, jusqu\u2019au week-end \u00e9cossais sans aucun nuage, dont les images sont diffus\u00e9es ce lundi soir. \u00ab\u00a0\u00c7a fait longtemps que je n\u2019avais pas \u00e9prouv\u00e9 \u00e7a pour quelqu\u2019un\u00a0\u00bb, note la jeune femme. Julien, 35\u00a0ans, qui nourrit toujours le r\u00eave \u00ab\u00a0d\u2019\u00eatre papa avant 40\u00a0ans\u00a0\u00bb, se disait lui \u00ab\u00a0heureux de partager un voyage avec quelqu\u2019un, en \u00e9tant amoureux\u00a0\u00bb. \u00ab\u00a0J\u2019attends \u00e7a depuis un moment.\u00a0\u00bb<\/p>\n<p>    La r\u00e9daction vous conseille<\/p>\n<p>                        <a href=\"https:\/\/www.charentelibre.fr\/charente\/julien-cherche-l-amour-dans-le-pre-26582708.php\" title=\"Julien cherche l\u2019amour dans le pr\u00e9\" target=\"_blank\" rel=\"noopener\"><br \/>\n                            <img decoding=\"async\" src=\"https:\/\/www.europesays.com\/fr\/wp-content\/uploads\/2025\/12\/q-petit-250815-018.jpg\" alt=\"Julien cherche l\u2019amour dans le pr\u00e9\"\/><br \/>\n                        <\/a><\/p>\n<p>                    <a href=\"https:\/\/www.charentelibre.fr\/charente\/julien-cherche-l-amour-dans-le-pre-26582708.php\" title=\"Julien cherche l\u2019amour dans le pr\u00e9\" target=\"_blank\" rel=\"noopener\"><\/p>\n<p>\n                            Julien cherche l\u2019amour dans le pr\u00e9\n                        <\/p>\n<p>                    <\/a><\/p>\n<p>\n                        Originaire du Nord Charente, cet agriculteur de 35 ans participe \u00e0 la c\u00e9l\u00e8bre \u00e9mission de M6 et confie : \u00ab\u00a0Si c&rsquo;\u00e9tait \u00e0 refaire, je le referais dix fois\u00a0\u00bb\n                    <\/p>\n<p>Mais quatre jours apr\u00e8s le retour, Louise a espac\u00e9 les \u00e9changes, jusqu\u2019\u00e0 dispara\u00eetre. \u00ab\u00a0Au t\u00e9l\u00e9phone, elle m\u2019a expliqu\u00e9 qu\u2019elle \u00e9tait perdue, que \u00e7a avait \u00e9t\u00e9 trop vite pour elle\u00a0\u00bb. Et que le rythme de vie de son soupirant, qui n\u2019avait jamais cach\u00e9 son hyperactivit\u00e9, \u00e9tait trop intense pour elle. Fin de l\u2019histoire.<\/p>\n<p>Mais le d\u00e9but d\u2019une nouvelle jure Karine Lemarchand, l\u2019animatrice phare de l\u2019\u00e9mission, certaine que Julien trouvera vite l\u2019\u00e2me s\u0153ur. \u00ab\u00a0Une femme piquante, avec du caract\u00e8re et pas casani\u00e8re\u00a0\u00bb, pr\u00e9cise le candidat qui sera d\u2019ailleurs pr\u00e9sent aux Charentais de l\u2019ann\u00e9e le 11\u00a0d\u00e9cembre, \u00e0 Carat. Il y trouvera peut-\u00eatre de l\u2019aide pour trier les candidatures\u00a0!<\/p>\n","protected":false},"excerpt":{"rendered":"La r\u00e9daction vous conseille C\u2019est ce que ce c\u00e9r\u00e9alier et producteur de fourrage de Charente limousine confie ce&hellip;\n","protected":false},"author":2,"featured_media":571447,"comment_status":"","ping_status":"","sticky":false,"template":"","format":"standard","meta":{"footnotes":""},"categories":[1356],"tags":[58,59,1011,27,252,1364],"class_list":{"0":"post-571446","1":"post","2":"type-post","3":"status-publish","4":"format-standard","5":"has-post-thumbnail","7":"category-television","8":"tag-divertissement","9":"tag-entertainment","10":"tag-fr","11":"tag-france","12":"tag-television","13":"tag-tv"},"share_on_mastodon":{"url":"https:\/\/pubeurope.com\/@fr\/115645652713155663","error":""},"_links":{"self":[{"href":"https:\/\/www.europesays.com\/fr\/wp-json\/wp\/v2\/posts\/571446","targetHints":{"allow":["GET"]}}],"collection":[{"href":"https:\/\/www.europesays.com\/fr\/wp-json\/wp\/v2\/posts"}],"about":[{"href":"https:\/\/www.europesays.com\/fr\/wp-json\/wp\/v2\/types\/post"}],"author":[{"embeddable":true,"href":"https:\/\/www.europesays.com\/fr\/wp-json\/wp\/v2\/users\/2"}],"replies":[{"embeddable":true,"href":"https:\/\/www.europesays.com\/fr\/wp-json\/wp\/v2\/comments?post=571446"}],"version-history":[{"count":0,"href":"https:\/\/www.europesays.com\/fr\/wp-json\/wp\/v2\/posts\/571446\/revisions"}],"wp:featuredmedia":[{"embeddable":true,"href":"https:\/\/www.europesays.com\/fr\/wp-json\/wp\/v2\/media\/571447"}],"wp:attachment":[{"href":"https:\/\/www.europesays.com\/fr\/wp-json\/wp\/v2\/media?parent=571446"}],"wp:term":[{"taxonomy":"category","embeddable":true,"href":"https:\/\/www.europesays.com\/fr\/wp-json\/wp\/v2\/categories?post=571446"},{"taxonomy":"post_tag","embeddable":true,"href":"https:\/\/www.europesays.com\/fr\/wp-json\/wp\/v2\/tags?post=571446"}],"curies":[{"name":"wp","href":"https:\/\/api.w.org\/{rel}","templated":true}]}}