{"id":571448,"date":"2025-12-01T18:09:14","date_gmt":"2025-12-01T18:09:14","guid":{"rendered":"https:\/\/www.europesays.com\/fr\/571448\/"},"modified":"2025-12-01T18:09:14","modified_gmt":"2025-12-01T18:09:14","slug":"le-rappel-amical-dariana-grande-concernant-les-critiques-sur-son-corps","status":"publish","type":"post","link":"https:\/\/www.europesays.com\/fr\/571448\/","title":{"rendered":"Le \u00ab rappel amical \u00bb d&rsquo;Ariana Grande concernant les critiques sur son corps"},"content":{"rendered":"<p>Ariana Grande n\u2019en a malheureusement pas fini avec les <a href=\"https:\/\/www.20minutes.fr\/arts-stars\/people\/4127862-20241206-emma-dumont-fait-coming-out-ariana-grande-souffert-critiques-apparence\" target=\"_blank\" class=\"c-link c-link--is-underlined\" rel=\"nofollow noopener\">critiques sur son physique<\/a>. La star de 32 ans fait l\u2019objet depuis quelques ann\u00e9es de commentaires n\u00e9gatifs ou de sp\u00e9culations sur son corps jug\u00e9 trop maigre, certains soup\u00e7onnant une maladie ou un syndrome de maigreur extr\u00eame. Les apparitions de la chanteuse et actrice am\u00e9ricaine sur tapis rouge ou devant la presse pour la promotion de Wicked et <a href=\"https:\/\/www.20minutes.fr\/arts-stars\/cinema\/4186196-20251118-pourquoi-wicked-partie-2-fonctionne-mois-bien-premier-film\" target=\"_blank\" class=\"c-link c-link--is-underlined\" rel=\"nofollow noopener\">Wicked\u00a0: Partie\u00a0II<\/a>, dans lesquels elle interpr\u00e8te la \u00ab\u00a0gentille\u00a0\u00bb sorci\u00e8re Glinda au c\u00f4t\u00e9 de <a href=\"https:\/\/www.20minutes.fr\/arts-stars\/people\/4187538-20251124-adieux-emouvants-ariana-grande-cynthia-erivo-wicked-apres-sortie-partie-ii-salles\" target=\"_blank\" class=\"c-link c-link--is-underlined\" rel=\"nofollow noopener\">Cynthia Erivo<\/a>, n\u2019ont rien arrang\u00e9.<\/p>\n<p>L\u2019an dernier, Ariana Grande a \u00e9t\u00e9 interrog\u00e9e par la YouTubeuse Sally sur la fa\u00e7on dont elle g\u00e9rait la pression autour de son physique et des standards de beaut\u00e9, elle qui est c\u00e9l\u00e8bre depuis l\u2019adolescence. Un point sensible pour l\u2019artiste, qui y avait r\u00e9pondu avec \u00e9motion et a \u00ab\u00a0repartag\u00e9\u00a0\u00bb ce week-end un extrait de cet \u00e9change <a href=\"https:\/\/www.instagram.com\/p\/DDNFiL6okrs\" rel=\"nofollow noopener\" target=\"_blank\" class=\"c-link c-link--is-underlined\">dans ses Stories Instagram<\/a>, en guise de \u00ab\u00a0rappel amical \u00e0 tout le monde\u00a0\u00bb.<\/p>\n<p>Ne pas \u00e9couter les critiques<\/p>\n<p>\u00ab\u00a0Je suis devant le public et je suis un sp\u00e9cimen de foire depuis que j\u2019ai 16 ou 17 ans. J\u2019ai tout entendu\u00a0\u00bb, avait-elle expliqu\u00e9 les larmes aux yeux. \u00ab\u00a0J\u2019ai entendu toutes les versions de ce qui ne va pas chez moi. Et quand tu essaies de corriger le tir, ce n\u2019est pas bien pour de nouvelles raisons. De ce que tu portes \u00e0 ton corps, \u00e0 ton visage, \u00e0 absolument tout. Il y a une facilit\u00e9 qu\u2019on ne devrait pas avoir, du tout, \u00e0 commenter le physique des gens, leur apparence, les rumeurs sur ce qu\u2019il se passerait en coulisses, sur l\u2019\u00e9tat de sant\u00e9 des gens\u00a0\u00bb.<\/p>\n<p><a href=\"https:\/\/www.20minutes.fr\/arts-stars\/people\/4164316-20250720-ariana-grande-poursuit-carriere-cinema-adaptation-comedie-musicale-oh-the-places-you-ll-go\" target=\"_blank\" class=\"c-link c-link--is-underlined\" rel=\"nofollow noopener\">La chanteuse<\/a> aurait aussi re\u00e7u des commentaires similaires de la part de personnes proches de son entourage. \u00ab\u00a0C\u2019est quelque chose de malaisant et d\u2019horrible, peu importe o\u00f9 \u00e7a se passe et peu importe le degr\u00e9\u00a0\u00bb, avait-elle soulign\u00e9, alors qu\u2019elle ne \u00ab\u00a0tol\u00e8re plus\u00a0\u00bb ces critiques et pr\u00e9f\u00e8re se concentrer sur son \u00ab\u00a0travail\u00a0\u00bb et sa \u00ab\u00a0vie\u00a0\u00bb. \u00ab\u00a0Quand vous vous prot\u00e9gez de ce bruit, que ce soit lors d\u2019une r\u00e9union de famille, ou sur les r\u00e9seaux, si vous devez bloquer des gens, je m\u2019en fiche\u00a0! Prot\u00e9gez-vous de \u00e7a parce que personne n\u2019a le droit de vous dire quoi que ce soit\u00a0!\u00a0\u00bb, avait-elle conclu d\u2019un air d\u00e9termin\u00e9.<\/p>\n<p>Mais le sujet reste bien pr\u00e9sent \u00e0 en croire son besoin de rappeler sur Instagram ces propos au micro de Sally, alors que <a href=\"https:\/\/www.20minutes.fr\/arts-stars\/people\/4188577-20251128-realisateur-wicked-explique-pourquoi-visage-dorothy-apparait-partie-2\" target=\"_blank\" class=\"c-link c-link--is-underlined\" rel=\"nofollow noopener\">Wicked\u00a0: Partie\u00a0II <\/a>est sorti dans les salles obscures le 19\u00a0novembre dernier. En\u00a02023, Ariana Grande avait \u00e9galement abord\u00e9 les commentaires sur son physique dans une <a href=\"https:\/\/www.tiktok.com\/@arianagrande\/video\/7220884832472026414\" rel=\"nofollow noopener\" target=\"_blank\" class=\"c-link c-link--is-underlined\">vid\u00e9o TikTok<\/a>, estimant qu\u2019il \u00e9tait temps \u00ab\u00a0de s\u2019efforcer \u00e0 ne plus autant faire cela\u00a0\u00bb et qu\u2019il existe \u00ab\u00a0de nombreux types de beaut\u00e9\u00a0\u00bb et \u00ab\u00a0diff\u00e9rentes fa\u00e7ons d\u2019avoir l\u2019air sain\u00a0\u00bb.<\/p>\n<p><script async src=\"\/\/www.instagram.com\/embed.js\"><\/script><script async src=\"\/\/www.tiktok.com\/embed.js\"><\/script><\/p>\n","protected":false},"excerpt":{"rendered":"Ariana Grande n\u2019en a malheureusement pas fini avec les critiques sur son physique. La star de 32 ans&hellip;\n","protected":false},"author":2,"featured_media":571449,"comment_status":"","ping_status":"","sticky":false,"template":"","format":"standard","meta":{"footnotes":""},"categories":[1355],"tags":[27818,58,59,1011,27,2440,1361,873,973,2439],"class_list":{"0":"post-571448","1":"post","2":"type-post","3":"status-publish","4":"format-standard","5":"has-post-thumbnail","7":"category-musique","8":"tag-ariana-grande","9":"tag-divertissement","10":"tag-entertainment","11":"tag-fr","12":"tag-france","13":"tag-instagram","14":"tag-music","15":"tag-musique","16":"tag-people","17":"tag-tiktok"},"share_on_mastodon":{"url":"https:\/\/pubeurope.com\/@fr\/115645655631690687","error":""},"_links":{"self":[{"href":"https:\/\/www.europesays.com\/fr\/wp-json\/wp\/v2\/posts\/571448","targetHints":{"allow":["GET"]}}],"collection":[{"href":"https:\/\/www.europesays.com\/fr\/wp-json\/wp\/v2\/posts"}],"about":[{"href":"https:\/\/www.europesays.com\/fr\/wp-json\/wp\/v2\/types\/post"}],"author":[{"embeddable":true,"href":"https:\/\/www.europesays.com\/fr\/wp-json\/wp\/v2\/users\/2"}],"replies":[{"embeddable":true,"href":"https:\/\/www.europesays.com\/fr\/wp-json\/wp\/v2\/comments?post=571448"}],"version-history":[{"count":0,"href":"https:\/\/www.europesays.com\/fr\/wp-json\/wp\/v2\/posts\/571448\/revisions"}],"wp:featuredmedia":[{"embeddable":true,"href":"https:\/\/www.europesays.com\/fr\/wp-json\/wp\/v2\/media\/571449"}],"wp:attachment":[{"href":"https:\/\/www.europesays.com\/fr\/wp-json\/wp\/v2\/media?parent=571448"}],"wp:term":[{"taxonomy":"category","embeddable":true,"href":"https:\/\/www.europesays.com\/fr\/wp-json\/wp\/v2\/categories?post=571448"},{"taxonomy":"post_tag","embeddable":true,"href":"https:\/\/www.europesays.com\/fr\/wp-json\/wp\/v2\/tags?post=571448"}],"curies":[{"name":"wp","href":"https:\/\/api.w.org\/{rel}","templated":true}]}}