{"id":57146,"date":"2025-04-27T15:53:09","date_gmt":"2025-04-27T15:53:09","guid":{"rendered":"https:\/\/www.europesays.com\/fr\/57146\/"},"modified":"2025-04-27T15:53:09","modified_gmt":"2025-04-27T15:53:09","slug":"surpris-dans-la-grande-mosquee-de-strasbourg-un-cambrioleur-menace-un-fidele-au-couteau-puis-senfuit","status":"publish","type":"post","link":"https:\/\/www.europesays.com\/fr\/57146\/","title":{"rendered":"Surpris dans la Grande Mosqu\u00e9e de Strasbourg, un cambrioleur menace un fid\u00e8le au couteau puis s\u2019enfuit"},"content":{"rendered":"<p>Le pr\u00e9fet de la r\u00e9gion Grand Est a r\u00e9v\u00e9l\u00e9 qu\u2019un cambriolage a eu lieu samedi soir dans la Grande Mosqu\u00e9e de Strasbourg. L\u2019auteur des faits \u00e9tait arm\u00e9 d\u2019un couteau.<\/p>\n<p class=\"fig-paragraph\">Au lendemain\u00a0<a href=\"http:\/\/www.lefigaro.fr\/faits-divers\/le-meurtrier-qui-a-tue-un-fidele-dans-une-mosquee-du-gard-a-filme-son-acte-20250426\" data-fig-type=\"NewsFlash\" data-gtm-custom-categorie=\"navigation\" data-gtm-custom-action=\"crossclick\" data-gtm-custom-label=\"Contextuel\" data-gtm-event=\"customEventSPE\" data-fig-domain=\"LEFIGARO\" target=\"_blank\" rel=\"noopener\">du meurtre d\u2019un fid\u00e8le musulman dans une mosqu\u00e9e du Gard<\/a>, dans des conditions particuli\u00e8rement atroces, une autre intrusion arm\u00e9e a \u00e9t\u00e9 relev\u00e9e par les policiers de Strasbourg samedi soir.<\/p>\n<p class=\"fig-paragraph\">Selon des sources polici\u00e8res, un fid\u00e8le de la Grande Mosqu\u00e9e de Strasbourg a en effet surpris un individu en train de cambrioler un local appartenant \u00e0 l\u2019\u00e9difice religieux, dans lequel il \u00e9tait entr\u00e9 par effraction. Selon cette m\u00eame source, le cambrioleur brandissait un couteau et a menac\u00e9 le fid\u00e8le musulman qui l\u2019a d\u00e9couvert, avant de prendre la fuite en emportant deux sacs avec lui.<\/p>\n<p class=\"fig-body-link\">\n            \u00c0 lire aussi<br \/>\n        <a class=\"fig-body-link__link\" href=\"http:\/\/www.lefigaro.fr\/faits-divers\/une-scene-d-une-extreme-violence-qui-est-olivier-h-auteur-presume-d-un-meurtre-dans-une-mosquee-du-gard-actuellement-en-cavale-20250427\" data-fig-type=\"NewsFlash\" data-gtm-custom-categorie=\"navigation\" data-gtm-custom-action=\"crossclick\" data-gtm-custom-label=\"Contextuel\" data-gtm-event=\"customEventSPE\" data-fig-domain=\"LEFIGARO\" target=\"_blank\" rel=\"noopener\">\u00abUne sc\u00e8ne d\u2019une extr\u00eame violence\u00bb\u00a0: qui est Olivier H., auteur pr\u00e9sum\u00e9 d\u2019un meurtre dans une mosqu\u00e9e du Gard actuellement recherch\u00e9\u00a0?<br \/>\n    <\/a>\n<\/p>\n<p class=\"fig-paragraph\">Le montant du pr\u00e9judice \u00e9ventuel n\u2019est pas connu \u00e0 ce stade et l\u2019intrusion n\u2019a pas fait de bless\u00e9.<\/p>\n<p class=\"fig-paragraph\">Le pr\u00e9sident de l\u2019association gestionnaire de la Grande Mosqu\u00e9e se r\u00e9serve le droit de porter plainte, et la police a fait des constatations sur place.<\/p>\n<p class=\"fig-paragraph\">Alors que l\u2019\u00e9motion grandit en France\u00a0<a href=\"http:\/\/www.lefigaro.fr\/actualite-france\/meurtre-d-un-musulman-dans-une-mosquee-la-gauche-appelle-a-un-rassemblement-contre-l-islamophobie-20250427\" data-fig-type=\"NewsFlash\" data-gtm-custom-categorie=\"navigation\" data-gtm-custom-action=\"crossclick\" data-gtm-custom-label=\"Contextuel\" data-gtm-event=\"customEventSPE\" data-fig-domain=\"LEFIGARO\" target=\"_blank\" rel=\"noopener\">depuis que les motivations probablement islamophobes du meurtrier du Gard<\/a>\u00a0ont \u00e9t\u00e9 r\u00e9v\u00e9l\u00e9es par l\u2019enqu\u00eate, le pr\u00e9fet du Grand Est Jacques Witkowski a r\u00e9it\u00e9r\u00e9 \u00abson soutien \u00e0 la communaut\u00e9 musulmane\u00bb en mentionnant le cambriolage survenu \u00e0 Strasbourg, qu\u2019il a condamn\u00e9 \u00abavec la plus grande fermet\u00e9\u00bb.<\/p>\n","protected":false},"excerpt":{"rendered":"Le pr\u00e9fet de la r\u00e9gion Grand Est a r\u00e9v\u00e9l\u00e9 qu\u2019un cambriolage a eu lieu samedi soir dans la&hellip;\n","protected":false},"author":2,"featured_media":57147,"comment_status":"","ping_status":"","sticky":false,"template":"","format":"standard","meta":{"footnotes":""},"categories":[2820],"tags":[119,1111,11,3694,271,2951,3695,1777,674,3696,118,1011,27,775,2825,1253,303,14577,12,1072,2694,25,640,2949],"class_list":{"0":"post-57146","1":"post","2":"type-post","3":"status-publish","4":"format-standard","5":"has-post-thumbnail","7":"category-strasbourg","8":"tag-accident","9":"tag-actu","10":"tag-actualites","11":"tag-affaires","12":"tag-crime","13":"tag-criminalite","14":"tag-enquetes","15":"tag-eu","16":"tag-europe","17":"tag-evenements","18":"tag-faits-divers","19":"tag-fr","20":"tag-france","21":"tag-grand-est","22":"tag-insecurite","23":"tag-islamisme","24":"tag-justice","25":"tag-mosquee","26":"tag-news","27":"tag-police","28":"tag-proces","29":"tag-republique-francaise","30":"tag-strasbourg","31":"tag-violences"},"share_on_mastodon":{"url":"https:\/\/pubeurope.com\/@fr\/114410737048787828","error":""},"_links":{"self":[{"href":"https:\/\/www.europesays.com\/fr\/wp-json\/wp\/v2\/posts\/57146","targetHints":{"allow":["GET"]}}],"collection":[{"href":"https:\/\/www.europesays.com\/fr\/wp-json\/wp\/v2\/posts"}],"about":[{"href":"https:\/\/www.europesays.com\/fr\/wp-json\/wp\/v2\/types\/post"}],"author":[{"embeddable":true,"href":"https:\/\/www.europesays.com\/fr\/wp-json\/wp\/v2\/users\/2"}],"replies":[{"embeddable":true,"href":"https:\/\/www.europesays.com\/fr\/wp-json\/wp\/v2\/comments?post=57146"}],"version-history":[{"count":0,"href":"https:\/\/www.europesays.com\/fr\/wp-json\/wp\/v2\/posts\/57146\/revisions"}],"wp:featuredmedia":[{"embeddable":true,"href":"https:\/\/www.europesays.com\/fr\/wp-json\/wp\/v2\/media\/57147"}],"wp:attachment":[{"href":"https:\/\/www.europesays.com\/fr\/wp-json\/wp\/v2\/media?parent=57146"}],"wp:term":[{"taxonomy":"category","embeddable":true,"href":"https:\/\/www.europesays.com\/fr\/wp-json\/wp\/v2\/categories?post=57146"},{"taxonomy":"post_tag","embeddable":true,"href":"https:\/\/www.europesays.com\/fr\/wp-json\/wp\/v2\/tags?post=57146"}],"curies":[{"name":"wp","href":"https:\/\/api.w.org\/{rel}","templated":true}]}}