{"id":571462,"date":"2025-12-01T18:16:15","date_gmt":"2025-12-01T18:16:15","guid":{"rendered":"https:\/\/www.europesays.com\/fr\/571462\/"},"modified":"2025-12-01T18:16:15","modified_gmt":"2025-12-01T18:16:15","slug":"guerre-en-ukraine-un-exploit-historique-des-drones-intercepteurs-ukrainiens-abattent-pour-la-premiere-fois-des-geran-3","status":"publish","type":"post","link":"https:\/\/www.europesays.com\/fr\/571462\/","title":{"rendered":"Guerre en Ukraine\u00a0: \u00ab\u00a0Un exploit historique\u00a0\u00bb, des drones intercepteurs ukrainiens abattent pour la premi\u00e8re fois des Geran-3"},"content":{"rendered":"<p class=\"paragraph text_align_left lp-f-body-02\">Une petite victoire pour l\u2019Ukraine. Des <a href=\"https:\/\/www.leparisien.fr\/international\/guerre-en-ukraine-kiev-investit-dans-des-drones-intercepteurs-pour-faire-la-chasse-aux-shahed-russes-28-06-2025-ESBIIFAXUJEFRCEFPC74HCHDAI.php\" target=\"_blank\" rel=\"noreferrer noopener\">drones intercepteurs ukrainiens<\/a> \u00ab Sting \u00bb sont parvenus pour la premi\u00e8re fois \u00e0 abattre plusieurs drones \u00e0 r\u00e9action \u00ab Geran-3 \u00bb lors de l\u2019attaque russe men\u00e9e dans la nuit du 30 novembre.<\/p>\n<p class=\"paragraph text_align_left lp-f-body-02\">\u00ab Un petit exploit historique. Ce soir, pour la premi\u00e8re fois, nos soldats ont abattu plusieurs avions Shahed gr\u00e2ce \u00e0 des drones intercepteurs Sting de fabrication ukrainienne \u00bb, a \u00e9crit l\u2019activiste ukrainien Serhii Sternenko, qui a rapport\u00e9 l\u2019incident en publiant une photo de l\u2019interception sur <a href=\"https:\/\/t.me\/ssternenko\/52526\" target=\"_blank\" rel=\"noreferrer\">Telegram<\/a>.<\/p>\n<p class=\"paragraph text_align_left lp-f-body-02\">L\u2019\u00e9tat-major g\u00e9n\u00e9ral pr\u00e9cise que Moscou avait lanc\u00e9 un total de 138 drones \u00e0 r\u00e9action <a href=\"https:\/\/www.leparisien.fr\/international\/ukraine\/guerre-en-ukraine-plus-rapide-plus-puissant-mais-plus-cher-cest-quoi-le-geran-3-le-nouveau-drone-russe-qui-effraie-kiev-19-07-2025-7A36KCE7XREUNMM5KHU57V6JXI.php\" target=\"_blank\" rel=\"noreferrer noopener\">Geran-3<\/a>, une version russe du <a href=\"https:\/\/www.leparisien.fr\/international\/ukraine\/guerre-en-ukraine-le-ciel-nous-tombe-sur-la-tete-des-composants-americains-retrouves-dans-les-drones-russes-shahed-238-05-11-2025-PIBUBRILDBG7ZAUA3LFKTPAGEA.php\" target=\"_blank\" rel=\"noreferrer noopener\">Shahed-238<\/a> iranien, et que la plupart ont \u00e9t\u00e9 intercept\u00e9s avec succ\u00e8s par la d\u00e9fense a\u00e9rienne ukrainienne, rapporte le site sp\u00e9cialis\u00e9 <a href=\"https:\/\/militarnyi.com\/en\/news\/ukrainian-interceptor-drone-downs-jet-powered-shahed-for-the-first-time\/\" target=\"_blank\" rel=\"noreferrer noopener\">Militarnyi<\/a>. <\/p>\n<p><img decoding=\"async\" class=\"image \" loading=\"lazy\" src=\"https:\/\/www.europesays.com\/fr\/wp-content\/uploads\/2025\/12\/NZR4TD2EQVGTBEIDSYPRR4SGK4.png\" alt=\"Un drone Geran-3. Direction principale du renseignement du minist\u00e8re de la D\u00e9fense de l\u2019Ukraine\" align=\"\" data-rubrique-principale=\"\" data-article-type=\"\" fetchpriority=\"auto\"\/>Un drone Geran-3. Direction principale du renseignement du minist\u00e8re de la D\u00e9fense de l\u2019Ukraine<\/p>\n<p class=\"paragraph text_align_left lp-f-body-02\">Une annonce qui prouve une nouvelle fois que l\u2019Ukraine trouve des moyens de lutter contre la menace croissante des frappes a\u00e9riennes, \u00e0 l\u2019heure o\u00f9 l\u2019on craint que les nouveaux drones russes soient trop rapides pour \u00eatre d\u00e9truits par des moyens peu co\u00fbteux.<\/p>\n<p class=\"paragraph text_align_left lp-f-body-02\">Le Sting est un drone fr\u00e9quemment d\u00e9ploy\u00e9 par la d\u00e9fense a\u00e9rienne ukrainienne. D\u00e9velopp\u00e9 par la soci\u00e9t\u00e9 ukrainienne Wild Hornets, il vole \u00e0 une vitesse de 345 km\/h gr\u00e2ce \u00e0 ses quatre rotors.<\/p>\n<p>Des drones pourtant difficiles \u00e0 contrer<\/p>\n<p class=\"paragraph text_align_left lp-f-body-02\">Les services de renseignement de la d\u00e9fense ukrainiens rapportaient au mois de f\u00e9vrier 2025 que la Russie mettait en place la production de son propre analogue du <a href=\"https:\/\/www.leparisien.fr\/international\/ukraine\/guerre-en-ukraine-creer-une-zone-de-la-mort-cest-quoi-le-drone-shugai-teste-par-la-9e-brigade-de-larmee-de-kiev-28-11-2025-TN5JPIL5DRC7FBZ73I7LNSFWNM.php\" target=\"_blank\" rel=\"noreferrer noopener\">drone<\/a> \u00e0 r\u00e9action iranien Shahed-238 : le Geran-3.<\/p>\n<p class=\"paragraph text_align_left lp-f-body-02\">Il est \u00e9quip\u00e9 d\u2019un petit turbor\u00e9acteur Tolou-10\/13 similaire \u00e0 celui utilis\u00e9 dans le mod\u00e8le iranien. Selon les renseignements ukrainiens, leur vitesse de vol va de 550 \u00e0 600 km\/h pour une autonomie d\u2019environ 2 500 km, soit des chiffres similaires aux versions iraniennes. Le missile Shahed-238, sur lequel est bas\u00e9 le Geran-3, mesure 3,5 m de long, a une envergure de 3 m et une hauteur de 50 cm. Son poids maximal au d\u00e9collage va jusqu\u2019\u00e0 370 kg, avec une ogive de 50 kg. Des caract\u00e9ristiques qui rendent les Geran-3 et les Shahed-238 tr\u00e8s difficiles \u00e0 contrer.<\/p>\n<p class=\"paragraph text_align_left lp-f-body-02\">Cependant ces drones ont montr\u00e9 que lorsqu\u2019ils volent \u00e0 vitesse maximale, ils \u00e9puisent tr\u00e8s rapidement leur carburant, limitant consid\u00e9rablement leur autonomie.<\/p>\n<p class=\"paragraph text_align_left lp-f-body-02\">Les forces ukrainiennes ont enregistr\u00e9 la vitesse de croisi\u00e8re r\u00e9elle du Geran-3 \u00e0 environ 350 km\/h. Les drones n\u2019atteignent leur vitesse maximale que sur la derni\u00e8re partie de leur trajet ou dans les zones o\u00f9 les services de renseignement russes ont d\u00e9tect\u00e9 des d\u00e9fenses a\u00e9riennes ukrainiennes.<\/p>\n","protected":false},"excerpt":{"rendered":"Une petite victoire pour l\u2019Ukraine. Des drones intercepteurs ukrainiens \u00ab Sting \u00bb sont parvenus pour la premi\u00e8re fois&hellip;\n","protected":false},"author":2,"featured_media":571463,"comment_status":"","ping_status":"","sticky":false,"template":"","format":"standard","meta":{"footnotes":""},"categories":[5],"tags":[11,1011,27,14,12,220,28],"class_list":{"0":"post-571462","1":"post","2":"type-post","3":"status-publish","4":"format-standard","5":"has-post-thumbnail","7":"category-international","8":"tag-actualites","9":"tag-fr","10":"tag-france","11":"tag-international","12":"tag-news","13":"tag-ukraine","14":"tag-world"},"share_on_mastodon":{"url":"https:\/\/pubeurope.com\/@fr\/115645684294247016","error":""},"_links":{"self":[{"href":"https:\/\/www.europesays.com\/fr\/wp-json\/wp\/v2\/posts\/571462","targetHints":{"allow":["GET"]}}],"collection":[{"href":"https:\/\/www.europesays.com\/fr\/wp-json\/wp\/v2\/posts"}],"about":[{"href":"https:\/\/www.europesays.com\/fr\/wp-json\/wp\/v2\/types\/post"}],"author":[{"embeddable":true,"href":"https:\/\/www.europesays.com\/fr\/wp-json\/wp\/v2\/users\/2"}],"replies":[{"embeddable":true,"href":"https:\/\/www.europesays.com\/fr\/wp-json\/wp\/v2\/comments?post=571462"}],"version-history":[{"count":0,"href":"https:\/\/www.europesays.com\/fr\/wp-json\/wp\/v2\/posts\/571462\/revisions"}],"wp:featuredmedia":[{"embeddable":true,"href":"https:\/\/www.europesays.com\/fr\/wp-json\/wp\/v2\/media\/571463"}],"wp:attachment":[{"href":"https:\/\/www.europesays.com\/fr\/wp-json\/wp\/v2\/media?parent=571462"}],"wp:term":[{"taxonomy":"category","embeddable":true,"href":"https:\/\/www.europesays.com\/fr\/wp-json\/wp\/v2\/categories?post=571462"},{"taxonomy":"post_tag","embeddable":true,"href":"https:\/\/www.europesays.com\/fr\/wp-json\/wp\/v2\/tags?post=571462"}],"curies":[{"name":"wp","href":"https:\/\/api.w.org\/{rel}","templated":true}]}}