{"id":571464,"date":"2025-12-01T18:17:12","date_gmt":"2025-12-01T18:17:12","guid":{"rendered":"https:\/\/www.europesays.com\/fr\/571464\/"},"modified":"2025-12-01T18:17:12","modified_gmt":"2025-12-01T18:17:12","slug":"lincendie-ayant-fait-cinq-morts-a-neuves-maisons-etait-volontaire-affirme-le-procureur","status":"publish","type":"post","link":"https:\/\/www.europesays.com\/fr\/571464\/","title":{"rendered":"L\u2019incendie ayant fait cinq morts \u00e0 Neuves-Maisons \u00e9tait volontaire, affirme le procureur"},"content":{"rendered":"<p>Le drame n\u2019\u00e9tait pas un accident. L\u2019incendie d\u2019un logement qui a tu\u00e9 cinq personnes dont deux adolescents <a href=\"https:\/\/www.20minutes.fr\/faits_divers\/4188940-20251201-meurthe-moselle-sait-terrible-incendie-fait-cinq-morts\" class=\"c-link c-link--is-underlined\" target=\"_blank\" rel=\"noopener\">dimanche \u00e0 Neuves-Maisons<\/a> (<a href=\"https:\/\/www.20minutes.fr\/dossier\/meurthe-et-moselle\" class=\"c-link c-link--is-underlined\" target=\"_blank\" rel=\"noopener\">Meurthe-et-Moselle<\/a>) \u00e9tait volontaire, a indiqu\u00e9 lundi le procureur de la R\u00e9publique de Nancy, Fran\u00e7ois Capin-Dulhoste.<\/p>\n<p>\u00ab\u00a0Les constatations techniques r\u00e9alis\u00e9es aujourd\u2019hui ont mis en \u00e9vidence l\u2019intervention d\u2019un tiers dans le d\u00e9clenchement du sinistre\u00a0\u00bb, pr\u00e9cise le procureur dans un communiqu\u00e9. L\u2019enqu\u00eate men\u00e9e l\u2019est d\u00e9sormais pour <a href=\"https:\/\/www.20minutes.fr\/dossier\/incendie_criminel\" class=\"c-link c-link--is-underlined\" target=\"_blank\" rel=\"noopener\">incendie volontaire ayant entra\u00een\u00e9 la mort<\/a>, un crime passible de la r\u00e9clusion \u00e0 perp\u00e9tuit\u00e9. La direction de l\u2019enqu\u00eate a \u00e9t\u00e9 confi\u00e9e \u00e0 la section de recherches de la gendarmerie de Nancy.<\/p>\n<\/p>\n<p>L\u2019incendie est survenu vers 3h20 du matin dimanche au domicile d\u2019une famille de quatre personnes. Les deux parents, \u00e2g\u00e9s de 59 et 60 ans, un de leurs fils, \u00e2g\u00e9 de 16 ans, ainsi que deux amis de leurs enfants, \u00e2g\u00e9s de 16 et 20 ans, ont perdu la vie.<\/p>\n<p>Fum\u00e9es mortelles<\/p>\n<p>Le deuxi\u00e8me enfant de la famille, \u00e2g\u00e9 de 22 ans, s\u2019en est tir\u00e9 avec des blessures l\u00e9g\u00e8res. Il s\u2019\u00e9tait \u00e9chapp\u00e9 par les toits, selon Pascal Schneider, maire de cette commune de quelque 7.000 habitants en p\u00e9riph\u00e9rie de Nancy, et avait pu donner l\u2019alerte, selon le pr\u00e9fet, Yves S\u00e9guy.<\/p>\n<p>Le sinistre a touch\u00e9 un b\u00e2timent de trois niveaux comprenant un magasin au rez-de-chauss\u00e9e. \u00ab\u00a0La famille semblait occuper le dernier \u00e9tage de cet immeuble et a \u00e9t\u00e9 victime notamment des fum\u00e9es\u00a0\u00bb, a d\u00e9clar\u00e9 dimanche le pr\u00e9fet. Au total, 70 pompiers sont intervenus avec une trentaine de v\u00e9hicules pour \u00e9teindre l\u2019incendie survenu dans le centre de <a href=\"https:\/\/www.20minutes.fr\/societe\/4189117-20251201-meurthe-moselle-incendie-fait-cinq-morts-neuves-maisons-volontaire-affirme-procureur\" class=\"c-link c-link--is-underlined\" target=\"_blank\" rel=\"noopener\">Neuves-Maisons<\/a>. Ils ont indiqu\u00e9 \u00eatre parvenus \u00e0 ma\u00eetriser le feu \u00ab\u00a0assez rapidement\u00a0\u00bb.<\/p>\n","protected":false},"excerpt":{"rendered":"Le drame n\u2019\u00e9tait pas un accident. L\u2019incendie d\u2019un logement qui a tu\u00e9 cinq personnes dont deux adolescents dimanche&hellip;\n","protected":false},"author":2,"featured_media":571465,"comment_status":"","ping_status":"","sticky":false,"template":"","format":"standard","meta":{"footnotes":""},"categories":[4],"tags":[47,11,118,1011,27,775,1310,23559,776,3457,1702,12,25,104],"class_list":{"0":"post-571464","1":"post","2":"type-post","3":"status-publish","4":"format-standard","5":"has-post-thumbnail","7":"category-france","8":"tag-actualite","9":"tag-actualites","10":"tag-faits-divers","11":"tag-fr","12":"tag-france","13":"tag-grand-est","14":"tag-incendie","15":"tag-incendie-criminel","16":"tag-lorraine","17":"tag-meurthe-et-moselle","18":"tag-nancy","19":"tag-news","20":"tag-republique-francaise","21":"tag-societe"},"share_on_mastodon":{"url":"https:\/\/pubeurope.com\/@fr\/115645687095176095","error":""},"_links":{"self":[{"href":"https:\/\/www.europesays.com\/fr\/wp-json\/wp\/v2\/posts\/571464","targetHints":{"allow":["GET"]}}],"collection":[{"href":"https:\/\/www.europesays.com\/fr\/wp-json\/wp\/v2\/posts"}],"about":[{"href":"https:\/\/www.europesays.com\/fr\/wp-json\/wp\/v2\/types\/post"}],"author":[{"embeddable":true,"href":"https:\/\/www.europesays.com\/fr\/wp-json\/wp\/v2\/users\/2"}],"replies":[{"embeddable":true,"href":"https:\/\/www.europesays.com\/fr\/wp-json\/wp\/v2\/comments?post=571464"}],"version-history":[{"count":0,"href":"https:\/\/www.europesays.com\/fr\/wp-json\/wp\/v2\/posts\/571464\/revisions"}],"wp:featuredmedia":[{"embeddable":true,"href":"https:\/\/www.europesays.com\/fr\/wp-json\/wp\/v2\/media\/571465"}],"wp:attachment":[{"href":"https:\/\/www.europesays.com\/fr\/wp-json\/wp\/v2\/media?parent=571464"}],"wp:term":[{"taxonomy":"category","embeddable":true,"href":"https:\/\/www.europesays.com\/fr\/wp-json\/wp\/v2\/categories?post=571464"},{"taxonomy":"post_tag","embeddable":true,"href":"https:\/\/www.europesays.com\/fr\/wp-json\/wp\/v2\/tags?post=571464"}],"curies":[{"name":"wp","href":"https:\/\/api.w.org\/{rel}","templated":true}]}}