{"id":571474,"date":"2025-12-01T18:25:30","date_gmt":"2025-12-01T18:25:30","guid":{"rendered":"https:\/\/www.europesays.com\/fr\/571474\/"},"modified":"2025-12-01T18:25:30","modified_gmt":"2025-12-01T18:25:30","slug":"recital-de-piano-avec-svetlana-navasardyan","status":"publish","type":"post","link":"https:\/\/www.europesays.com\/fr\/571474\/","title":{"rendered":"R\u00e9cital de piano avec Svetlana Navasardyan"},"content":{"rendered":"<p>Figure internationale du piano form\u00e9e au conservatoire Tcha\u00efkovski de Moscou, la pianiste arm\u00e9nienne Svetlana Navasardyan se produira \u00e0 Nancy mardi 2\u00a0d\u00e9cembre. Elle interpr\u00e9tera des \u0153uvres de Mozart, Brahms, Chopin, Komitas et Khatchatourian.<\/p>\n<p class=\"note\">Mardi 2\u00a0d\u00e9cembre, \u00e0 19\u00a0h\u00a030, grand salon de l\u2019h\u00f4tel de ville, 1, place Stanislas, \u00e0 Nancy. Tarif\u00a0: 20\u00a0\u20ac. R\u00e9servations sur www.payasso.fr<\/p>\n","protected":false},"excerpt":{"rendered":"Figure internationale du piano form\u00e9e au conservatoire Tcha\u00efkovski de Moscou, la pianiste arm\u00e9nienne Svetlana Navasardyan se produira \u00e0&hellip;\n","protected":false},"author":2,"featured_media":571475,"comment_status":"","ping_status":"","sticky":false,"template":"","format":"standard","meta":{"footnotes":""},"categories":[9635],"tags":[1111,11,1687,1704,1777,674,1011,27,775,873,1702,1703,12,25],"class_list":{"0":"post-571474","1":"post","2":"type-post","3":"status-publish","4":"format-standard","5":"has-post-thumbnail","7":"category-nancy","8":"tag-actu","9":"tag-actualites","10":"tag-culture-loisirs","11":"tag-edition-nancy-et-agglomeration","12":"tag-eu","13":"tag-europe","14":"tag-fr","15":"tag-france","16":"tag-grand-est","17":"tag-musique","18":"tag-nancy","19":"tag-nancy-ville-54b","20":"tag-news","21":"tag-republique-francaise"},"share_on_mastodon":{"url":"https:\/\/pubeurope.com\/@fr\/115645718440533886","error":""},"_links":{"self":[{"href":"https:\/\/www.europesays.com\/fr\/wp-json\/wp\/v2\/posts\/571474","targetHints":{"allow":["GET"]}}],"collection":[{"href":"https:\/\/www.europesays.com\/fr\/wp-json\/wp\/v2\/posts"}],"about":[{"href":"https:\/\/www.europesays.com\/fr\/wp-json\/wp\/v2\/types\/post"}],"author":[{"embeddable":true,"href":"https:\/\/www.europesays.com\/fr\/wp-json\/wp\/v2\/users\/2"}],"replies":[{"embeddable":true,"href":"https:\/\/www.europesays.com\/fr\/wp-json\/wp\/v2\/comments?post=571474"}],"version-history":[{"count":0,"href":"https:\/\/www.europesays.com\/fr\/wp-json\/wp\/v2\/posts\/571474\/revisions"}],"wp:featuredmedia":[{"embeddable":true,"href":"https:\/\/www.europesays.com\/fr\/wp-json\/wp\/v2\/media\/571475"}],"wp:attachment":[{"href":"https:\/\/www.europesays.com\/fr\/wp-json\/wp\/v2\/media?parent=571474"}],"wp:term":[{"taxonomy":"category","embeddable":true,"href":"https:\/\/www.europesays.com\/fr\/wp-json\/wp\/v2\/categories?post=571474"},{"taxonomy":"post_tag","embeddable":true,"href":"https:\/\/www.europesays.com\/fr\/wp-json\/wp\/v2\/tags?post=571474"}],"curies":[{"name":"wp","href":"https:\/\/api.w.org\/{rel}","templated":true}]}}