{"id":571476,"date":"2025-12-01T18:27:22","date_gmt":"2025-12-01T18:27:22","guid":{"rendered":"https:\/\/www.europesays.com\/fr\/571476\/"},"modified":"2025-12-01T18:27:22","modified_gmt":"2025-12-01T18:27:22","slug":"larrete-du-maire-de-la-seyne-attaque","status":"publish","type":"post","link":"https:\/\/www.europesays.com\/fr\/571476\/","title":{"rendered":"l\u2019arr\u00eat\u00e9 du maire de La Seyne attaqu\u00e9"},"content":{"rendered":"<p class=\"fs-5 \">Le 31\u00a0octobre dernier, le maire de La Seyne Joseph Minniti signait un arr\u00eat\u00e9 municipal r\u00e9glementant la consommation d\u2019alcool sur la voie publique.<\/p>\n<p class=\"fs-5 \">Comme l\u2019impose la loi, cette mesure (qui n\u2019est pas in\u00e9dite \u00e0 La Seyne) est limit\u00e9e dans le temps (jusqu\u2019au 18\u00a0janvier 2026) et s\u2019applique \u00e0 un p\u00e9rim\u00e8tre restreint. La liste d\u2019une trentaine de rues et places, essentiellement en centre-ville et aux Sablettes, est mentionn\u00e9e dans le texte consultable sur le site Internet de la commune.<\/p>\n<p class=\"fs-5 \">Afin de justifier cette d\u00e9cision, l\u2019arr\u00eat\u00e9 \u00e9voque \u00ab\u00a0les r\u00e9clamations croissantes de riverains, usagers et commer\u00e7ants adress\u00e9s \u00e0 la Ville faisant \u00e9tat de troubles li\u00e9s \u00e0 la consommation d\u2019alcool\u00a0\u00bb. Il mentionne en outre \u00ab\u00a0les nombreux constats \u00e9tablis par la police municipale relatifs \u00e0 des troubles \u00e0 l\u2019ordre public\u00a0\u00bb.<\/p>\n<\/p>\n<p class=\"fs-5 \">Ce lundi, le maire de La Seyne indique dans un post sur ses r\u00e9seaux sociaux que ledit arr\u00eat\u00e9 a \u00e9t\u00e9 attaqu\u00e9 par l\u2019association Vigie Libert\u00e9s, connue pour ses recours contre des textes qu\u2019elle estime liberticides.<\/p>\n<p class=\"fs-5 \">Une action qui suscite la col\u00e8re du premier magistrat\u00a0: \u00ab\u00a0 Nous sommes l\u00e0 devant le typique cas d\u2019\u00e9cole d\u2019une association bien-pensante, d\u00e9connect\u00e9e des r\u00e9alit\u00e9s v\u00e9cues par les seynois, qui pr\u00e9tend nous faire la le\u00e7on\u00a0\u00bb.<\/p>\n<p class=\"fs-5 \">Joseph Minniti annonce par ailleurs qu\u2019il est convoqu\u00e9 le 4\u00a0d\u00e9cembre prochain devant le tribunal o\u00f9 il compte \u00ab\u00a0se battre jusqu\u2019au bout pour la tranquillit\u00e9 des Seynoises et des Seynois\u00a0\u00bb.<\/p>\n","protected":false},"excerpt":{"rendered":"Le 31\u00a0octobre dernier, le maire de La Seyne Joseph Minniti signait un arr\u00eat\u00e9 municipal r\u00e9glementant la consommation d\u2019alcool&hellip;\n","protected":false},"author":2,"featured_media":571477,"comment_status":"","ping_status":"","sticky":false,"template":"","format":"standard","meta":{"footnotes":""},"categories":[9619],"tags":[1111,11,1777,674,1011,27,12,882,25,2310],"class_list":{"0":"post-571476","1":"post","2":"type-post","3":"status-publish","4":"format-standard","5":"has-post-thumbnail","7":"category-toulon","8":"tag-actu","9":"tag-actualites","10":"tag-eu","11":"tag-europe","12":"tag-fr","13":"tag-france","14":"tag-news","15":"tag-provence-alpes-cote-dazur","16":"tag-republique-francaise","17":"tag-toulon"},"share_on_mastodon":{"url":"https:\/\/pubeurope.com\/@fr\/115645726248770743","error":""},"_links":{"self":[{"href":"https:\/\/www.europesays.com\/fr\/wp-json\/wp\/v2\/posts\/571476","targetHints":{"allow":["GET"]}}],"collection":[{"href":"https:\/\/www.europesays.com\/fr\/wp-json\/wp\/v2\/posts"}],"about":[{"href":"https:\/\/www.europesays.com\/fr\/wp-json\/wp\/v2\/types\/post"}],"author":[{"embeddable":true,"href":"https:\/\/www.europesays.com\/fr\/wp-json\/wp\/v2\/users\/2"}],"replies":[{"embeddable":true,"href":"https:\/\/www.europesays.com\/fr\/wp-json\/wp\/v2\/comments?post=571476"}],"version-history":[{"count":0,"href":"https:\/\/www.europesays.com\/fr\/wp-json\/wp\/v2\/posts\/571476\/revisions"}],"wp:featuredmedia":[{"embeddable":true,"href":"https:\/\/www.europesays.com\/fr\/wp-json\/wp\/v2\/media\/571477"}],"wp:attachment":[{"href":"https:\/\/www.europesays.com\/fr\/wp-json\/wp\/v2\/media?parent=571476"}],"wp:term":[{"taxonomy":"category","embeddable":true,"href":"https:\/\/www.europesays.com\/fr\/wp-json\/wp\/v2\/categories?post=571476"},{"taxonomy":"post_tag","embeddable":true,"href":"https:\/\/www.europesays.com\/fr\/wp-json\/wp\/v2\/tags?post=571476"}],"curies":[{"name":"wp","href":"https:\/\/api.w.org\/{rel}","templated":true}]}}