{"id":571478,"date":"2025-12-01T18:29:12","date_gmt":"2025-12-01T18:29:12","guid":{"rendered":"https:\/\/www.europesays.com\/fr\/571478\/"},"modified":"2025-12-01T18:29:12","modified_gmt":"2025-12-01T18:29:12","slug":"football-la-slovenie-cherche-un-nouveau-selectionneur-sport","status":"publish","type":"post","link":"https:\/\/www.europesays.com\/fr\/571478\/","title":{"rendered":"Football. La Slov\u00e9nie cherche un nouveau s\u00e9lectionneur . Sport"},"content":{"rendered":"<p>Le s\u00e9lectionneur de la Slov\u00e9nie, Matjaz Kek, apr\u00e8s avoir \u00e9chou\u00e9 \u00e0 qualifier l\u2019\u00e9quipe nationale pour le Mondial-2026, ne s\u2019est pas vu proposer de nouveau contrat par la F\u00e9d\u00e9ration slov\u00e8ne de football (NZS), qui lui cherche un successeur, a annonc\u00e9 l\u2019instance ce lundi 2\u00a0d\u00e9cembre.<\/p>\n<p><strong>Lire aussi\u00a0:<\/strong> <a href=\"https:\/\/rennes.maville.com\/sport\/detail_-coupe-du-monde-2026.-l-espagne-titree-la-france-sur-le-podium...-opta-devoile-ses-premieres-predictions-_54135-7088535_actu.Htm\" target=\"_blank\" rel=\"noopener\"> Coupe du monde 2026. L\u2019Espagne titr\u00e9e, la France sur le podium\u2026 Opta d\u00e9voile ses premi\u00e8res pr\u00e9dictions<\/a><\/p>\n<p>\u00a0Nous sommes tomb\u00e9s d\u2019accord sur le fait qu\u2019apr\u00e8s sept ans d\u2019une tr\u00e8s bonne collaboration, marqu\u00e9e par une qualification r\u00e9ussie pour le Championnat d\u2019Europe, le temps \u00e9tait venu de mettre un terme \u00e0 notre collaboration\u00a0, a d\u00e9clar\u00e9 la NZS dans un communiqu\u00e9. \u00a0Nous allons choisir un nouveau s\u00e9lectionneur en prenant notre temps\u00a0, a ajout\u00e9 l\u2019instance.<\/p>\n<p>Matjaz Kek a permis de qualifier la Slov\u00e9nie \u00e0 l\u2019Euro 2024<\/p>\n<p>Le contrat de Matjaz Kek, 64\u00a0ans, dont l\u2019\u00e9quipe a termin\u00e9 troisi\u00e8me du groupe B des qualifications pour le Mondial-2026 derri\u00e8re la Suisse et le Kosovo, expirait fin novembre. Lors de son premier mandat de s\u00e9lectionneur (2007-2011), il \u00e9tait parvenu \u00e0 qualifier la Slov\u00e9nie pour le Coupe du monde 2010 en Afrique du Sud. Son deuxi\u00e8me mandat, entam\u00e9 en 2018, a permis \u00e0 la Slov\u00e9nie, apr\u00e8s 24\u00a0ans d\u2019absence, de se qualifier pour la phase finale de l\u2019Euro-2024 o\u00f9 elle avait \u00e9t\u00e9 \u00e9limin\u00e9e d\u00e8s la phase de poules.<\/p>\n<p>\u00a0<\/p>\n","protected":false},"excerpt":{"rendered":"Le s\u00e9lectionneur de la Slov\u00e9nie, Matjaz Kek, apr\u00e8s avoir \u00e9chou\u00e9 \u00e0 qualifier l\u2019\u00e9quipe nationale pour le Mondial-2026, ne&hellip;\n","protected":false},"author":2,"featured_media":571479,"comment_status":"","ping_status":"","sticky":false,"template":"","format":"standard","meta":{"footnotes":""},"categories":[9619],"tags":[1111,11,3809,1465,1777,674,63,1011,27,1792,1922,12,882,25,479,517,2310,1470],"class_list":{"0":"post-571478","1":"post","2":"type-post","3":"status-publish","4":"format-standard","5":"has-post-thumbnail","7":"category-toulon","8":"tag-actu","9":"tag-actualites","10":"tag-ball","11":"tag-basket","12":"tag-eu","13":"tag-europe","14":"tag-football","15":"tag-fr","16":"tag-france","17":"tag-handball","18":"tag-info","19":"tag-news","20":"tag-provence-alpes-cote-dazur","21":"tag-republique-francaise","22":"tag-rugby","23":"tag-sport","24":"tag-toulon","25":"tag-volley"},"share_on_mastodon":{"url":"https:\/\/pubeurope.com\/@fr\/115645734224232528","error":""},"_links":{"self":[{"href":"https:\/\/www.europesays.com\/fr\/wp-json\/wp\/v2\/posts\/571478","targetHints":{"allow":["GET"]}}],"collection":[{"href":"https:\/\/www.europesays.com\/fr\/wp-json\/wp\/v2\/posts"}],"about":[{"href":"https:\/\/www.europesays.com\/fr\/wp-json\/wp\/v2\/types\/post"}],"author":[{"embeddable":true,"href":"https:\/\/www.europesays.com\/fr\/wp-json\/wp\/v2\/users\/2"}],"replies":[{"embeddable":true,"href":"https:\/\/www.europesays.com\/fr\/wp-json\/wp\/v2\/comments?post=571478"}],"version-history":[{"count":0,"href":"https:\/\/www.europesays.com\/fr\/wp-json\/wp\/v2\/posts\/571478\/revisions"}],"wp:featuredmedia":[{"embeddable":true,"href":"https:\/\/www.europesays.com\/fr\/wp-json\/wp\/v2\/media\/571479"}],"wp:attachment":[{"href":"https:\/\/www.europesays.com\/fr\/wp-json\/wp\/v2\/media?parent=571478"}],"wp:term":[{"taxonomy":"category","embeddable":true,"href":"https:\/\/www.europesays.com\/fr\/wp-json\/wp\/v2\/categories?post=571478"},{"taxonomy":"post_tag","embeddable":true,"href":"https:\/\/www.europesays.com\/fr\/wp-json\/wp\/v2\/tags?post=571478"}],"curies":[{"name":"wp","href":"https:\/\/api.w.org\/{rel}","templated":true}]}}