{"id":571484,"date":"2025-12-01T18:32:09","date_gmt":"2025-12-01T18:32:09","guid":{"rendered":"https:\/\/www.europesays.com\/fr\/571484\/"},"modified":"2025-12-01T18:32:09","modified_gmt":"2025-12-01T18:32:09","slug":"qui-sest-dit-que-cest-une-bonne-idee","status":"publish","type":"post","link":"https:\/\/www.europesays.com\/fr\/571484\/","title":{"rendered":"\u00ab Qui s\u2019est dit que c\u2019est une bonne id\u00e9e ? \u00bb"},"content":{"rendered":"<p>                    Par<br \/>\n        <strong><br \/>\n            <a href=\"https:\/\/actu.fr\/auteur\/adrien-filoche\" title=\"Consulter tous les articles de Adrien Filoche\" target=\"_blank\" rel=\"noopener\">Adrien Filoche<\/a><br \/>\n                    <\/strong><\/p>\n<p>        Publi\u00e9 le<\/p>\n<p>            1 d\u00e9c. 2025 \u00e0 19h18        <\/p>\n<p><strong>C\u2019est ce qu\u2019on appelle un bad buzz.<\/strong> Fin novembre\u00a02025, une vid\u00e9o a \u00e9t\u00e9 post\u00e9e sur le compte Instagram de la <a href=\"https:\/\/actu.fr\/normandie\/rouen_76540\" target=\"_blank\" rel=\"noopener\">Ville de Rouen.<\/a> On y retrouve une annonce de la tenue du <strong>championnat normand du pull moche de No\u00ebl<\/strong>, un \u00e9v\u00e8nement d\u00e9sormais bien connu des Rouennais qui doit se d\u00e9rouler cette ann\u00e9e le dimanche 14\u00a0d\u00e9cembre 2025 sur la place de la Cath\u00e9drale. Sauf que cette vid\u00e9o a \u00e9t\u00e9 cr\u00e9\u00e9e en ayant recours \u00e0 <a href=\"https:\/\/actu.fr\/tag\/intelligence-artificielle\" target=\"_blank\" rel=\"noopener\">l\u2019intelligence artificielle.<\/a> Certains internautes critiquent le rendu final, tandis qu\u2019une grande majorit\u00e9 se d\u00e9sole de contempler une \u00e9ni\u00e8me vid\u00e9o g\u00e9n\u00e9r\u00e9e par l\u2019IA.<\/p>\n<p>\u00ab\u2009Une honte d\u2019utiliser l\u2019IA\u2009!\u2009\u00bb<\/p>\n<p class=\" wall-content\">\u00ab\u2009Mais qui s\u2019est dit \u2018tiens c\u2019est une bonne id\u00e9e\u2009?\u2019 \u00bb, \u00ab Une honte d\u2019utiliser l\u2019IA\u2009!\u2009\u00bb, \u00ab\u2009Sinon, il y a d\u2019excellent.es vid\u00e9astes \u00e0 Rouen\u2009\u00bb, soul\u00e8vent des internautes dans les commentaires sous la publication Instagram de la municipalit\u00e9.<\/p>\n<p class=\" wall-content\">Une autre personne ironise\u2009: \u00ab\u2009Encore un com\u00e9dien qui n\u2019a pas \u00e9t\u00e9 pay\u00e9. Bravo\u2009!\u2009\u00bb<\/p>\n<blockquote class=\"ac-article-quote wall-content\">\n<p>Et pourquoi ne pas soutenir les humains artistes et permettre \u00e0 leur cr\u00e9ativit\u00e9 de s&rsquo;exprimer plut\u00f4t que de tomber dans la facilit\u00e9 de l&rsquo;IA ? C&rsquo;est une question d&rsquo;\u00e9conomie ? Un choix politique de non-soutien \u00e0 la culture ? Pour cr\u00e9er du bad buzz et faire parler de vous ? C&rsquo;est tr\u00e8s triste en tout cas.<\/p>\n<p>    <strong>Un internaute<\/strong>\n            <\/p><\/blockquote>\n<p class=\" wall-content\">Pour une municipalit\u00e9 qui revendique des aspirations \u00e9cologiques, la pilule ne passe pas. \u00ab\u2009Si c\u2019est bien de l\u2019IA g\u00e9n\u00e9rative, pour rappel, c\u2019est une technologie au bilan environnemental catastrophique, de plus en plus utilis\u00e9e \u00e0 des fins d\u2019escroquerie et de d\u00e9sinformation et nourrie par le vol du travail de v\u00e9ritables artistes. Vous contribuez malheureusement \u00e0 la d\u00e9gradation du web en publiant des contenus g\u00e9n\u00e9riques et sans \u00e2me\u2009\u00bb, l\u00e2che une internaute.<\/p>\n<p>\u00ab\u2009Ce sont des Rouennais qui ont fait la vid\u00e9o\u2009\u00bb<\/p>\n<p class=\" wall-content\">Concernant cette vid\u00e9o, elle a \u00e9t\u00e9 r\u00e9alis\u00e9e par Singulier Pluriel, un prestataire de la Ville de Rouen. <strong>Hugo Dermien<\/strong>, associ\u00e9 chez l\u2019agence rouennaise, tente d\u2019\u00e9teindre le feu\u2009: \u00ab\u2009Ce sont des Rouennais qui ont fait la vid\u00e9o, ce sont des techniciens, des humains. On utilise simplement des outils qui sont \u00e0 notre disposition. Aujourd\u2019hui, c\u2019est un sujet de soci\u00e9t\u00e9 qui interpelle, mais qui n\u2019interpellait pas il y a plusieurs ann\u00e9es. On sait que c\u2019est un sujet qui fait r\u00e9agir.\u2009\u00bb<\/p>\n<p class=\" wall-content\"><strong>La vid\u00e9o en question\u2009:<\/strong><\/p>\n<p class=\" wall-content\"><a href=\"https:\/\/www.instagram.com\/p\/DRc2ycuiv42\/embed\" title=\"Ouvrir le lien sur Instagram\" target=\"_blank\" rel=\"noopener\">Visualiser le contenu sur Instagram<\/a><\/p>\n<p class=\" wall-content\">L\u2019associ\u00e9 rappelle ainsi que ce n\u2019est pas la premi\u00e8re ann\u00e9e que la municipalit\u00e9 collabore avec son agence, notamment pour la communication autour du championnat du pull moche. \u00ab\u2009Cela fait trois ans que l\u2019on s\u2019inspire d\u2019une banque d\u2019images avec des personnages tir\u00e9s des ann\u00e9es 1980. On fait \u00e0 chaque fois quelque chose de d\u00e9cal\u00e9. Il y a une ligne artistique que l\u2019on respecte\u2009\u00bb, assure-t-il.<\/p>\n<p>Votre r\u00e9gion, votre actu !<\/p>\n<p>Recevez chaque jour les infos qui comptent pour vous.<\/p>\n<p>\t<a href=\"https:\/\/actu.fr\/newsletter\" class=\"ac-btn ac-btn--corner ac-btn--medium ac-btn--blue800\" target=\"_blank\" rel=\"noopener\">S&rsquo;incrire<\/a><\/p>\n<p class=\" wall-content\">Pour la vid\u00e9o de cette ann\u00e9e, il explique que<strong> les personnes qui ont travaill\u00e9 dessus ont reconstitu\u00e9 le pull moche qui a gagn\u00e9 le concours de 2024.<\/strong> \u00ab\u2009On l\u2019a redessin\u00e9, on l\u2019a ensuite mis sur une personne que l\u2019on a anim\u00e9e. Derri\u00e8re, il y a du travail\u2009: une personne qui redessine le pull, qui anime le personnage, une qui r\u00e9dige le texte, qui pose et enregistre sa voix\u2009\u00bb, poursuit Hugo Dermien. Suffisant pour calmer le feu sous la publication ?<\/p>\n<p class=\" wall-content\">Interrog\u00e9e par 76actu, la Ville de Rouen n\u2019a pas souhait\u00e9 apporter de commentaires.<\/p>\n<p>Suivez l\u2019actualit\u00e9 de Rouen sur <a href=\"https:\/\/www.whatsapp.com\/channel\/0029VaKfnf99hXF2ddApFB1D\" target=\"_blank\" rel=\"noopener\">notre cha\u00eene WhatsApp<\/a> et sur <a href=\"https:\/\/www.tiktok.com\/@76actu.fr?lang=fr\" target=\"_blank\" rel=\"noopener\">notre compte TikTok<\/a><\/p>\n<p class=\" wall-content\">Personnalisez votre actualit\u00e9 en ajoutant vos villes et m\u00e9dias en favori avec <a href=\"https:\/\/moncompte.actu.fr\" title=\"D\u00e9couvez Mon Actu\" rel=\"nofollow noopener\" data-trk=\"{&quot;cta&quot;:{&quot;action&quot;:&quot;https:\\\/\\\/moncompte.actu.fr&quot;,&quot;category&quot;:&quot;mon compte&quot;,&quot;from&quot;:&quot;article footer&quot;,&quot;name&quot;:&quot;Mon actu&quot;,&quot;type&quot;:&quot;cta&quot;}}\" target=\"_blank\">Mon Actu<\/a>.<\/p>\n<p>                    <script async src=\"\/\/www.instagram.com\/embed.js\"><\/script><script async src=\"\/\/www.tiktok.com\/embed.js\"><\/script><\/p>\n","protected":false},"excerpt":{"rendered":"Par Adrien Filoche Publi\u00e9 le 1 d\u00e9c. 2025 \u00e0 19h18 C\u2019est ce qu\u2019on appelle un bad buzz. Fin&hellip;\n","protected":false},"author":2,"featured_media":571485,"comment_status":"","ping_status":"","sticky":false,"template":"","format":"standard","meta":{"footnotes":""},"categories":[9587],"tags":[1111,11,1777,674,1011,27,223,12,15830,5161,25,9590,2631],"class_list":{"0":"post-571484","1":"post","2":"type-post","3":"status-publish","4":"format-standard","5":"has-post-thumbnail","7":"category-rouen","8":"tag-actu","9":"tag-actualites","10":"tag-eu","11":"tag-europe","12":"tag-fr","13":"tag-france","14":"tag-intelligence-artificielle","15":"tag-news","16":"tag-noel","17":"tag-normandie","18":"tag-republique-francaise","19":"tag-rouen","20":"tag-sciences-technologie"},"share_on_mastodon":{"url":"https:\/\/pubeurope.com\/@fr\/115645746060339189","error":""},"_links":{"self":[{"href":"https:\/\/www.europesays.com\/fr\/wp-json\/wp\/v2\/posts\/571484","targetHints":{"allow":["GET"]}}],"collection":[{"href":"https:\/\/www.europesays.com\/fr\/wp-json\/wp\/v2\/posts"}],"about":[{"href":"https:\/\/www.europesays.com\/fr\/wp-json\/wp\/v2\/types\/post"}],"author":[{"embeddable":true,"href":"https:\/\/www.europesays.com\/fr\/wp-json\/wp\/v2\/users\/2"}],"replies":[{"embeddable":true,"href":"https:\/\/www.europesays.com\/fr\/wp-json\/wp\/v2\/comments?post=571484"}],"version-history":[{"count":0,"href":"https:\/\/www.europesays.com\/fr\/wp-json\/wp\/v2\/posts\/571484\/revisions"}],"wp:featuredmedia":[{"embeddable":true,"href":"https:\/\/www.europesays.com\/fr\/wp-json\/wp\/v2\/media\/571485"}],"wp:attachment":[{"href":"https:\/\/www.europesays.com\/fr\/wp-json\/wp\/v2\/media?parent=571484"}],"wp:term":[{"taxonomy":"category","embeddable":true,"href":"https:\/\/www.europesays.com\/fr\/wp-json\/wp\/v2\/categories?post=571484"},{"taxonomy":"post_tag","embeddable":true,"href":"https:\/\/www.europesays.com\/fr\/wp-json\/wp\/v2\/tags?post=571484"}],"curies":[{"name":"wp","href":"https:\/\/api.w.org\/{rel}","templated":true}]}}