{"id":571496,"date":"2025-12-01T18:38:13","date_gmt":"2025-12-01T18:38:13","guid":{"rendered":"https:\/\/www.europesays.com\/fr\/571496\/"},"modified":"2025-12-01T18:38:13","modified_gmt":"2025-12-01T18:38:13","slug":"strasbourg-le-nouveau-prefet-du-bas-rhin-et-du-grand-est-amaury-de-saint-quentin-prend-ses-fonctions","status":"publish","type":"post","link":"https:\/\/www.europesays.com\/fr\/571496\/","title":{"rendered":"Strasbourg. Le nouveau pr\u00e9fet du Bas-Rhin et du Grand Est, Amaury de Saint-Quentin, prend ses fonctions"},"content":{"rendered":"<p>Amaury de Saint-Quentin, 65 ans le 24\u00a0d\u00e9cembre, vient de prendre ses fonctions de pr\u00e9fet du Bas-Rhin et de la r\u00e9gion Grand Est. <a href=\"https:\/\/www.dna.fr\/politique\/2025\/11\/19\/amaury-de-saint-quentin-nouveau-prefet-du-grand-est-et-du-bas-rhin\" target=\"_blank\" rel=\"noopener\">Le nouveau repr\u00e9sentant de l\u2019\u00c9tat arrive de Bretagne, o\u00f9 il \u00e9tait en poste (\u00e0 Rennes) depuis octobre\u00a02024<\/a>. Il remplace \u00e0 Strasbourg Jacques Witkowski, nomm\u00e9 \u00e0 la t\u00eate de la pr\u00e9fecture de Provence-Alpes-C\u00f4te d\u2019Azur, \u00e0 Marseille, o\u00f9 il sera notamment charg\u00e9 de lutter contre le narcotrafic.<\/p>\n<p>Amaury de Saint-Quentin \u00e9tait pr\u00e9sent ce lundi \u00e0 Strasbourg au c\u00f4t\u00e9 de <a href=\"https:\/\/www.dna.fr\/p\/jeanne-barseghian\" target=\"_blank\" rel=\"noopener\">Jeanne Barseghian<\/a>, maire de Strasbourg, et de Pierre Meyer, officier g\u00e9n\u00e9ral de zone de d\u00e9fense Est, lors d\u2019une c\u00e9r\u00e9monie de prise de fonctions.<\/p>\n<p>Le nouveau pr\u00e9fet du Bas-Rhin a d\u2019abord men\u00e9 une carri\u00e8re politique, notamment au cabinet d\u2019\u00c9douard Balladur, alors Premier ministre (1993) et au cabinet de Mich\u00e8le Alliot-Marie, ministre de la D\u00e9fense puis de l\u2019Int\u00e9rieur. Il a ensuite \u00e9t\u00e9 \u00e9lu conseiller g\u00e9n\u00e9ral dans le d\u00e9partement de l\u2019Orne puis vice-pr\u00e9sident de ce m\u00eame d\u00e9partement. Il a travaill\u00e9 au si\u00e8ge du RPR, anc\u00eatre des LR.<\/p>\n<p>Entr\u00e9 dans la pr\u00e9fectorale, il a repr\u00e9sent\u00e9 l\u2019\u00c9tat en Ard\u00e8che, en Guadeloupe, \u00e0 la R\u00e9union, dans le Val-d\u2019Oise puis en Corse, avec un d\u00e9tour par l\u2019Agence r\u00e9gionale de sant\u00e9 (ARS) de Haute-Normandie.<\/p>\n<p>Il fait partie de la relativement longue liste de pr\u00e9fets du Haut-Rhin et du Bas-Rhin pass\u00e9s par la Corse.<\/p>\n","protected":false},"excerpt":{"rendered":"Amaury de Saint-Quentin, 65 ans le 24\u00a0d\u00e9cembre, vient de prendre ses fonctions de pr\u00e9fet du Bas-Rhin et de&hellip;\n","protected":false},"author":2,"featured_media":571497,"comment_status":"","ping_status":"","sticky":false,"template":"","format":"standard","meta":{"footnotes":""},"categories":[2820],"tags":[1111,11,2389,2649,2880,1777,674,107,1011,27,775,12,316,25,640,2879],"class_list":{"0":"post-571496","1":"post","2":"type-post","3":"status-publish","4":"format-standard","5":"has-post-thumbnail","7":"category-strasbourg","8":"tag-actu","9":"tag-actualites","10":"tag-alsace","11":"tag-bas-rhin","12":"tag-edition-strasbourg","13":"tag-eu","14":"tag-europe","15":"tag-fil-info","16":"tag-fr","17":"tag-france","18":"tag-grand-est","19":"tag-news","20":"tag-politique","21":"tag-republique-francaise","22":"tag-strasbourg","23":"tag-strasbourg-ville"},"share_on_mastodon":{"url":"https:\/\/pubeurope.com\/@fr\/115645770576240817","error":""},"_links":{"self":[{"href":"https:\/\/www.europesays.com\/fr\/wp-json\/wp\/v2\/posts\/571496","targetHints":{"allow":["GET"]}}],"collection":[{"href":"https:\/\/www.europesays.com\/fr\/wp-json\/wp\/v2\/posts"}],"about":[{"href":"https:\/\/www.europesays.com\/fr\/wp-json\/wp\/v2\/types\/post"}],"author":[{"embeddable":true,"href":"https:\/\/www.europesays.com\/fr\/wp-json\/wp\/v2\/users\/2"}],"replies":[{"embeddable":true,"href":"https:\/\/www.europesays.com\/fr\/wp-json\/wp\/v2\/comments?post=571496"}],"version-history":[{"count":0,"href":"https:\/\/www.europesays.com\/fr\/wp-json\/wp\/v2\/posts\/571496\/revisions"}],"wp:featuredmedia":[{"embeddable":true,"href":"https:\/\/www.europesays.com\/fr\/wp-json\/wp\/v2\/media\/571497"}],"wp:attachment":[{"href":"https:\/\/www.europesays.com\/fr\/wp-json\/wp\/v2\/media?parent=571496"}],"wp:term":[{"taxonomy":"category","embeddable":true,"href":"https:\/\/www.europesays.com\/fr\/wp-json\/wp\/v2\/categories?post=571496"},{"taxonomy":"post_tag","embeddable":true,"href":"https:\/\/www.europesays.com\/fr\/wp-json\/wp\/v2\/tags?post=571496"}],"curies":[{"name":"wp","href":"https:\/\/api.w.org\/{rel}","templated":true}]}}