{"id":571498,"date":"2025-12-01T18:39:13","date_gmt":"2025-12-01T18:39:13","guid":{"rendered":"https:\/\/www.europesays.com\/fr\/571498\/"},"modified":"2025-12-01T18:39:13","modified_gmt":"2025-12-01T18:39:13","slug":"un-enorme-parc-dattractions-de-noel-gratuit-debarque-a-strasbourg-ce-week-end","status":"publish","type":"post","link":"https:\/\/www.europesays.com\/fr\/571498\/","title":{"rendered":"Un \u00e9norme parc d\u2019attractions de No\u00ebl gratuit d\u00e9barque \u00e0 Strasbourg ce week-end"},"content":{"rendered":"<p><strong>Le Makerland Festival revient, plus g\u00e9n\u00e9reux que jamais, avec son cocktail de bricolage, de num\u00e9rique d\u00e9complex\u00e9, d\u2019artisanat d\u00e9cal\u00e9 et de bonne humeur<\/strong>. Et le meilleur dans tout \u00e7a\u00a0? L\u2019entr\u00e9e est compl\u00e8tement gratuite\u00a0: la magie de No\u00ebl, la vraie\u00a0!<\/p>\n<p>&#13;<\/p>\n<blockquote class=\"instagram-media\" data-instgrm-permalink=\"https:\/\/www.instagram.com\/p\/DReohSGiF_V\/?utm_source=ig_embed&amp;utm_campaign=loading\" data-instgrm-version=\"14\" style=\"background: #FFF; border: 0; border-radius: 3px; box-shadow: 0 0 1px 0 rgba(0,0,0,0.5),0 1px 10px 0 rgba(0,0,0,0.15); margin: 1px; max-width: 540px; min-width: 326px; padding: 0; width: calc(100% - 2px);\"><p>&#13;<br \/>\n&#13;\n<\/p><\/blockquote>\n<p>&#13;<br \/>\n&#13;<br \/>\n<b>Un festival o\u00f9 la cr\u00e9ativit\u00e9 prend le pouvoir<\/b>&#13;<\/p>\n<p><strong>Une soixantaine de makers, inventeurs, artisans, artistes et bricoleurs \u00e9clair\u00e9s sont l\u00e0 juste pour transmettre leur passion.<\/strong> On passe d\u2019un atelier de gravure \u00e0 un labo d\u2019impression 3D, puis d\u2019une forge \u00e0 un petit coin o\u00f9 l\u2019on apprend \u00e0 fabriquer son propre finger skate dans un mini skatepark en b\u00e9ton. C\u2019est technique, mais jamais intimidant\u00a0! Ludique, parfois un peu fou, mais toujours incroyablement inspirant. On retrouve aussi les r\u00e9sidents des Ateliers \u00c9clair\u00e9s\u00a0: <strong>le fablab AV Lab, les designers de n\u00fc n, les graveuses des Poissons Balistes, les cr\u00e9ateurs de v\u00e9los sur mesure Cycles Manivelle\u2026 <\/strong>Une vraie ruche cr\u00e9ative qui s\u2019ouvre au public, comme un coup d\u2019\u0153il pr\u00e9cieux dans les coulisses de l\u2019inventivit\u00e9 strasbourgeoise.<\/p>\n<p>&#13;<\/p>\n<blockquote class=\"instagram-media\" data-instgrm-permalink=\"https:\/\/www.instagram.com\/p\/DRh0sE5CBw7\/?utm_source=ig_embed&amp;utm_campaign=loading\" data-instgrm-version=\"14\" style=\"background: #FFF; border: 0; border-radius: 3px; box-shadow: 0 0 1px 0 rgba(0,0,0,0.5),0 1px 10px 0 rgba(0,0,0,0.15); margin: 1px; max-width: 540px; min-width: 326px; padding: 0; width: calc(100% - 2px);\"><p>&#13;<br \/>\n&#13;\n<\/p><\/blockquote>\n<p>&#13;<br \/>\n&#13;<br \/>\n<b>Attractions, ateliers et trouvailles de No\u00ebl<\/b>&#13;<\/p>\n<p>Au-del\u00e0 des d\u00e9couvertes, le festival regorge d\u2019activit\u00e9s qui, soyons honn\u00eates, r\u00e9veillent l\u2019enfant en chacun de nous\u00a0: <strong>machine \u00e0 pinces (version low-tech et super fun), circuit g\u00e9ant de billes en carton, Mario Kart t\u00e9l\u00e9guid\u00e9, chorale Strassapella, ateliers kokedama\u2026<\/strong> Et comme No\u00ebl approche, les stands d\u2019artisans locaux permettent de repartir avec des cadeaux uniques\u00a0: <strong>bijoux en mat\u00e9riaux recycl\u00e9s, v\u00eatements upcycl\u00e9s, illustrations, objets sculpt\u00e9s ou fa\u00e7onn\u00e9s \u00e0 la main\u2026<\/strong> une mani\u00e8re id\u00e9ale de soutenir la cr\u00e9ation locale tout en \u00e9vitant la cohue des centres commerciaux.<\/p>\n<p>&#13;<\/p>\n<p>L\u2019\u00e9v\u00e9nement accueille m\u00eame <strong>un espace de dons de cadeaux de No\u00ebl<\/strong> destin\u00e9 aux enfants du quartier du Port du Rhin, un geste qui rappelle que le festival n\u2019est pas seulement une f\u00eate, mais aussi un moment de solidarit\u00e9. Strasbourg sait d\u00e9j\u00e0 faire briller No\u00ebl\u2026 mais l\u00e0, elle y ajoute une belle dose d\u2019ing\u00e9niosit\u00e9\u00a0!<\/p>\n<p>&#13;<\/p>\n<p><strong>Les Ateliers \u00c9clair\u00e9s<\/strong><br \/><strong>4 rue de la Coop\u00e9rative &#8211; Strasbourg | Place de la Virgule<\/strong><br \/><strong>Samedi 6 et dimanche 7 d\u00e9cembre 2025, de 14h \u00e0 19h<\/strong><br \/><strong>Prix\u00a0: Entr\u00e9e gratuite<\/strong><br \/><strong><a href=\"https:\/\/www.maker-land.com\/event\/strasbourg\/\" rel=\"nofollow noopener noreferrer\" target=\"_blank\">Plus d&rsquo;infos<\/a><\/strong><\/p>\n<p><script async src=\"\/\/www.instagram.com\/embed.js\"><\/script><\/p>\n","protected":false},"excerpt":{"rendered":"Le Makerland Festival revient, plus g\u00e9n\u00e9reux que jamais, avec son cocktail de bricolage, de num\u00e9rique d\u00e9complex\u00e9, d\u2019artisanat d\u00e9cal\u00e9&hellip;\n","protected":false},"author":2,"featured_media":571499,"comment_status":"","ping_status":"","sticky":false,"template":"","format":"standard","meta":{"footnotes":""},"categories":[2820],"tags":[1111,11,1777,674,1011,27,775,12,25,640],"class_list":{"0":"post-571498","1":"post","2":"type-post","3":"status-publish","4":"format-standard","5":"has-post-thumbnail","7":"category-strasbourg","8":"tag-actu","9":"tag-actualites","10":"tag-eu","11":"tag-europe","12":"tag-fr","13":"tag-france","14":"tag-grand-est","15":"tag-news","16":"tag-republique-francaise","17":"tag-strasbourg"},"share_on_mastodon":{"url":"https:\/\/pubeurope.com\/@fr\/115645773453969133","error":""},"_links":{"self":[{"href":"https:\/\/www.europesays.com\/fr\/wp-json\/wp\/v2\/posts\/571498","targetHints":{"allow":["GET"]}}],"collection":[{"href":"https:\/\/www.europesays.com\/fr\/wp-json\/wp\/v2\/posts"}],"about":[{"href":"https:\/\/www.europesays.com\/fr\/wp-json\/wp\/v2\/types\/post"}],"author":[{"embeddable":true,"href":"https:\/\/www.europesays.com\/fr\/wp-json\/wp\/v2\/users\/2"}],"replies":[{"embeddable":true,"href":"https:\/\/www.europesays.com\/fr\/wp-json\/wp\/v2\/comments?post=571498"}],"version-history":[{"count":0,"href":"https:\/\/www.europesays.com\/fr\/wp-json\/wp\/v2\/posts\/571498\/revisions"}],"wp:featuredmedia":[{"embeddable":true,"href":"https:\/\/www.europesays.com\/fr\/wp-json\/wp\/v2\/media\/571499"}],"wp:attachment":[{"href":"https:\/\/www.europesays.com\/fr\/wp-json\/wp\/v2\/media?parent=571498"}],"wp:term":[{"taxonomy":"category","embeddable":true,"href":"https:\/\/www.europesays.com\/fr\/wp-json\/wp\/v2\/categories?post=571498"},{"taxonomy":"post_tag","embeddable":true,"href":"https:\/\/www.europesays.com\/fr\/wp-json\/wp\/v2\/tags?post=571498"}],"curies":[{"name":"wp","href":"https:\/\/api.w.org\/{rel}","templated":true}]}}