{"id":571500,"date":"2025-12-01T18:40:12","date_gmt":"2025-12-01T18:40:12","guid":{"rendered":"https:\/\/www.europesays.com\/fr\/571500\/"},"modified":"2025-12-01T18:40:12","modified_gmt":"2025-12-01T18:40:12","slug":"ce-que-nous-devons-a-jean-medecin","status":"publish","type":"post","link":"https:\/\/www.europesays.com\/fr\/571500\/","title":{"rendered":"Ce que nous devons \u00e0 Jean M\u00e9decin"},"content":{"rendered":"<p><strong>Le secr\u00e9taire g\u00e9n\u00e9ral du Parti communiste maralpin a\u00a0r\u00e9cemment appel\u00e9 \u00e0\u00a0d\u00e9baptiser la principe art\u00e8re commer\u00e7ante de la C\u00f4te d\u2019Azur parce que l\u2019ancien \u00e9dile \u00ab\u00a0Jean M\u00e9decin (serait) li\u00e9 \u00e0\u00a0l\u2019implantation du parti fasciste de Jacques Doriot dans notre d\u00e9partement. Il faudrait plut\u00f4t la rebaptiser \u2018Avenue de la Victoire contre le nazisme\u2019.\u00bb Dans une tribune libre transmise \u00e0\u00a0Nice-Presse, Christian Estrosi d\u00e9nonce \u00ab\u00a0des commentaires indignes\u00a0\u00bb lanc\u00e9s contre \u00ab\u00a0un immense maire\u00a0\u00bb.<\/strong><\/p>\n<p>\u00ab\u00a0Ce que nous devons \u00e0\u00a0Jean M\u00e9decin\u00a0\u00bb<\/p>\n<p>\u00ab\u00a0<a href=\"https:\/\/nicepresse.com\/les-communistes-appellent-a-changer-le-nom-juge-polemique-de-plusieurs-rues-et-espaces-a-nice\/\" data-wpel-link=\"internal\" target=\"_blank\" rel=\"noopener\">Je lis que Monsieur Picot<\/a>, chef de file des communistes ni\u00e7ois, veut d\u00e9baptiser l\u2019avenue Jean-M\u00e9decin. Rien que \u00e7a. <strong>J\u2019invite Monsieur Picot \u00e0\u00a0lire nos historiens<\/strong>\u00a0: Jacques Basso, Paul Isoart, Ralph Schor, ou encore Yvan Gastaud, par exemple.<\/p>\n<p>Il y\u00a0apprendrait que lorsque Jean M\u00e9decin a\u00a0\u00e9t\u00e9 \u00e9lu, en 1928, Nice traversait une crise profonde. Le mod\u00e8le du tourisme hivernal et aristocratique \u00e9tait moribond, et c\u2019est tout notre mod\u00e8le \u00e9conomique et social qui vacillait.<\/p>\n<p>Face \u00e0\u00a0l\u2019ab\u00eeme du d\u00e9clin et de l\u2019immobilisme, <strong>Jean M\u00e9decin a\u00a0choisi le seul chemin qui vaille<\/strong>, celui de l\u2019adaptation. Son obsession durant ses mandats, de 1928 \u00e0\u00a01944 et de 1947 \u00e0\u00a0sa mort, en\u00a01965.<\/p>\n<p>Pour ne citer que quelques-unes de ses r\u00e9alisations les plus connues, il a\u00a0\u00e9t\u00e9 \u00e0\u00a0l\u2019origine du basculement de la saison touristique vers l\u2019\u00e9t\u00e9, autour du Palais de la M\u00e9diterran\u00e9e (1929), c\u2019est lui qui a\u00a0\u00e9largi la promenade des Anglais en supprimant les \u00e9tablissements de bains pour d\u00e9gager un horizon unique (1931), d\u00e9velopp\u00e9 le tramway et le tout \u00e0\u00a0l\u2019\u00e9gout, accompagn\u00e9 la naissance puis l\u2019essor de l\u2019a\u00e9roport (1951), lanc\u00e9 la Voie Mathis (1962), encourag\u00e9 la naissance de notre Universit\u00e9 (1963), construit le Palais des Expositions (1955), ouvert la premi\u00e8re piscine couverte, restaur\u00e9 le palais Lascaris (1942), r\u00e9nov\u00e9 l\u2019Op\u00e9ra et cr\u00e9\u00e9 le mus\u00e9e Matisse (1963). <strong>N\u2019est-ce pas assez pour M.\u00a0Picot\u00a0?<\/strong><\/p>\n<p>Et puis, durant la Seconde guerre mondiale,<strong> il a\u00a0tent\u00e9 de pr\u00e9server Nice du malheur<\/strong>, en entravant le plus possible les revendications mussoliniennes sur notre ville et en prenant sa part au sauvetage du plus grand nombre possible de juifs, et surtout d\u2019enfants, ce qui lui a\u00a0valu d\u2019\u00eatre plac\u00e9 par les nazis en r\u00e9sidence surveill\u00e9e \u00e0\u00a0Belfort. Mais, semble-t-il, cela non plus ne compte pas.<\/p>\n<p>Monsieur Picot, quand on se dit communiste \u00e0\u00a0Nice, on s\u2019inscrit \u00e0\u00a0la suite de Virgile Barel, de Charles Caressa, ou de Louis Fiori. Tous, ils \u00e9taient adversaires de Jean M\u00e9decin, ce qui ne les emp\u00eachaient pas de le respecter ni de l\u2019estimer. Vous voudriez vous glisser dans leurs habits, mais je crains qu\u2019ils ne soient bien trop grands pour\u00a0vous.<\/p>\n<p><strong>Jean M\u00e9decin vaut mieux que ces commentaires indignes<\/strong>, surtout quelques jours avant les comm\u00e9morations des soixante ans de sa mort. Cet anniversaire sera l\u2019occasion de rappeler \u00e0\u00a0M. Picot et \u00e0\u00a0tous ceux qui ont l\u2019indignation un peu trop rapide, qui \u00e9tait vraiment Jean M\u00e9decin et<strong> combien il est irr\u00e9ductible \u00e0\u00a0ces mesquineries<\/strong>.<\/p>\n<p>En tous les cas, <strong>si je suis \u00e0\u00a0nouveau \u00e9lu maire de Nice en mars prochain, l\u2019avenue Jean-M\u00e9decin restera l\u2019avenue Jean-M\u00e9decin<\/strong>, parce qu\u2019il a\u00a0\u00e9t\u00e9 un immense maire, parce qu\u2019il a\u00a0fait du bien aux Ni\u00e7ois et parce que son \u00e9nergie, sa capacit\u00e9 \u00e0\u00a0rattraper le retard et \u00e0\u00a0rassembler, par-del\u00e0 les diff\u00e9rences partisanes, autour d\u2019une unique cause, Nice, <strong>n\u2019ont jamais cess\u00e9 de m\u2019inspirer<\/strong>.\u00a0\u00bb<\/p>\n","protected":false},"excerpt":{"rendered":"Le secr\u00e9taire g\u00e9n\u00e9ral du Parti communiste maralpin a\u00a0r\u00e9cemment appel\u00e9 \u00e0\u00a0d\u00e9baptiser la principe art\u00e8re commer\u00e7ante de la C\u00f4te d\u2019Azur&hellip;\n","protected":false},"author":2,"featured_media":571501,"comment_status":"","ping_status":"","sticky":false,"template":"","format":"standard","meta":{"footnotes":""},"categories":[2819],"tags":[1111,11,1777,674,1011,27,12,2401,882,25],"class_list":{"0":"post-571500","1":"post","2":"type-post","3":"status-publish","4":"format-standard","5":"has-post-thumbnail","7":"category-nice","8":"tag-actu","9":"tag-actualites","10":"tag-eu","11":"tag-europe","12":"tag-fr","13":"tag-france","14":"tag-news","15":"tag-nice","16":"tag-provence-alpes-cote-dazur","17":"tag-republique-francaise"},"share_on_mastodon":{"url":"","error":""},"_links":{"self":[{"href":"https:\/\/www.europesays.com\/fr\/wp-json\/wp\/v2\/posts\/571500","targetHints":{"allow":["GET"]}}],"collection":[{"href":"https:\/\/www.europesays.com\/fr\/wp-json\/wp\/v2\/posts"}],"about":[{"href":"https:\/\/www.europesays.com\/fr\/wp-json\/wp\/v2\/types\/post"}],"author":[{"embeddable":true,"href":"https:\/\/www.europesays.com\/fr\/wp-json\/wp\/v2\/users\/2"}],"replies":[{"embeddable":true,"href":"https:\/\/www.europesays.com\/fr\/wp-json\/wp\/v2\/comments?post=571500"}],"version-history":[{"count":0,"href":"https:\/\/www.europesays.com\/fr\/wp-json\/wp\/v2\/posts\/571500\/revisions"}],"wp:featuredmedia":[{"embeddable":true,"href":"https:\/\/www.europesays.com\/fr\/wp-json\/wp\/v2\/media\/571501"}],"wp:attachment":[{"href":"https:\/\/www.europesays.com\/fr\/wp-json\/wp\/v2\/media?parent=571500"}],"wp:term":[{"taxonomy":"category","embeddable":true,"href":"https:\/\/www.europesays.com\/fr\/wp-json\/wp\/v2\/categories?post=571500"},{"taxonomy":"post_tag","embeddable":true,"href":"https:\/\/www.europesays.com\/fr\/wp-json\/wp\/v2\/tags?post=571500"}],"curies":[{"name":"wp","href":"https:\/\/api.w.org\/{rel}","templated":true}]}}