{"id":571504,"date":"2025-12-01T18:42:17","date_gmt":"2025-12-01T18:42:17","guid":{"rendered":"https:\/\/www.europesays.com\/fr\/571504\/"},"modified":"2025-12-01T18:42:17","modified_gmt":"2025-12-01T18:42:17","slug":"nantes-renforce-laccueil-de-jour-pour-cet-hiver","status":"publish","type":"post","link":"https:\/\/www.europesays.com\/fr\/571504\/","title":{"rendered":"Nantes renforce l&rsquo;accueil de jour pour cet hiver"},"content":{"rendered":"<p>                            <strong>En p\u00e9riode hivernale, un accueil de jour suppl\u00e9mentaire est mis en place \u00e0 Nantes. Des associations sont sur place afin d\u2019accompagner les b\u00e9n\u00e9ficiaires.<\/strong><\/p>\n<p>\u00ab Solidair\u2019hiver \u00bb accueillera les personnes les plus d\u00e9munies du 14 d\u00e9cembre 2025 au 22 f\u00e9vrier 2026 (dimanches et jours f\u00e9ri\u00e9s). Ce dispositif est coordonn\u00e9 depuis plusieurs ann\u00e9es par la ville de <strong><a href=\"https:\/\/hellogazettenantes.fr\/sante-un-cas-damyotrophie-spinale-infantile-diagnostique-au-chu-de-nantes\/\" target=\"_blank\" rel=\"noopener\">Nantes<\/a><\/strong> aux c\u00f4t\u00e9s d\u2019associations. Il ouvrira \u00e0 l\u2019accueil de jour \u00d4Vives des 5Ponts de 11h \u00e0 15h30 (12 all\u00e9e Nicole Girard, Nantes). Un soutien accessible \u00e9galement le 25 d\u00e9cembre et le 1er janvier.<\/p>\n<p>\u00ab Cet accueil de jour est ouvert aux personnes isol\u00e9es, \u00e0 la rue ou en grande pr\u00e9carit\u00e9, pour leur permettre de se reposer en journ\u00e9e \u00bb pr\u00e9cise la ville de Nantes dans un communiqu\u00e9. 10 associations seront sur place. Une collation sera propos\u00e9e aux b\u00e9n\u00e9ficiaires comme des soupes chaudes, des brioches, fruits ou des chocolats.            <\/p>\n<p><img decoding=\"async\" alt=\"Advertisement\" src=\"data:image\/svg+xml,%3Csvg%20xmlns=\" http:=\"\" data-lazy-src=\"https:\/\/www.europesays.com\/fr\/wp-content\/uploads\/2025\/04\/Application-mobile-hello-gazette-nantes.gif\"\/><\/p>\n","protected":false},"excerpt":{"rendered":"En p\u00e9riode hivernale, un accueil de jour suppl\u00e9mentaire est mis en place \u00e0 Nantes. Des associations sont sur&hellip;\n","protected":false},"author":2,"featured_media":571505,"comment_status":"","ping_status":"","sticky":false,"template":"","format":"standard","meta":{"footnotes":""},"categories":[2818],"tags":[1111,11,1777,674,1011,27,766,12,2636,25],"class_list":{"0":"post-571504","1":"post","2":"type-post","3":"status-publish","4":"format-standard","5":"has-post-thumbnail","7":"category-nantes","8":"tag-actu","9":"tag-actualites","10":"tag-eu","11":"tag-europe","12":"tag-fr","13":"tag-france","14":"tag-nantes","15":"tag-news","16":"tag-pays-de-la-loire","17":"tag-republique-francaise"},"share_on_mastodon":{"url":"https:\/\/pubeurope.com\/@fr\/115645785310038425","error":""},"_links":{"self":[{"href":"https:\/\/www.europesays.com\/fr\/wp-json\/wp\/v2\/posts\/571504","targetHints":{"allow":["GET"]}}],"collection":[{"href":"https:\/\/www.europesays.com\/fr\/wp-json\/wp\/v2\/posts"}],"about":[{"href":"https:\/\/www.europesays.com\/fr\/wp-json\/wp\/v2\/types\/post"}],"author":[{"embeddable":true,"href":"https:\/\/www.europesays.com\/fr\/wp-json\/wp\/v2\/users\/2"}],"replies":[{"embeddable":true,"href":"https:\/\/www.europesays.com\/fr\/wp-json\/wp\/v2\/comments?post=571504"}],"version-history":[{"count":0,"href":"https:\/\/www.europesays.com\/fr\/wp-json\/wp\/v2\/posts\/571504\/revisions"}],"wp:featuredmedia":[{"embeddable":true,"href":"https:\/\/www.europesays.com\/fr\/wp-json\/wp\/v2\/media\/571505"}],"wp:attachment":[{"href":"https:\/\/www.europesays.com\/fr\/wp-json\/wp\/v2\/media?parent=571504"}],"wp:term":[{"taxonomy":"category","embeddable":true,"href":"https:\/\/www.europesays.com\/fr\/wp-json\/wp\/v2\/categories?post=571504"},{"taxonomy":"post_tag","embeddable":true,"href":"https:\/\/www.europesays.com\/fr\/wp-json\/wp\/v2\/tags?post=571504"}],"curies":[{"name":"wp","href":"https:\/\/api.w.org\/{rel}","templated":true}]}}