{"id":571506,"date":"2025-12-01T18:43:16","date_gmt":"2025-12-01T18:43:16","guid":{"rendered":"https:\/\/www.europesays.com\/fr\/571506\/"},"modified":"2025-12-01T18:43:16","modified_gmt":"2025-12-01T18:43:16","slug":"ecole-creche-gymnase-un-nouveau-projet-dans-le-quartier-bellevue","status":"publish","type":"post","link":"https:\/\/www.europesays.com\/fr\/571506\/","title":{"rendered":"\u00e9cole, cr\u00e8che, gymnase\u2026 Un nouveau projet dans le quartier Bellevue"},"content":{"rendered":"<p>                    Par<br \/>\n        <strong><br \/>\n            <a href=\"https:\/\/actu.fr\/auteur\/thomas-bernard\" title=\"Consulter tous les articles de Thomas Bernard\" target=\"_blank\" rel=\"noopener\">Thomas Bernard<\/a><br \/>\n                    <\/strong><\/p>\n<p>        Publi\u00e9 le<\/p>\n<p>            1 d\u00e9c. 2025 \u00e0 17h57        <\/p>\n<p>\u00ab\u2009Il faut assumer d\u2019en faire plus l\u00e0 o\u00f9 il y en a le plus besoin.\u2009\u00bb Ces mots sont ceux de <b>Johanna Rolland<\/b>, maire de Nantes, lors d\u2019une conf\u00e9rence de presse, jeudi 27\u00a0novembre 2025, pr\u00e9sentant <b>des projets d\u2019\u00e9quipement des services publics dans les quartiers prioritaires de la Ville<\/b>. Outre l\u2019installation du <b>conservatoire <\/b>dans le quartier Nord et de \u00ab\u2009la mairie de quartier de demain\u2009\u00bb \u00e0 Botti\u00e8re-Pin Sec, des services d\u00e9di\u00e9s \u00e0 la jeunesse vont s\u2019implanter dans le quartier Bellevue. Le vendredi 5\u00a0d\u00e9cembre 2025, le conseil municipal de Nantes d\u00e9lib\u00e9ra sur l\u2019ouverture d\u2019un <b>\u00ab\u2009p\u00f4le enfance\u2009\u00bb Jean Zay, \u00e0 Bellevue<\/b>. Explications.<\/p>\n<p>Restructuration de l\u2019\u00e9cole et gymnase r\u00e9nov\u00e9<\/p>\n<p class=\" wall-content\">Actuellement, les \u00e9quipements pr\u00e9sents sur le site de l\u2019\u00e9cole Jean Zay sont vieillissants. \u00ab\u2009Il y\u00a0a des enjeux de <b>mixit\u00e9 scolaire\u2009\u00bb<\/b>, pr\u00e9cise Ghislaine Rodriguez, adjointe \u00e0 la maire de Nantes en charge de l\u2019\u00e9ducation, r\u00e9ussite \u00e9ducative et restauration scolaire. Class\u00e9 en REP +\u00a0(R\u00e9seau d\u2019\u00e9ducation prioritaire), le groupe scolaire pr\u00e9sente des indicateurs sociaux d\u00e9grad\u00e9s, le troisi\u00e8me le plus bas en Loire-Atlantique.<\/p>\n<p class=\" wall-content\">La majorit\u00e9 municipale projette de restructurer l\u2019ensemble scolaire Jean Zay autour d\u2019un p\u00f4le enfance dans le quartier Bellevue.\u00a0En clair, le p\u00f4le comporte\u2009:<\/p>\n<ul class=\" wall-content\">\n<li>Le<b> regroupement des deux \u00e9coles maternelles <\/b>(12 classes), de l\u2019\u00e9cole <b>\u00e9l\u00e9mentaire <\/b>(18 classes), de la <b>restauration <\/b>scolaire au sein d\u2019un m\u00eame b\u00e2timent.<\/li>\n<li>L\u2019implantation du <b>multi-accueil <\/b>Cinq continents, actuellement r\u00e9parti Jamet et les Bourderies, dans les locaux actuels de l\u2019\u00e9cole maternelle.<\/li>\n<li>Le <b>Lieu d\u2019accueil<\/b> enfants parents l\u2019Oasis (LAEP), aujourd\u2019hui implant\u00e9 \u00e0 proximit\u00e9, rue Plessis Gautron.<\/li>\n<li>Une<b> r\u00e9habilitation du gymnase<\/b> Jean Zay et l\u2019am\u00e9nagement plateau du Savoir rouler \u00e0 v\u00e9lo.<\/li>\n<li>Les <b>locaux administratifs<\/b> pour les \u00e9quipes la direction \u00e9ducation de la ville, de sant\u00e9 scolaire et de L\u00e9o Lagrange Animation (p\u00e9riscolaire).<\/li>\n<\/ul>\n<p class=\" wall-content\">\u00ab\u2009La cr\u00e8che des Cinq continents offrira <b>20 nouvelles places, soit 60 places au total\u2009\u00bb<\/b>, pr\u00e9cise Ghislaine Rodriguez. L\u2019\u00e9lue a rappel\u00e9 que les enfants avaient \u00ab\u2009\u00e9t\u00e9 consult\u00e9s\u2009\u00bb pour r\u00e9fl\u00e9chir au temps scolaire et p\u00e9riscolaire.<\/p>\n<p class=\" wall-content\">\u00c0 terme, la nouvelle \u00e9cole Jean Zay comptera \u00ab\u2009une salle polyvalente ouverte\u2009\u00bb, ou bien des salles laboratoires pour favoriser l\u2019apprentissage de l\u2019anglais dans le cadre du projet linguistique de l\u2019\u00e9cole (en partenariat avec l\u2019\u00c9ducation nationale) et l\u2019enseignement des maths et sciences.<\/p>\n<p>Votre r\u00e9gion, votre actu !<\/p>\n<p>Recevez chaque jour les infos qui comptent pour vous.<\/p>\n<p>\t<a href=\"https:\/\/actu.fr\/newsletter\" class=\"ac-btn ac-btn--corner ac-btn--medium ac-btn--blue800\" target=\"_blank\" rel=\"noopener\">S&rsquo;incrire<\/a><br \/>\nUn projet \u00e0 plus de 30\u00a0millions d\u2019euros<\/p>\n<p class=\" wall-content\">Au niveau du calendrier, la r\u00e9alisation du projet est pr\u00e9vue en plusieurs phases\u2009: l\u2019implantation du LAEP Oasis en 2027-2028, la construction du multi-accueil, groupe scolaire et plateau v\u00e9lo pour mi-2033 (d\u00e9but des travaux en 2029), puis la finalisation du p\u00f4le enfance \u00ab\u2009apr\u00e8s 2032\u2009\u00bb.<\/p>\n<p class=\" wall-content\">Le p\u00f4le enfance Jean Zay s\u2019ins\u00e8re dans le projet urbain du <a href=\"https:\/\/metropole.nantes.fr\/actualites\/2023\/logement-urbanisme\/grand-bellevue-ce-quil-faut-savo\" target=\"_blank\" rel=\"noopener\">Grand Bellevue<\/a>. Ce dernier pr\u00e9voit la construction de 900 logements neufs et la r\u00e9habilitation de 1\u2009300 logements. \u00ab\u2009C\u2019est la nouvelle g\u00e9n\u00e9ration du projet global\u2009\u00bb, ajoute Abassia Hakem, adjointe de quartier Bellevue-Chantenay-Sainte-Anne.<\/p>\n<p class=\" wall-content\">Au global, le co\u00fbt du projet de p\u00f4le enfance est <b>estim\u00e9 \u00e0 34,8\u00a0millions d\u2019euros<\/b>.<\/p>\n<p class=\" wall-content\">Personnalisez votre actualit\u00e9 en ajoutant vos villes et m\u00e9dias en favori avec <a href=\"https:\/\/moncompte.actu.fr\" title=\"D\u00e9couvez Mon Actu\" rel=\"nofollow noopener\" data-trk=\"{&quot;cta&quot;:{&quot;action&quot;:&quot;https:\\\/\\\/moncompte.actu.fr&quot;,&quot;category&quot;:&quot;mon compte&quot;,&quot;from&quot;:&quot;article footer&quot;,&quot;name&quot;:&quot;Mon actu&quot;,&quot;type&quot;:&quot;cta&quot;}}\" target=\"_blank\">Mon Actu<\/a>.<\/p>\n","protected":false},"excerpt":{"rendered":"Par Thomas Bernard Publi\u00e9 le 1 d\u00e9c. 2025 \u00e0 17h57 \u00ab\u2009Il faut assumer d\u2019en faire plus l\u00e0 o\u00f9&hellip;\n","protected":false},"author":2,"featured_media":571507,"comment_status":"","ping_status":"","sticky":false,"template":"","format":"standard","meta":{"footnotes":""},"categories":[2818],"tags":[1111,11,4019,1777,674,1011,27,766,12,2636,10585,5765,25,104],"class_list":{"0":"post-571506","1":"post","2":"type-post","3":"status-publish","4":"format-standard","5":"has-post-thumbnail","7":"category-nantes","8":"tag-actu","9":"tag-actualites","10":"tag-ecoles","11":"tag-eu","12":"tag-europe","13":"tag-fr","14":"tag-france","15":"tag-nantes","16":"tag-news","17":"tag-pays-de-la-loire","18":"tag-petite-enfance","19":"tag-renovation-urbaine","20":"tag-republique-francaise","21":"tag-societe"},"share_on_mastodon":{"url":"https:\/\/pubeurope.com\/@fr\/115645789319068396","error":""},"_links":{"self":[{"href":"https:\/\/www.europesays.com\/fr\/wp-json\/wp\/v2\/posts\/571506","targetHints":{"allow":["GET"]}}],"collection":[{"href":"https:\/\/www.europesays.com\/fr\/wp-json\/wp\/v2\/posts"}],"about":[{"href":"https:\/\/www.europesays.com\/fr\/wp-json\/wp\/v2\/types\/post"}],"author":[{"embeddable":true,"href":"https:\/\/www.europesays.com\/fr\/wp-json\/wp\/v2\/users\/2"}],"replies":[{"embeddable":true,"href":"https:\/\/www.europesays.com\/fr\/wp-json\/wp\/v2\/comments?post=571506"}],"version-history":[{"count":0,"href":"https:\/\/www.europesays.com\/fr\/wp-json\/wp\/v2\/posts\/571506\/revisions"}],"wp:featuredmedia":[{"embeddable":true,"href":"https:\/\/www.europesays.com\/fr\/wp-json\/wp\/v2\/media\/571507"}],"wp:attachment":[{"href":"https:\/\/www.europesays.com\/fr\/wp-json\/wp\/v2\/media?parent=571506"}],"wp:term":[{"taxonomy":"category","embeddable":true,"href":"https:\/\/www.europesays.com\/fr\/wp-json\/wp\/v2\/categories?post=571506"},{"taxonomy":"post_tag","embeddable":true,"href":"https:\/\/www.europesays.com\/fr\/wp-json\/wp\/v2\/tags?post=571506"}],"curies":[{"name":"wp","href":"https:\/\/api.w.org\/{rel}","templated":true}]}}