{"id":571508,"date":"2025-12-01T18:44:13","date_gmt":"2025-12-01T18:44:13","guid":{"rendered":"https:\/\/www.europesays.com\/fr\/571508\/"},"modified":"2025-12-01T18:44:13","modified_gmt":"2025-12-01T18:44:13","slug":"a-bordeaux-une-operation-de-depistage-et-de-prevention","status":"publish","type":"post","link":"https:\/\/www.europesays.com\/fr\/571508\/","title":{"rendered":"\u00e0 Bordeaux, une op\u00e9ration de d\u00e9pistage et de pr\u00e9vention"},"content":{"rendered":"<p>            Une jeunesse moins inform\u00e9e<\/p>\n<p>Les personnes qui le souhaitent peuvent se faire d\u00e9pister gratuitement et anonymement sous des tentes roses. Il ne faut attendre qu\u2019une vingtaine de minutes pour obtenir les r\u00e9sultats. Des m\u00e9decins du Cegidd, le centre de sant\u00e9 sexuelle du d\u00e9partement, sont mobilis\u00e9s sur l\u2019ensemble de la semaine pour l\u2019occasion. Isabelle Le\u00a0Hen, m\u00e9decin et coordinatrice de l\u2019\u00e9tablissement, pr\u00e9voit <a href=\"https:\/\/www.sudouest.fr\/sante\/sida\/vih-les-jeunes-homosexuels-restent-une-population-particulierement-vulnerable-selon-une-etude-26847203.php\" target=\"_blank\" rel=\"follow noopener\">qu\u2019une cinquantaine de personnes chaque jour<\/a> se feront d\u00e9pister gr\u00e2ce \u00e0 ce dispositif ambulant.<\/p>\n<p>        <img decoding=\"async\" id=\"26930444\" src=\"https:\/\/www.europesays.com\/fr\/wp-content\/uploads\/2025\/12\/img-5517.jpg\" alt=\"Stands et lieux de d\u00e9pistage \u00e9taient install\u00e9s sur la place de la Victoire le 1er\u00a0d\u00e9cembre.\" itemprop=\"contentURL\"\/><\/p>\n<p>    Stands et lieux de d\u00e9pistage \u00e9taient install\u00e9s sur la place de la Victoire le 1er\u00a0d\u00e9cembre.<\/p>\n<p>M.\u00a0S.<\/p>\n<p>Elle observe que les jeunes g\u00e9n\u00e9rations, celles qui n\u2019ont pas connu le sida, <a href=\"https:\/\/www.sudouest.fr\/sante\/sida\/bordeaux-le-depistage-du-sida-reste-insuffisant-les-idees-recues-persistent-26753389.php\" target=\"_blank\" rel=\"follow noopener\">\u00ab\u00a0se sentent moins concern\u00e9es, ont \u00e9t\u00e9 moins sensibilis\u00e9es<\/a> et utilisent moins de pr\u00e9servatifs, notamment lors des premiers rapports sexuels\u00a0\u00bb. Les actions \u00ab\u00a0hors les murs\u00a0\u00bb, \u00ab\u00a0pour sensibiliser le grand public au fait que le VIH est toujours l\u00e0\u00a0\u00bb, sont n\u00e9cessaires, et sont une mani\u00e8re de faire de la pr\u00e9vention.<\/p>\n<p>Un lieu symbolique<\/p>\n","protected":false},"excerpt":{"rendered":"Une jeunesse moins inform\u00e9e Les personnes qui le souhaitent peuvent se faire d\u00e9pister gratuitement et anonymement sous des&hellip;\n","protected":false},"author":2,"featured_media":571509,"comment_status":"","ping_status":"","sticky":false,"template":"","format":"standard","meta":{"footnotes":""},"categories":[2817],"tags":[1111,11,1997,1777,674,1011,27,12,2219,25],"class_list":{"0":"post-571508","1":"post","2":"type-post","3":"status-publish","4":"format-standard","5":"has-post-thumbnail","7":"category-bordeaux","8":"tag-actu","9":"tag-actualites","10":"tag-bordeaux","11":"tag-eu","12":"tag-europe","13":"tag-fr","14":"tag-france","15":"tag-news","16":"tag-nouvelle-aquitaine","17":"tag-republique-francaise"},"share_on_mastodon":{"url":"https:\/\/pubeurope.com\/@fr\/115645794037050722","error":""},"_links":{"self":[{"href":"https:\/\/www.europesays.com\/fr\/wp-json\/wp\/v2\/posts\/571508","targetHints":{"allow":["GET"]}}],"collection":[{"href":"https:\/\/www.europesays.com\/fr\/wp-json\/wp\/v2\/posts"}],"about":[{"href":"https:\/\/www.europesays.com\/fr\/wp-json\/wp\/v2\/types\/post"}],"author":[{"embeddable":true,"href":"https:\/\/www.europesays.com\/fr\/wp-json\/wp\/v2\/users\/2"}],"replies":[{"embeddable":true,"href":"https:\/\/www.europesays.com\/fr\/wp-json\/wp\/v2\/comments?post=571508"}],"version-history":[{"count":0,"href":"https:\/\/www.europesays.com\/fr\/wp-json\/wp\/v2\/posts\/571508\/revisions"}],"wp:featuredmedia":[{"embeddable":true,"href":"https:\/\/www.europesays.com\/fr\/wp-json\/wp\/v2\/media\/571509"}],"wp:attachment":[{"href":"https:\/\/www.europesays.com\/fr\/wp-json\/wp\/v2\/media?parent=571508"}],"wp:term":[{"taxonomy":"category","embeddable":true,"href":"https:\/\/www.europesays.com\/fr\/wp-json\/wp\/v2\/categories?post=571508"},{"taxonomy":"post_tag","embeddable":true,"href":"https:\/\/www.europesays.com\/fr\/wp-json\/wp\/v2\/tags?post=571508"}],"curies":[{"name":"wp","href":"https:\/\/api.w.org\/{rel}","templated":true}]}}