{"id":571510,"date":"2025-12-01T18:45:22","date_gmt":"2025-12-01T18:45:22","guid":{"rendered":"https:\/\/www.europesays.com\/fr\/571510\/"},"modified":"2025-12-01T18:45:22","modified_gmt":"2025-12-01T18:45:22","slug":"vendredi-soir-on-a-compris-que-le-departement-de-la-creuse-venait-detre-raye-de-la-carte","status":"publish","type":"post","link":"https:\/\/www.europesays.com\/fr\/571510\/","title":{"rendered":"Vendredi soir, on a compris que le d\u00e9partement de la Creuse venait d&rsquo;\u00eatre ray\u00e9 de la carte"},"content":{"rendered":"<p class=\"article__intro\">Depuis la r\u00e9v\u00e9lation du projet d&rsquo;une ligne TGV entre Bordeaux et Lyon via Massy et Poitiers, c&rsquo;est la r\u00e9volution chez les \u00e9lus des d\u00e9partements oubli\u00e9s, et notamment en Creuse o\u00f9 la fronde s&rsquo;organise. R\u00e9actions.<\/p>\n<p>\n      L\u2019actu des r\u00e9gions\n    <\/p>\n<p>\n      Chaque jour, un tour d\u2019horizon des principales infos de toutes les r\u00e9gions.\n    <\/p>\n<p>    France T\u00e9l\u00e9visions utilise votre adresse e-mail afin de vous envoyer la newsletter \u00ab\u00a0L\u2019actu des r\u00e9gions\u00a0\u00bb. Vous pouvez vous d\u00e9sinscrire \u00e0 tout moment via le lien en bas de cette newsletter. <a target=\"_blank\" href=\"https:\/\/www.francetelevisions.fr\/groupe\/confidentialite\/politique-de-confidentialite\/politique-de-confidentialite-de-france-televisions-6503\" rel=\"noopener\">Notre politique de confidentialit\u00e9<\/a><\/p>\n<p>Le projet Bordeaux Lyon par Massy et Poitiers provoque une lev\u00e9e de boucliers, notamment de la part des \u00e9lus du Limousin et du Massif central, qui sont les grands oubli\u00e9s de ce futur trac\u00e9. L&rsquo;annonce a \u00e9t\u00e9 faite le 5 novembre dernier dans les colonnes de la Nouvelle R\u00e9publique du centre ouest, apr\u00e8s la d\u00e9couverte d&rsquo;un courrier entre un \u00e9lu de Poitiers et un agent de la SNCF, selon Marc Gouttebroze du collectif \u00ab\u00a0Aurail\u00a0\u00bb.<\/p>\n<p><a data-article-figure=\"\" href=\"https:\/\/france3-regions.franceinfo.fr\/image\/knQpGOSbNEbwV4ILJMID6UGOdyc\/1920x1080\/regions\/2025\/12\/01\/liaison-sncf-bordeaux-lyon-via-massy-692dca7893179545389711.jpg\" data-pswp-width=\"1920\" data-pswp-height=\"1080\" target=\"_blank\" rel=\"noopener\"><\/p>\n<p>          <img width=\"600\" height=\"400\" class=\"article-image lazy\" data-src=\"https:\/\/www.europesays.com\/fr\/wp-content\/uploads\/2025\/12\/liaison-sncf-bordeaux-lyon-via-massy-692dca7893179545389711.jpg\" alt=\"Le futur trac\u00e9 de la ligne TGV entre Bordeaux et Lyon doit passer par Paris, Tours et Poitiers : une &quot;aberration&quot; selon le collectif et de nombreux \u00e9lus. \" fetchpriority=\"high\" as=\"image\"\/><\/p>\n<p>\n            Le futur trac\u00e9 de la ligne TGV entre Bordeaux et Lyon doit passer par Paris, Tours et Poitiers : une \u00ab\u00a0aberration\u00a0\u00bb selon le collectif et de nombreux \u00e9lus.<br \/>\n                           \u2022<br \/>\n                                      \u00a9 collectif Aurail\n                      <\/p>\n<p><\/a><\/p>\n<p>Une d\u00e9cision qui ne passe pas alors que trois autres trac\u00e9s avaient \u00e9t\u00e9 propos\u00e9s par ce m\u00eame collectif :\u00a0\u00bbNos projets pr\u00e9voyaient de desservir le Massif central et l\u00e0 on passe par Paris !\u00a0\u00bb s&rsquo;\u00e9tonne Marc Gouttebroze.<\/p>\n<p><a data-article-figure=\"\" href=\"https:\/\/france3-regions.franceinfo.fr\/image\/HXE2TLm9p3PY3YDB2xWNKjzMdh4\/1920x1080\/regions\/2025\/12\/01\/liaison-sncf-bordeaux-lyon-1-692dcc49639fb714472685.jpg\" data-pswp-width=\"1920\" data-pswp-height=\"1080\" target=\"_blank\" rel=\"noopener\"><\/p>\n<p>          <img width=\"600\" height=\"400\" class=\"article-image lazy\" data-src=\"https:\/\/www.europesays.com\/fr\/wp-content\/uploads\/2025\/12\/liaison-sncf-bordeaux-lyon-1-692dcc49639fb714472685.jpg\" alt=\"Trac\u00e9 n\u00b01 par Brive propos\u00e9 par le collectif.\" fetchpriority=\"high\" as=\"image\"\/><\/p>\n<p>\n            Trac\u00e9 n\u00b01 par Brive propos\u00e9 par le collectif.<br \/>\n                           \u2022<br \/>\n                                      \u00a9 Collectif Aurail\n                      <\/p>\n<p><\/a><br \/>\n<a data-article-figure=\"\" href=\"https:\/\/france3-regions.franceinfo.fr\/image\/afmhJ6cnVHYSoGBSESKipIJtF8E\/1920x1080\/regions\/2025\/12\/01\/liaison-sncf-bordeaux-lyon-2-692dcc7d4945f344603441.jpg\" data-pswp-width=\"1920\" data-pswp-height=\"1080\" target=\"_blank\" rel=\"noopener\"><\/p>\n<p>          <img width=\"600\" height=\"400\" class=\"article-image lazy\" data-src=\"https:\/\/www.europesays.com\/fr\/wp-content\/uploads\/2025\/12\/liaison-sncf-bordeaux-lyon-2-692dcc7d4945f344603441.jpg\" alt=\"trac\u00e9 n\u00b02 propos\u00e9 par le collectif : par Clermont et Brive.\" fetchpriority=\"high\" as=\"image\"\/><\/p>\n<p>\n            trac\u00e9 n\u00b02 propos\u00e9 par le collectif : par Clermont et Brive.<br \/>\n                           \u2022<br \/>\n                                      \u00a9 Collectif Aurail\n                      <\/p>\n<p><\/a><br \/>\n<a data-article-figure=\"\" href=\"https:\/\/france3-regions.franceinfo.fr\/image\/im4bblJPeJ0_VwtWlpwZPjGBgXE\/1920x1080\/regions\/2025\/12\/01\/liaison-sncf-bordeaux-lyon-3-692dcca0e78e5823073812.jpg\" data-pswp-width=\"1920\" data-pswp-height=\"1080\" target=\"_blank\" rel=\"noopener\"><\/p>\n<p>          <img width=\"600\" height=\"400\" class=\"article-image lazy\" data-src=\"https:\/\/www.europesays.com\/fr\/wp-content\/uploads\/2025\/12\/liaison-sncf-bordeaux-lyon-3-692dcca0e78e5823073812.jpg\" alt=\"trac\u00e9 n\u00b03 par Limoges et Gu\u00e9ret propos\u00e9 par le collectif.\" fetchpriority=\"high\" as=\"image\"\/><\/p>\n<p>\n            trac\u00e9 n\u00b03 par Limoges et Gu\u00e9ret propos\u00e9 par le collectif.<br \/>\n                           \u2022<br \/>\n                                      \u00a9 Collectif Aurail\n                      <\/p>\n<p><\/a><\/p>\n<blockquote class=\"ftvi_content_quote\">\n<p class=\"ftvi_citation_quote\">Encore une fois, on est exclu ! <\/p>\n<p>Valerie Simonet <\/p>\n<p class=\"ftvi_citation_source\">Pr\u00e9sidente du conseil d\u00e9partemental de la Creuse <\/p>\n<\/blockquote>\n<p>Ulc\u00e9r\u00e9s par cette d\u00e9cision de la SNCF, Val\u00e9rie Simonet, la pr\u00e9sidente (LR) du d\u00e9partement Creusois, Claude Riboulet, pr\u00e9sident de l&rsquo;Allier, ainsi que plusieurs maires dont Marie-Fran\u00e7oise Fournier (SE) \u00e0 Gu\u00e9ret ne baissent pas les bras. <\/p>\n<p>Une p\u00e9tition pour \u00ab\u00a0promouvoir la liaison ferroviaire Bordeaux &#8211; Lyon par le Massif central\u00a0\u00bb a d\u00e9j\u00e0 recueilli plus de 4300 signatures depuis ce samedi 29 novembre. Pour Valerie Simonet, la Creuse est tout simplement ray\u00e9e de la carte :\u00a0\u00bb Encore une fois, on est exclu ! Aujourd&rsquo;hui, sans liaison transversale qui passe au c\u0153ur de la France, c&rsquo;est un renoncement qui para\u00eet clair et d\u00e9finitif de la part de l&rsquo;\u00c9tat, et nous ne pouvons l&rsquo;accepter , avant d&rsquo;ajouter, sans ces liaisons ferroviaires vers Paris, Toulouse, Bordeaux, Lyon, pour nous \u00e7a veut dire que nos d\u00e9partements sont condamn\u00e9s et que la vision d&rsquo;am\u00e9nagement du territoire \u00e0 l&rsquo;\u00e9chelle nationale ne s&rsquo;int\u00e9resserait qu&rsquo;aux p\u00e9riph\u00e9ries des m\u00e9tropoles, avec ces liaisons TGV qui ont \u00e9t\u00e9 construites ces derni\u00e8res ann\u00e9es\u00a0\u00bb.<\/p>\n<blockquote class=\"ftvi_content_quote\">\n<p class=\"ftvi_citation_quote\">Cette annonce, c&rsquo;est un v\u00e9ritable m\u00e9pris, une fois de plus, pour nos territoires ruraux qui sont au centre de la France<\/p>\n<p>Eric Corr\u00e9ia <\/p>\n<p class=\"ftvi_citation_source\"> Pr\u00e9sident de l&rsquo;agglom\u00e9ration du Grand Gu\u00e9ret<\/p>\n<\/blockquote>\n<p>De son c\u00f4t\u00e9, Eric Correia, le pr\u00e9sident (PRG) de l&rsquo;agglom\u00e9ration du Grand Gu\u00e9ret r\u00e9dige actuellement une lettre ouverte au pr\u00e9sident de la R\u00e9publique, au premier ministre et au pr\u00e9sident de la SNCF. \u00ab\u00a0Cette annonce, c&rsquo;est un v\u00e9ritable m\u00e9pris, une fois de plus, pour nos territoires ruraux qui sont au centre de la France. Ce qui est vraiment r\u00e9voltant, c&rsquo;est qu&rsquo;\u00e0 l&rsquo;heure o\u00f9 on demande aux \u00e9lus locaux leur position sur les mobilit\u00e9s d\u00e9carbon\u00e9es et bien la SNCF nous condamne \u00e0 utiliser encore plus la voiture et \u00e7a, c&rsquo;est inacceptable&#8230; \u00c7a fait 15 ans, que la SNCF investit sur le tout TGV, au d\u00e9triment du train du quotidien, et que l&rsquo;\u00c9tat ne fait pas son r\u00f4le d&rsquo;op\u00e9rateur, de r\u00e9gulateur, du principal actionnaire\u00a0\u00bb.<\/p>\n<p>Au-del\u00e0 de la p\u00e9tition, de nombreuses actions devraient voir le jour dans les mois qui viennent.<\/p>\n","protected":false},"excerpt":{"rendered":"Depuis la r\u00e9v\u00e9lation du projet d&rsquo;une ligne TGV entre Bordeaux et Lyon via Massy et Poitiers, c&rsquo;est la&hellip;\n","protected":false},"author":2,"featured_media":571511,"comment_status":"","ping_status":"","sticky":false,"template":"","format":"standard","meta":{"footnotes":""},"categories":[2817],"tags":[1111,11,1997,1777,674,1011,27,12,2219,25],"class_list":{"0":"post-571510","1":"post","2":"type-post","3":"status-publish","4":"format-standard","5":"has-post-thumbnail","7":"category-bordeaux","8":"tag-actu","9":"tag-actualites","10":"tag-bordeaux","11":"tag-eu","12":"tag-europe","13":"tag-fr","14":"tag-france","15":"tag-news","16":"tag-nouvelle-aquitaine","17":"tag-republique-francaise"},"share_on_mastodon":{"url":"https:\/\/pubeurope.com\/@fr\/115645797229495518","error":""},"_links":{"self":[{"href":"https:\/\/www.europesays.com\/fr\/wp-json\/wp\/v2\/posts\/571510","targetHints":{"allow":["GET"]}}],"collection":[{"href":"https:\/\/www.europesays.com\/fr\/wp-json\/wp\/v2\/posts"}],"about":[{"href":"https:\/\/www.europesays.com\/fr\/wp-json\/wp\/v2\/types\/post"}],"author":[{"embeddable":true,"href":"https:\/\/www.europesays.com\/fr\/wp-json\/wp\/v2\/users\/2"}],"replies":[{"embeddable":true,"href":"https:\/\/www.europesays.com\/fr\/wp-json\/wp\/v2\/comments?post=571510"}],"version-history":[{"count":0,"href":"https:\/\/www.europesays.com\/fr\/wp-json\/wp\/v2\/posts\/571510\/revisions"}],"wp:featuredmedia":[{"embeddable":true,"href":"https:\/\/www.europesays.com\/fr\/wp-json\/wp\/v2\/media\/571511"}],"wp:attachment":[{"href":"https:\/\/www.europesays.com\/fr\/wp-json\/wp\/v2\/media?parent=571510"}],"wp:term":[{"taxonomy":"category","embeddable":true,"href":"https:\/\/www.europesays.com\/fr\/wp-json\/wp\/v2\/categories?post=571510"},{"taxonomy":"post_tag","embeddable":true,"href":"https:\/\/www.europesays.com\/fr\/wp-json\/wp\/v2\/tags?post=571510"}],"curies":[{"name":"wp","href":"https:\/\/api.w.org\/{rel}","templated":true}]}}