{"id":571517,"date":"2025-12-01T18:49:12","date_gmt":"2025-12-01T18:49:12","guid":{"rendered":"https:\/\/www.europesays.com\/fr\/571517\/"},"modified":"2025-12-01T18:49:12","modified_gmt":"2025-12-01T18:49:12","slug":"episode-14-vainqueur-au-havre-a-10-contre-11-lille-enchaine-pour-la-2eme-fois-cette-saison-3-succes-%e2%9a%bd%e2%9a%bd%e2%9a%bd","status":"publish","type":"post","link":"https:\/\/www.europesays.com\/fr\/571517\/","title":{"rendered":"Episode 14: Vainqueur au Havre \u00e0 10 contre 11, Lille encha\u00eene pour la 2\u00e8me fois cette saison 3 succ\u00e8s. \u26bd\u26bd\u26bd"},"content":{"rendered":"<p>Au menu de l&rsquo;\u00e9pisode 14 :<\/p>\n<p class=\"PopSlotParagraph qg-tx2 qg-xtra-lh svelte-1r0pyek\">-Un groupe est-il n\u00e9 dans la douleur au Havre\u00a0?<br \/>-Y-a-t-il vraiment rouge pour Bouaddi \u00e0 la 51\u00e8me\u00a0?<br \/>-Une nouvelle hi\u00e9archie chez les attaquants\u00a0? Haraldsson et Fernandez-Pardo rel\u00e9gu\u00e9s sur le banc.\u00a0<br \/>-Ethan Mbapp\u00e9, plus seulement un joker de luxe\u00a0?<br \/>-La belle apr\u00e8s-midi d&rsquo;Ozer qui rapporte des points au LOSC.<\/p>\n<p> Autour de Sylvain Charley\u00a0:<\/p>\n<p class=\"PopSlotParagraph qg-tx2 qg-xtra-lh svelte-1r0pyek\">-Matthieu Rappez de France 3<br \/>-Baptiste Coget du podcast Bistrot Allez le LOSC<br \/>-Sandrine Arrestier de la Voix du Nord<br \/>-Chebdin Insi le coach de Lomme D\u00e9livrance en D1<\/p>\n","protected":false},"excerpt":{"rendered":"Au menu de l&rsquo;\u00e9pisode 14 : -Un groupe est-il n\u00e9 dans la douleur au Havre\u00a0?-Y-a-t-il vraiment rouge pour&hellip;\n","protected":false},"author":2,"featured_media":571518,"comment_status":"","ping_status":"","sticky":false,"template":"","format":"standard","meta":{"footnotes":""},"categories":[2815],"tags":[1111,11,1777,674,1011,27,811,1307,12,25],"class_list":{"0":"post-571517","1":"post","2":"type-post","3":"status-publish","4":"format-standard","5":"has-post-thumbnail","7":"category-lille","8":"tag-actu","9":"tag-actualites","10":"tag-eu","11":"tag-europe","12":"tag-fr","13":"tag-france","14":"tag-hauts-de-france","15":"tag-lille","16":"tag-news","17":"tag-republique-francaise"},"share_on_mastodon":{"url":"https:\/\/pubeurope.com\/@fr\/115645813006571920","error":""},"_links":{"self":[{"href":"https:\/\/www.europesays.com\/fr\/wp-json\/wp\/v2\/posts\/571517","targetHints":{"allow":["GET"]}}],"collection":[{"href":"https:\/\/www.europesays.com\/fr\/wp-json\/wp\/v2\/posts"}],"about":[{"href":"https:\/\/www.europesays.com\/fr\/wp-json\/wp\/v2\/types\/post"}],"author":[{"embeddable":true,"href":"https:\/\/www.europesays.com\/fr\/wp-json\/wp\/v2\/users\/2"}],"replies":[{"embeddable":true,"href":"https:\/\/www.europesays.com\/fr\/wp-json\/wp\/v2\/comments?post=571517"}],"version-history":[{"count":0,"href":"https:\/\/www.europesays.com\/fr\/wp-json\/wp\/v2\/posts\/571517\/revisions"}],"wp:featuredmedia":[{"embeddable":true,"href":"https:\/\/www.europesays.com\/fr\/wp-json\/wp\/v2\/media\/571518"}],"wp:attachment":[{"href":"https:\/\/www.europesays.com\/fr\/wp-json\/wp\/v2\/media?parent=571517"}],"wp:term":[{"taxonomy":"category","embeddable":true,"href":"https:\/\/www.europesays.com\/fr\/wp-json\/wp\/v2\/categories?post=571517"},{"taxonomy":"post_tag","embeddable":true,"href":"https:\/\/www.europesays.com\/fr\/wp-json\/wp\/v2\/tags?post=571517"}],"curies":[{"name":"wp","href":"https:\/\/api.w.org\/{rel}","templated":true}]}}