{"id":571519,"date":"2025-12-01T18:50:15","date_gmt":"2025-12-01T18:50:15","guid":{"rendered":"https:\/\/www.europesays.com\/fr\/571519\/"},"modified":"2025-12-01T18:50:15","modified_gmt":"2025-12-01T18:50:15","slug":"un-champion-ciotaden-de-chasse-sous-marine-juge-pour-peche-illegale-dans-les-calanques","status":"publish","type":"post","link":"https:\/\/www.europesays.com\/fr\/571519\/","title":{"rendered":"Un champion ciotaden de chasse sous-marine jug\u00e9 pour p\u00eache ill\u00e9gale dans les calanques"},"content":{"rendered":"<p>Lorsque la pr\u00e9sidente a demand\u00e9 o\u00f9 se trouvait Quentin Roustan, son avocate a r\u00e9pondu, volontairement floue\u00a0: \u00ab\u00a0\u00c0 l\u2019\u00e9tranger\u00a0\u00bb. L\u2019avocat du <a href=\"https:\/\/www.laprovence.com\/article\/region\/90077297425747\/la-presence-du-loup-dans-le-parc-national-des-calanques-serait-un-indicateur-de-bonne-sante\" target=\"_blank\" rel=\"noopener\">Parc national des calanques<\/a>, lui, s\u2019est fait un plaisir d\u2019\u00eatre plus clair\u00a0: \u00ab\u00a0Il est actuellement au Br\u00e9sil pour les championnats du monde de chasse sous-marine\u00a0\u00bb. Ce lundi 1er\u00a0d\u00e9cembre, s\u2019est tenu le proc\u00e8s de ce technicien de 34\u00a0ans pour trois <a href=\"https:\/\/www.laprovence.com\/article\/faits-divers-justice\/8320308219142915\/marseille-deux-braconniers-juges-pour-avoir-peche-dans-la-calanque-de-cortiou\" target=\"_blank\" rel=\"noopener\">infractions li\u00e9es \u00e0 la r\u00e9glementation de la p\u00eache<\/a>.<\/p>\n<p>Le 2\u00a0f\u00e9vrier dernier, un inspecteur de l\u2019environnement qui se trouvait sur l\u2019\u00eele de Riou, au large du littoral sud de <a href=\"https:\/\/www.laprovence.com\/bouches-du-rhone\/marseille-13055\" target=\"_blank\" rel=\"noopener\">Marseille<\/a>, avait aper\u00e7u Quentin Roustan et un comparse, se dirigeant en semi-rigide vers la zone de non-pr\u00e9l\u00e8vement (ZNP) de Riou-Podestat, un espace marin prot\u00e9g\u00e9 du parc des calanques. Selon le proc\u00e8s-verbal de ce dernier, les deux hommes, en combinaison et arm\u00e9s d\u2019un harpon, s\u2019\u00e9taient positionn\u00e9s en bordure de la ZNP avant de se laisser glisser \u00e0 l\u2019eau. Un peu plus tard, ils avaient d\u00e9plac\u00e9 le bateau \u00e0 quelques encablures, dans l\u2019enclave interdite et avaient continu\u00e9 \u00e0 chasser.<\/p>\n<p>19 poissons non marqu\u00e9s<\/p>\n<p>Leur navire avait \u00e9t\u00e9 contr\u00f4l\u00e9\u00a0; 22 poissons y avaient \u00e9t\u00e9 d\u00e9couverts, dont 19 non \u00ab\u00a0marqu\u00e9s\u00a0\u00bb par l\u2019ablation de leur nageoire caudale, une obli&#8230;<\/p>\n","protected":false},"excerpt":{"rendered":"Lorsque la pr\u00e9sidente a demand\u00e9 o\u00f9 se trouvait Quentin Roustan, son avocate a r\u00e9pondu, volontairement floue\u00a0: \u00ab\u00a0\u00c0 l\u2019\u00e9tranger\u00a0\u00bb.&hellip;\n","protected":false},"author":2,"featured_media":571520,"comment_status":"","ping_status":"","sticky":false,"template":"","format":"standard","meta":{"footnotes":""},"categories":[2814],"tags":[17,1111,11,3362,4183,68643,1777,674,274,1011,27,9342,884,12,4838,471,882,25,68644],"class_list":{"0":"post-571519","1":"post","2":"type-post","3":"status-publish","4":"format-standard","5":"has-post-thumbnail","7":"category-marseille","8":"tag-17","9":"tag-actu","10":"tag-actualites","11":"tag-champion","12":"tag-chasse","13":"tag-ciotaden","14":"tag-eu","15":"tag-europe","16":"tag-faits-divers-justice","17":"tag-fr","18":"tag-france","19":"tag-juge","20":"tag-marseille","21":"tag-news","22":"tag-peche","23":"tag-pour","24":"tag-provence-alpes-cote-dazur","25":"tag-republique-francaise","26":"tag-sous-marine"},"share_on_mastodon":{"url":"https:\/\/pubeurope.com\/@fr\/115645817005404360","error":""},"_links":{"self":[{"href":"https:\/\/www.europesays.com\/fr\/wp-json\/wp\/v2\/posts\/571519","targetHints":{"allow":["GET"]}}],"collection":[{"href":"https:\/\/www.europesays.com\/fr\/wp-json\/wp\/v2\/posts"}],"about":[{"href":"https:\/\/www.europesays.com\/fr\/wp-json\/wp\/v2\/types\/post"}],"author":[{"embeddable":true,"href":"https:\/\/www.europesays.com\/fr\/wp-json\/wp\/v2\/users\/2"}],"replies":[{"embeddable":true,"href":"https:\/\/www.europesays.com\/fr\/wp-json\/wp\/v2\/comments?post=571519"}],"version-history":[{"count":0,"href":"https:\/\/www.europesays.com\/fr\/wp-json\/wp\/v2\/posts\/571519\/revisions"}],"wp:featuredmedia":[{"embeddable":true,"href":"https:\/\/www.europesays.com\/fr\/wp-json\/wp\/v2\/media\/571520"}],"wp:attachment":[{"href":"https:\/\/www.europesays.com\/fr\/wp-json\/wp\/v2\/media?parent=571519"}],"wp:term":[{"taxonomy":"category","embeddable":true,"href":"https:\/\/www.europesays.com\/fr\/wp-json\/wp\/v2\/categories?post=571519"},{"taxonomy":"post_tag","embeddable":true,"href":"https:\/\/www.europesays.com\/fr\/wp-json\/wp\/v2\/tags?post=571519"}],"curies":[{"name":"wp","href":"https:\/\/api.w.org\/{rel}","templated":true}]}}