{"id":571521,"date":"2025-12-01T18:51:14","date_gmt":"2025-12-01T18:51:14","guid":{"rendered":"https:\/\/www.europesays.com\/fr\/571521\/"},"modified":"2025-12-01T18:51:14","modified_gmt":"2025-12-01T18:51:14","slug":"le-fbbp-01-affrontera-lolympique-de-marseille-en-32e-de-finale","status":"publish","type":"post","link":"https:\/\/www.europesays.com\/fr\/571521\/","title":{"rendered":"le FBBP 01 affrontera l&rsquo;Olympique de Marseille en 32e de finale\u00a0!"},"content":{"rendered":"<p>L\u2019adversaire du FBBP 01 en 32e de finale de Coupe de France est connu\u00a0! Le tirage au sort r\u00e9alis\u00e9 lundi soir depuis le Parc des Princes \u00e0 Paris a livr\u00e9 son verdict et <a href=\"https:\/\/www.leprogres.fr\/sport\/fbbp-01-football-bourg-en-bresse-peronnas-01\" target=\"_blank\" rel=\"nofollow noopener\">Bourg-P\u00e9ronnas<\/a> va d\u00e9fier l\u2019Olympique de Marseille.<\/p>\n<p>Pour s\u2019inviter dans ce 32e de finale qui se disputera le week-end des 20 et 21\u00a0d\u00e9cembre, les <a href=\"https:\/\/www.leprogres.fr\/sport\/2025\/11\/29\/coupe-de-france-le-fbbp-01-evite-le-piege-et-se-qualifie-dans-la-douleur-pour-les-32e-de-finale\" target=\"_blank\" rel=\"nofollow noopener\">Bressans viennent d\u2019\u00e9carter l\u2019Is\/Selongey (2-3)<\/a> , pensionnaire de r\u00e9gional 1 le week-end dernier. Les joueurs de David Le Frapper ont pu s\u2019appuyer sur des r\u00e9alisations de <a href=\"https:\/\/www.leprogres.fr\/sport\/2025\/10\/20\/pro-a-17-ans-puis-sans-club-a-22-l-attaquant-benjamin-besic-est-a-la-relance-au-fbbp-01\" target=\"_blank\" rel=\"nofollow noopener\">Benjamin Besic<\/a> (2) et Mohamed Boumaaoui. Apr\u00e8s deux rencontres de championnat face \u00e0 Sochaux (5\u00a0d\u00e9cembre) puis \u00e0 Villefranche (12\u00a0d\u00e9cembre), les Bleus retrouveront donc la Coupe de France le week-end des 20 et 21\u00a0d\u00e9cembre\u00a0face \u00e0 l\u2019 <strong>Olympique de Marseille<\/strong>, club de Ligue 1. Le FBBP 01 accueillera donc l&rsquo;OM au stade Verch\u00e8re \u00a0! Une \u00e9norme affiche pour les Bressans.<\/p>\n<p>\u00a0<\/p>\n<p>Des souvenirs entre les clubs<\/p>\n<p>\u00a0<\/p>\n<p>En Coupe de France, Bourg-P\u00e9ronnas et Marseille se sont d\u00e9j\u00e0 crois\u00e9s ces derni\u00e8res ann\u00e9es. Ainsi, le FBBP 01 avait accueilli \u00e0 Bourg-en-Bresse le club\u00a0phoc\u00e9en en 2018 (avec un score de 0-9 sans appel pour les Marseillais) en huiti\u00e8me de finale. Et en 2012, le club du pr\u00e9sident Gilles Garnier avait finalement d\u00fb se d\u00e9placer au V\u00e9lodrome pour y jouer son match, au m\u00eame niveau de comp\u00e9tition. Avec \u00e9galement une \u00e9limination \u00e0 la cl\u00e9 (3-1). Entretemps, les deux \u00e9quipes s&rsquo;\u00e9taient jou\u00e9es en Coupe de la Ligue (8e de finale), avec \u00e0 nouveau succ\u00e8s marseillais (2-3).\u00a0<\/p>\n<p>Ce sera notamment un match particulier pour l&rsquo;entra\u00eeneur bressan David Le Frapper, qui a \u00e9t\u00e9 &#8211; avec sa casquette de formateur &#8211; entra\u00eeneur de l&rsquo;\u00e9quipe r\u00e9serve de l&rsquo;Olympique de Marseille entre 2016 et 2019.<\/p>\n","protected":false},"excerpt":{"rendered":"L\u2019adversaire du FBBP 01 en 32e de finale de Coupe de France est connu\u00a0! Le tirage au sort&hellip;\n","protected":false},"author":2,"featured_media":571522,"comment_status":"","ping_status":"","sticky":false,"template":"","format":"standard","meta":{"footnotes":""},"categories":[2814],"tags":[1111,11,2738,6749,6750,15922,6751,1777,674,53597,107,63,1011,27,884,12,882,25,517],"class_list":{"0":"post-571521","1":"post","2":"type-post","3":"status-publish","4":"format-standard","5":"has-post-thumbnail","7":"category-marseille","8":"tag-actu","9":"tag-actualites","10":"tag-ain","11":"tag-bourg-en-bresse","12":"tag-bourg-en-bresse-ville","13":"tag-coupe-de-france-de-football","14":"tag-edition-ain-ouest","15":"tag-eu","16":"tag-europe","17":"tag-fbbp-01-football-bourg-en-bresse-peronnas-01","18":"tag-fil-info","19":"tag-football","20":"tag-fr","21":"tag-france","22":"tag-marseille","23":"tag-news","24":"tag-provence-alpes-cote-dazur","25":"tag-republique-francaise","26":"tag-sport"},"share_on_mastodon":{"url":"https:\/\/pubeurope.com\/@fr\/115645820801594773","error":""},"_links":{"self":[{"href":"https:\/\/www.europesays.com\/fr\/wp-json\/wp\/v2\/posts\/571521","targetHints":{"allow":["GET"]}}],"collection":[{"href":"https:\/\/www.europesays.com\/fr\/wp-json\/wp\/v2\/posts"}],"about":[{"href":"https:\/\/www.europesays.com\/fr\/wp-json\/wp\/v2\/types\/post"}],"author":[{"embeddable":true,"href":"https:\/\/www.europesays.com\/fr\/wp-json\/wp\/v2\/users\/2"}],"replies":[{"embeddable":true,"href":"https:\/\/www.europesays.com\/fr\/wp-json\/wp\/v2\/comments?post=571521"}],"version-history":[{"count":0,"href":"https:\/\/www.europesays.com\/fr\/wp-json\/wp\/v2\/posts\/571521\/revisions"}],"wp:featuredmedia":[{"embeddable":true,"href":"https:\/\/www.europesays.com\/fr\/wp-json\/wp\/v2\/media\/571522"}],"wp:attachment":[{"href":"https:\/\/www.europesays.com\/fr\/wp-json\/wp\/v2\/media?parent=571521"}],"wp:term":[{"taxonomy":"category","embeddable":true,"href":"https:\/\/www.europesays.com\/fr\/wp-json\/wp\/v2\/categories?post=571521"},{"taxonomy":"post_tag","embeddable":true,"href":"https:\/\/www.europesays.com\/fr\/wp-json\/wp\/v2\/tags?post=571521"}],"curies":[{"name":"wp","href":"https:\/\/api.w.org\/{rel}","templated":true}]}}