{"id":571523,"date":"2025-12-01T18:52:16","date_gmt":"2025-12-01T18:52:16","guid":{"rendered":"https:\/\/www.europesays.com\/fr\/571523\/"},"modified":"2025-12-01T18:52:16","modified_gmt":"2025-12-01T18:52:16","slug":"les-meilleurs-donneurs-a-lhonneur","status":"publish","type":"post","link":"https:\/\/www.europesays.com\/fr\/571523\/","title":{"rendered":"les meilleurs donneurs \u00e0 l\u2019honneur"},"content":{"rendered":"<p>De nombreux donneurs recevront ce jeudi, lors d\u2019une c\u00e9r\u00e9monie organis\u00e9e par l\u2019\u00c9tablissement fran\u00e7ais du sang (EFS) et la mairie de Lyon, leur dipl\u00f4me de donneurs \u00e9m\u00e9rites, r\u00e9compensant plus de 45 dons pour les femmes (qui peuvent donner leur sang au maximum quatre fois par an et leur plasma tous les quinze jours) et plus de 75\u00a0dons pour les hommes (qui peuvent eux donner jusqu\u2019\u00e0 six fois par an et leur plasma tous les 15 jours). Parmi\u00a0eux plusieurs donneurs totalisent plus de 200 dons.<\/p>\n","protected":false},"excerpt":{"rendered":"De nombreux donneurs recevront ce jeudi, lors d\u2019une c\u00e9r\u00e9monie organis\u00e9e par l\u2019\u00c9tablissement fran\u00e7ais du sang (EFS) et la&hellip;\n","protected":false},"author":2,"featured_media":30227,"comment_status":"","ping_status":"","sticky":false,"template":"","format":"standard","meta":{"footnotes":""},"categories":[1889],"tags":[1111,11,2430,2757,1777,674,1011,27,2428,2756,12,25,71],"class_list":{"0":"post-571523","1":"post","2":"type-post","3":"status-publish","4":"format-standard","5":"has-post-thumbnail","7":"category-lyon","8":"tag-actu","9":"tag-actualites","10":"tag-auvergne-rhone-alpes","11":"tag-edition-lyon-villeurbanne","12":"tag-eu","13":"tag-europe","14":"tag-fr","15":"tag-france","16":"tag-lyon","17":"tag-lyon-bassin","18":"tag-news","19":"tag-republique-francaise","20":"tag-sante"},"share_on_mastodon":{"url":"https:\/\/pubeurope.com\/@fr\/115645824751201729","error":""},"_links":{"self":[{"href":"https:\/\/www.europesays.com\/fr\/wp-json\/wp\/v2\/posts\/571523","targetHints":{"allow":["GET"]}}],"collection":[{"href":"https:\/\/www.europesays.com\/fr\/wp-json\/wp\/v2\/posts"}],"about":[{"href":"https:\/\/www.europesays.com\/fr\/wp-json\/wp\/v2\/types\/post"}],"author":[{"embeddable":true,"href":"https:\/\/www.europesays.com\/fr\/wp-json\/wp\/v2\/users\/2"}],"replies":[{"embeddable":true,"href":"https:\/\/www.europesays.com\/fr\/wp-json\/wp\/v2\/comments?post=571523"}],"version-history":[{"count":0,"href":"https:\/\/www.europesays.com\/fr\/wp-json\/wp\/v2\/posts\/571523\/revisions"}],"wp:featuredmedia":[{"embeddable":true,"href":"https:\/\/www.europesays.com\/fr\/wp-json\/wp\/v2\/media\/30227"}],"wp:attachment":[{"href":"https:\/\/www.europesays.com\/fr\/wp-json\/wp\/v2\/media?parent=571523"}],"wp:term":[{"taxonomy":"category","embeddable":true,"href":"https:\/\/www.europesays.com\/fr\/wp-json\/wp\/v2\/categories?post=571523"},{"taxonomy":"post_tag","embeddable":true,"href":"https:\/\/www.europesays.com\/fr\/wp-json\/wp\/v2\/tags?post=571523"}],"curies":[{"name":"wp","href":"https:\/\/api.w.org\/{rel}","templated":true}]}}