{"id":571528,"date":"2025-12-01T18:57:15","date_gmt":"2025-12-01T18:57:15","guid":{"rendered":"https:\/\/www.europesays.com\/fr\/571528\/"},"modified":"2025-12-01T18:57:15","modified_gmt":"2025-12-01T18:57:15","slug":"ils-voulaient-commettre-une-attaque-antisemite-deux-adolescents-mis-en-examen-et-ecroues","status":"publish","type":"post","link":"https:\/\/www.europesays.com\/fr\/571528\/","title":{"rendered":"ils voulaient commettre une attaque \u00ab\u00a0antis\u00e9mite\u00a0\u00bb, deux adolescents mis en examen et \u00e9crou\u00e9s"},"content":{"rendered":"<p>                    Par<br \/>\n        <strong><br \/>\n            <a href=\"https:\/\/actu.fr\/auteur\/redaction-paris\" title=\"Consulter tous les articles de R\u00e9daction Paris\" target=\"_blank\" rel=\"noopener\">R\u00e9daction Paris<\/a><br \/>\n                    <\/strong><\/p>\n<p>        Publi\u00e9 le<\/p>\n<p>            1 d\u00e9c. 2025 \u00e0 17h58        <\/p>\n<p>Un nouveau projet d\u2019attaque terroriste d\u00e9jou\u00e9 par les services de renseignement. Selon une information du <a href=\"https:\/\/www.leparisien.fr\/faits-divers\/deux-mineurs-qui-projetaient-des-attaques-terroristes-mis-en-examen-debut-aout-a-paris-26-08-2025-F62DVCZX35FMDA2HCFXKVEVOHA.php\" target=\"_blank\" rel=\"noopener\">Parisien <\/a>confirm\u00e9e aupr\u00e8s de l\u2019AFP par le <strong>parquet national anti-terroriste<\/strong> (Pnat), <strong>deux adolescents<\/strong> ont \u00e9t\u00e9 mis en examen et \u00e9crou\u00e9s \u00e0 <a href=\"https:\/\/actu.fr\/paris\/\" target=\"_blank\" rel=\"noopener\">Paris<\/a>, dimanche 30 novembre 2025, pour \u00ab\u2009participation \u00e0 une association de malfaiteurs terroriste en vue de la pr\u00e9paration d\u2019un ou plusieurs crimes d\u2019atteinte aux personnes\u2009\u00bb.<\/p>\n<p>20 mineurs d\u00e9j\u00e0 mis en examen pour des projets terroristes en 2025<\/p>\n<p class=\" wall-content\">D\u2019apr\u00e8s le quotidien, les deux mineurs seraient \u00e2g\u00e9s de <strong>16\u00a0ans<\/strong>. Ils auraient eu pour projet une attaque \u00ab\u2009antis\u00e9mite\u2009\u00bb, selon une source proche de l\u2019enqu\u00eate \u00e0 l\u2019AFP. La DGSI a interpell\u00e9 les deux adolescents le 26\u00a0novembre dernier.<\/p>\n<p class=\" wall-content\">Depuis le d\u00e9but de l\u2019ann\u00e9e 2025, <strong>20 mineurs<\/strong> ont \u00e9t\u00e9 mis en examen dans le cadre de proc\u00e9dures pour terrorisme suivies par le Pnat. En ao\u00fbt dernier, deux adolescents soup\u00e7onn\u00e9s d\u2019actions violentes \u00e0 caract\u00e8re djihadiste avaient \u00e9t\u00e9 <a href=\"https:\/\/actu.fr\/ile-de-france\/paris_75056\/amateurs-de-contenus-ultraviolents-fascines-par-daesh-les-deux-jeunes-projetaient-une-action-en-plein-paris_63081884.html\" target=\"_blank\" rel=\"noopener\">mis en examen<\/a> pour association de malfaiteurs terroristes, selon une information du <a href=\"https:\/\/www.lefigaro.fr\/actualite-france\/terrorisme-deux-mineurs-voulaient-s-en-prendre-a-des-synagogues-et-a-la-tour-eiffel-20250826\" target=\"_blank\" rel=\"noopener\">Figaro<\/a>.<\/p>\n<p class=\" wall-content\">Avec AFP<\/p>\n<p class=\" wall-content\">Personnalisez votre actualit\u00e9 en ajoutant vos villes et m\u00e9dias en favori avec <a href=\"https:\/\/moncompte.actu.fr\" title=\"D\u00e9couvez Mon Actu\" rel=\"nofollow noopener\" data-trk=\"{&quot;cta&quot;:{&quot;action&quot;:&quot;https:\\\/\\\/moncompte.actu.fr&quot;,&quot;category&quot;:&quot;mon compte&quot;,&quot;from&quot;:&quot;article footer&quot;,&quot;name&quot;:&quot;Mon actu&quot;,&quot;type&quot;:&quot;cta&quot;}}\" target=\"_blank\">Mon Actu<\/a>.<\/p>\n","protected":false},"excerpt":{"rendered":"Par R\u00e9daction Paris Publi\u00e9 le 1 d\u00e9c. 2025 \u00e0 17h58 Un nouveau projet d\u2019attaque terroriste d\u00e9jou\u00e9 par les&hellip;\n","protected":false},"author":2,"featured_media":571529,"comment_status":"","ping_status":"","sticky":false,"template":"","format":"standard","meta":{"footnotes":""},"categories":[1888],"tags":[1111,1928,11,1927,6155,1777,674,118,1011,27,303,12,1926,626,1925,25,1254],"class_list":{"0":"post-571528","1":"post","2":"type-post","3":"status-publish","4":"format-standard","5":"has-post-thumbnail","7":"category-paris","8":"tag-actu","9":"tag-actu-paris","10":"tag-actualites","11":"tag-actualites-paris","12":"tag-antisemitisme","13":"tag-eu","14":"tag-europe","15":"tag-faits-divers","16":"tag-fr","17":"tag-france","18":"tag-justice","19":"tag-news","20":"tag-news-paris","21":"tag-paris","22":"tag-paris-news","23":"tag-republique-francaise","24":"tag-terrorisme"},"share_on_mastodon":{"url":"https:\/\/pubeurope.com\/@fr\/115645844247162936","error":""},"_links":{"self":[{"href":"https:\/\/www.europesays.com\/fr\/wp-json\/wp\/v2\/posts\/571528","targetHints":{"allow":["GET"]}}],"collection":[{"href":"https:\/\/www.europesays.com\/fr\/wp-json\/wp\/v2\/posts"}],"about":[{"href":"https:\/\/www.europesays.com\/fr\/wp-json\/wp\/v2\/types\/post"}],"author":[{"embeddable":true,"href":"https:\/\/www.europesays.com\/fr\/wp-json\/wp\/v2\/users\/2"}],"replies":[{"embeddable":true,"href":"https:\/\/www.europesays.com\/fr\/wp-json\/wp\/v2\/comments?post=571528"}],"version-history":[{"count":0,"href":"https:\/\/www.europesays.com\/fr\/wp-json\/wp\/v2\/posts\/571528\/revisions"}],"wp:featuredmedia":[{"embeddable":true,"href":"https:\/\/www.europesays.com\/fr\/wp-json\/wp\/v2\/media\/571529"}],"wp:attachment":[{"href":"https:\/\/www.europesays.com\/fr\/wp-json\/wp\/v2\/media?parent=571528"}],"wp:term":[{"taxonomy":"category","embeddable":true,"href":"https:\/\/www.europesays.com\/fr\/wp-json\/wp\/v2\/categories?post=571528"},{"taxonomy":"post_tag","embeddable":true,"href":"https:\/\/www.europesays.com\/fr\/wp-json\/wp\/v2\/tags?post=571528"}],"curies":[{"name":"wp","href":"https:\/\/api.w.org\/{rel}","templated":true}]}}