{"id":571532,"date":"2025-12-01T18:59:09","date_gmt":"2025-12-01T18:59:09","guid":{"rendered":"https:\/\/www.europesays.com\/fr\/571532\/"},"modified":"2025-12-01T18:59:09","modified_gmt":"2025-12-01T18:59:09","slug":"municipales-2026-a-paris-les-propositions-de-pierre-yves-bournazel-pour-mettre-fin-aux-galeres-du-logement","status":"publish","type":"post","link":"https:\/\/www.europesays.com\/fr\/571532\/","title":{"rendered":"Municipales 2026 \u00e0 Paris\u00a0: les propositions de Pierre-Yves Bournazel pour mettre fin aux gal\u00e8res du logement"},"content":{"rendered":"<p class=\"paragraph text_align_left lp-f-body-02\">Mettre fin aux files interminables qui occupent les rues parisiennes lors de visites d\u2019appartements \u00e0 louer. Ou bien r\u00e9duire la liste, encore plus longue, des centaines de milliers de personnes <a href=\"https:\/\/www.leparisien.fr\/immobilier\/baisse-des-constructions-hausse-des-demandes-pour-obtenir-un-logement-social-fuyez-lile-de-france-05-06-2025-ZDAK62JHJRGW3PAUMPGMEBFHUM.php\" target=\"_blank\" rel=\"noopener\">en attente de logement social<\/a>. Et, enfin, en terminer avec les photos nombreuses d\u2019appartement insalubres ou difficult\u00e9s de ceux qui b\u00e9n\u00e9ficient de HLM. Ce sont, en somme, les objectifs fix\u00e9s par <a href=\"https:\/\/www.leparisien.fr\/elections\/municipales\/municipales-a-paris-pierre-yves-bournazel-candidat-anti-pagaille-02-06-2025-Q6JCP5US7RALRHZMSGFRDYZXDI.php\" target=\"_blank\" rel=\"noreferrer noopener\">Pierre-Yves Bournazel<\/a>, candidat Horizons soutenu par Renaissance aux <a href=\"https:\/\/www.leparisien.fr\/elections\/municipales\/municipales-paris\/\" target=\"_blank\" rel=\"noreferrer noopener\">municipales \u00e0 Paris<\/a>, pour le logement dans la capitale. <\/p>\n<p class=\"paragraph text_align_left lp-f-body-02\">Face \u00e0 la crise que conna\u00eet Paris dans ce domaine, l\u2019\u00e9lu du XVIIIe arrondissement, qui rappelle que<a href=\"https:\/\/www.leparisien.fr\/paris-75\/paris-pourquoi-la-capitale-perd-12-000-habitants-chaque-annee-02-01-2025-7NDJZL6OWRHBRA4K2F7PIEQXLQ.php\" target=\"_blank\" rel=\"noreferrer noopener\"> 130 000 personnes ont quitt\u00e9 la capitale depuis 2014<\/a>, veut agir sur les trois leviers du parc priv\u00e9, du parc social et du logement \u00e9tudiant. Il vise le retour sur le march\u00e9 de 60 000 logements, alors que \u00ab 270 000 sont inoccup\u00e9s \u00e0 Paris \u00bb. Des mesures co\u00fbteuses qu\u2019il pr\u00e9voit majoritairement de financer en \u00ab arr\u00eatant de pr\u00e9empter des biens pour 250 millions d\u2019euros par an <a href=\"https:\/\/www.leparisien.fr\/paris-75\/paris-un-milliard-deuros-depenses-en-deux-ans-pour-creer-du-logement-social-12-12-2024-VJYNRO5TORHYZDTCGGBLYQLIFA.php#:~:text=Paris-,Paris%20%3A%20un%20milliard%20d&#039;euros%20d%C3%A9pens%C3%A9s%20en%20deux%20ans%20pour,avoisinant%20le%20milliard%20d&#039;euros.\" target=\"_blank\" rel=\"noreferrer noopener\">comme le fait la Ville<\/a> \u00bb.<\/p>\n","protected":false},"excerpt":{"rendered":"Mettre fin aux files interminables qui occupent les rues parisiennes lors de visites d\u2019appartements \u00e0 louer. Ou bien&hellip;\n","protected":false},"author":2,"featured_media":571533,"comment_status":"","ping_status":"","sticky":false,"template":"","format":"standard","meta":{"footnotes":""},"categories":[1888],"tags":[11,5949,1777,674,1011,27,3554,12,626,316,25],"class_list":{"0":"post-571532","1":"post","2":"type-post","3":"status-publish","4":"format-standard","5":"has-post-thumbnail","7":"category-paris","8":"tag-actualites","9":"tag-elections","10":"tag-eu","11":"tag-europe","12":"tag-fr","13":"tag-france","14":"tag-municipales","15":"tag-news","16":"tag-paris","17":"tag-politique","18":"tag-republique-francaise"},"share_on_mastodon":{"url":"https:\/\/pubeurope.com\/@fr\/115645852432291723","error":""},"_links":{"self":[{"href":"https:\/\/www.europesays.com\/fr\/wp-json\/wp\/v2\/posts\/571532","targetHints":{"allow":["GET"]}}],"collection":[{"href":"https:\/\/www.europesays.com\/fr\/wp-json\/wp\/v2\/posts"}],"about":[{"href":"https:\/\/www.europesays.com\/fr\/wp-json\/wp\/v2\/types\/post"}],"author":[{"embeddable":true,"href":"https:\/\/www.europesays.com\/fr\/wp-json\/wp\/v2\/users\/2"}],"replies":[{"embeddable":true,"href":"https:\/\/www.europesays.com\/fr\/wp-json\/wp\/v2\/comments?post=571532"}],"version-history":[{"count":0,"href":"https:\/\/www.europesays.com\/fr\/wp-json\/wp\/v2\/posts\/571532\/revisions"}],"wp:featuredmedia":[{"embeddable":true,"href":"https:\/\/www.europesays.com\/fr\/wp-json\/wp\/v2\/media\/571533"}],"wp:attachment":[{"href":"https:\/\/www.europesays.com\/fr\/wp-json\/wp\/v2\/media?parent=571532"}],"wp:term":[{"taxonomy":"category","embeddable":true,"href":"https:\/\/www.europesays.com\/fr\/wp-json\/wp\/v2\/categories?post=571532"},{"taxonomy":"post_tag","embeddable":true,"href":"https:\/\/www.europesays.com\/fr\/wp-json\/wp\/v2\/tags?post=571532"}],"curies":[{"name":"wp","href":"https:\/\/api.w.org\/{rel}","templated":true}]}}