{"id":571538,"date":"2025-12-01T19:03:18","date_gmt":"2025-12-01T19:03:18","guid":{"rendered":"https:\/\/www.europesays.com\/fr\/571538\/"},"modified":"2025-12-01T19:03:18","modified_gmt":"2025-12-01T19:03:18","slug":"zelensky-vient-se-rassurer-a-paris-avant-que-son-destin-se-joue-sans-lui-a-moscou","status":"publish","type":"post","link":"https:\/\/www.europesays.com\/fr\/571538\/","title":{"rendered":"Zelensky vient se rassurer \u00e0 Paris, avant que son destin se joue (sans lui) \u00e0 Moscou"},"content":{"rendered":"<p>Vous avez rat\u00e9 les derniers \u00e9v\u00e9nements sur la <a href=\"https:\/\/www.20minutes.fr\/monde\/ukraine\/\" class=\"c-link c-link--is-underlined\" target=\"_blank\" rel=\"noopener\">guerre en Ukraine<\/a>\u00a0? 20 Minutes fait le point pour vous tous les soirs. Voici l\u2019essentiel de ce lundi 1er\u00a0d\u00e9cembre, au 1.376e jour du conflit.<\/p>\n<p>Le fait du jour<\/p>\n<p>Paris et la Floride \u00e9taient au centre des n\u00e9gociations de paix ce lundi. <a href=\"https:\/\/www.20minutes.fr\/monde\/volodymyr-zelensky\/\" class=\"c-link c-link--is-underlined\" target=\"_blank\" rel=\"noopener\">Volodymyr Zelensky<\/a> a fait sa 10e visite dans la capitale fran\u00e7aise, passant depuis l\u2019Elys\u00e9e nombre de coups de fil au cours desquels ses alli\u00e9s europ\u00e9ens ont redit qu\u2019une \u00ab\u00a0pax americana\u00a0\u00bb, uniquement n\u00e9goci\u00e9e en Washington et <a href=\"https:\/\/www.20minutes.fr\/monde\/moscou\/\" class=\"c-link c-link--is-underlined\" target=\"_blank\" rel=\"noopener\">Moscou<\/a>, \u00e9tait impensable. Il n\u2019y a \u00ab\u00a0pas aujourd\u2019hui \u00e0 proprement parler un plan qui soit finalis\u00e9\u00a0\u00bb, a martel\u00e9 Emmanuel Macron \u00e0 l\u2019issue de cette s\u00e9quence diplomatique. \u00ab\u00a0Nous sommes encore \u00e0 une phase pr\u00e9alable\u00a0\u00bb, le plan avanc\u00e9 par Washington \u00ab\u00a0ne peut \u00eatre finalis\u00e9 qu\u2019avec les Europ\u00e9ens autour de la table\u00a0\u00bb. A distance, le chancelier allemand <a href=\"https:\/\/www.20minutes.fr\/politique\/friedrich-merz\/\" class=\"c-link c-link--is-underlined\" target=\"_blank\" rel=\"noopener\">Friedrich Merz<\/a> a dit son refus d\u2019une \u00ab\u00a0paix dict\u00e9e\u00a0\u00bb \u00e0 l\u2019Ukraine. \u00ab\u00a0Je crains que toute la pression soit exerc\u00e9e sur le c\u00f4t\u00e9 le plus faible, car la reddition de l\u2019Ukraine, c\u2019est la mani\u00e8re la plus facile de mettre fin \u00e0 cette guerre\u00a0\u00bb, a pour sa part d\u00e9clar\u00e9 Kaja Kallas, la cheffe de la diplomatie europ\u00e9enne, en marge d\u2019une r\u00e9union \u00e0 Bruxelles des ministres de la D\u00e9fense de l\u2019UE.<\/p>\n<\/p>\n<p>Tout en remerciant pour leur m\u00e9diation les Etats-Unis de Trump, qui parall\u00e8lement n\u00e9gociaient en Floride avec les Ukrainiens, les Europ\u00e9ens ont donc rappel\u00e9 o\u00f9 sont leurs lignes rouges, \u00e0 la veille de la rencontre, s\u00fbrement capitale, \u00e0 Moscou entre Steve Witkoff, l\u2019envoy\u00e9 sp\u00e9cial de <a href=\"https:\/\/www.20minutes.fr\/dossier\/donald_trump\" class=\"c-link c-link--is-underlined\" target=\"_blank\" rel=\"noopener\">Donald Trump<\/a>, et <a href=\"https:\/\/www.20minutes.fr\/monde\/vladimir_poutine\/\" class=\"c-link c-link--is-underlined\" target=\"_blank\" rel=\"noopener\">Vladimir Poutine<\/a>.<\/p>\n<p>Le pr\u00e9sident ukrainien s\u2019attend d\u00e9sormais \u00ab\u00a0\u00e0 une discussion avec le pr\u00e9sident des Etats-Unis sur des questions cl\u00e9s\u00a0\u00bb. Mais il passera apr\u00e8s le ma\u00eetre du Kremlin.<\/p>\n<p>La d\u00e9claration du jour<\/p>\n<blockquote class=\"mx-m@xs mx-xxl@md color-ultramarine c-citation\">\n<p class=\"font-weight-regular@xs text-italic font-source-serif-pro text-l@xs c-citation__content\">\u00ab\u00a0Nous constatons une augmentation des frappes de missiles et de drones. C\u2019est une forte pression, non seulement psychologique mais aussi physique sur notre population, simplement pour briser les Ukrainiens.\u00a0\u00bb<\/p>\n<\/blockquote>\n<p>Comme le constate Volodymyr Zelensky, l\u2019acc\u00e9l\u00e9ration des tractations diplomatiques ne s\u2019accompagne pas, loin de l\u00e0, d\u2019une tr\u00eave sur le champ de bataille. Moscou joue au contraire la d\u00e9monstration de force. Ce mardi matin, une frappe de missile russe sur Dnipro, grande ville du centre-est de l\u2019Ukraine, a fait au moins quatre morts et 22 bless\u00e9s.<\/p>\n<\/p>\n<p>Le chiffre du jour<\/p>\n<p>701\u00a0km2. La surface conquise par les Russes en terres ukrainiennes au cours du mois de novembre, selon les calculs de l\u2019AFP sur la base selon l\u2019analyse par l\u2019AFP des donn\u00e9es fournies par l\u2019Institut am\u00e9ricain pour l\u2019\u00e9tude de la guerre (ISW). Il s\u2019agit de la deuxi\u00e8me avanc\u00e9e la plus importante apr\u00e8s celle de novembre\u00a02024 (725\u00a0km2), en dehors des premiers mois de guerre au printemps\u00a02022, quand la ligne de front \u00e9tait tr\u00e8s mobile.<\/p>\n<p>Fin novembre, l\u2019arm\u00e9e russe occupait 19,3\u00a0% du territoire ukrainien. Quelque 7\u00a0%, la Crim\u00e9e et des zones du Donbass, \u00e9taient d\u00e9j\u00e0 contr\u00f4l\u00e9s par Moscou avant le d\u00e9but de ce conflit. Depuis le d\u00e9but de l\u2019ann\u00e9e, la <a href=\"https:\/\/www.20minutes.fr\/monde\/russie\/\" class=\"c-link c-link--is-underlined\" target=\"_blank\" rel=\"noopener\">Russie<\/a> a gagn\u00e9 pr\u00e8s de 5.400 km2 de terrain en Ukraine, pas loin de 2.000 km2 de plus que sur la m\u00eame p\u00e9riode l\u2019ann\u00e9e pr\u00e9c\u00e9dente.<\/p>\n<p>La tendance<\/p>\n<p>Le torchon br\u00fble entre l\u2019Union europ\u00e9enne et la <a href=\"https:\/\/www.20minutes.fr\/monde\/bielorussie\/\" class=\"c-link c-link--is-underlined\" target=\"_blank\" rel=\"noopener\">Bi\u00e9lorussie<\/a>. L\u2019<a href=\"https:\/\/www.20minutes.fr\/dossier\/ue\" class=\"c-link c-link--is-underlined\" target=\"_blank\" rel=\"noopener\">UE<\/a> a annonc\u00e9 pr\u00e9parer de nouvelles sanctions contre le pays alli\u00e9 de Moscou, accus\u00e9 d\u2019orchestrer une \u00ab\u00a0attaque hybride inacceptable\u00a0\u00bb contre la Lituanie. \u00ab\u00a0La situation \u00e0 la fronti\u00e8re avec le B\u00e9larus s\u2019aggrave, avec la multiplication des incursions de ballons de contrebande dans l\u2019espace a\u00e9rien lituanien. Une telle attaque hybride du r\u00e9gime de Loukachenko est totalement inacceptable. [\u2026] Nous pr\u00e9parons de nouvelles mesures dans le cadre de notre r\u00e9gime de sanctions\u00a0\u00bb, a \u00e9crit la pr\u00e9sidente de la Commission europ\u00e9enne Ursula von\u00a0der\u00a0Leyen sur le r\u00e9seau social X. Apr\u00e8s un \u00e9change avec le pr\u00e9sident lituanien Gitanas Nauseda, elle a soulign\u00e9 la \u00ab\u00a0solidarit\u00e9\u00a0\u00bb de l\u2019Union europ\u00e9enne avec la Lituanie, membre de l\u2019UE et de l\u2019Otan.<\/p>\n<p><a href=\"http:\/\/www.20minutes.fr\/monde\/ukraine\" class=\"c-link c-btn c-btn--primary\" target=\"_blank\" rel=\"noopener\">Notre dossier sur la guerre en Ukraine<\/a><\/p>\n<p>Des tensions surviennent r\u00e9guli\u00e8rement avec la Bi\u00e9lorussie. La Lituanie a rouvert fin novembre sa fronti\u00e8re avec elle, qui \u00e9tait ferm\u00e9e depuis le 30\u00a0octobre apr\u00e8s une s\u00e9rie d\u2019incursions de ballons servant \u00e0 la contrebande de cigarettes. Apr\u00e8s la fermeture de la fronti\u00e8re, Minsk avait saisi quelque 2.000 camions lituaniens.<\/p>\n","protected":false},"excerpt":{"rendered":"Vous avez rat\u00e9 les derniers \u00e9v\u00e9nements sur la guerre en Ukraine\u00a0? 20 Minutes fait le point pour vous&hellip;\n","protected":false},"author":2,"featured_media":571539,"comment_status":"","ping_status":"","sticky":false,"template":"","format":"standard","meta":{"footnotes":""},"categories":[1590],"tags":[47,11,17059,75,1073,73,1777,674,131,74,12,132,220,135,134],"class_list":{"0":"post-571538","1":"post","2":"type-post","3":"status-publish","4":"format-standard","5":"has-post-thumbnail","7":"category-ukraine","8":"tag-actualite","9":"tag-actualites","10":"tag-bielorussie","11":"tag-donald-trump","12":"tag-emmanuel-macron","13":"tag-etats-unis","14":"tag-eu","15":"tag-europe","16":"tag-guerre-en-ukraine","17":"tag-monde","18":"tag-news","19":"tag-russie","20":"tag-ukraine","21":"tag-vladimir-poutine","22":"tag-volodymyr-zelensky"},"share_on_mastodon":{"url":"https:\/\/pubeurope.com\/@fr\/115645868036801508","error":""},"_links":{"self":[{"href":"https:\/\/www.europesays.com\/fr\/wp-json\/wp\/v2\/posts\/571538","targetHints":{"allow":["GET"]}}],"collection":[{"href":"https:\/\/www.europesays.com\/fr\/wp-json\/wp\/v2\/posts"}],"about":[{"href":"https:\/\/www.europesays.com\/fr\/wp-json\/wp\/v2\/types\/post"}],"author":[{"embeddable":true,"href":"https:\/\/www.europesays.com\/fr\/wp-json\/wp\/v2\/users\/2"}],"replies":[{"embeddable":true,"href":"https:\/\/www.europesays.com\/fr\/wp-json\/wp\/v2\/comments?post=571538"}],"version-history":[{"count":0,"href":"https:\/\/www.europesays.com\/fr\/wp-json\/wp\/v2\/posts\/571538\/revisions"}],"wp:featuredmedia":[{"embeddable":true,"href":"https:\/\/www.europesays.com\/fr\/wp-json\/wp\/v2\/media\/571539"}],"wp:attachment":[{"href":"https:\/\/www.europesays.com\/fr\/wp-json\/wp\/v2\/media?parent=571538"}],"wp:term":[{"taxonomy":"category","embeddable":true,"href":"https:\/\/www.europesays.com\/fr\/wp-json\/wp\/v2\/categories?post=571538"},{"taxonomy":"post_tag","embeddable":true,"href":"https:\/\/www.europesays.com\/fr\/wp-json\/wp\/v2\/tags?post=571538"}],"curies":[{"name":"wp","href":"https:\/\/api.w.org\/{rel}","templated":true}]}}