{"id":571540,"date":"2025-12-01T19:04:24","date_gmt":"2025-12-01T19:04:24","guid":{"rendered":"https:\/\/www.europesays.com\/fr\/571540\/"},"modified":"2025-12-01T19:04:24","modified_gmt":"2025-12-01T19:04:24","slug":"decrochage-polaire-jusqua-30c-attendus-au-canada-et-dans-le-nord-des-usa","status":"publish","type":"post","link":"https:\/\/www.europesays.com\/fr\/571540\/","title":{"rendered":"D\u00e9crochage polaire : jusqu\u2019\u00e0 \u201330\u00b0C attendus au Canada et dans le nord des USA"},"content":{"rendered":"<p><strong>Un d\u00e9crochage polaire bien structur\u00e9<\/strong><\/p>\n<p>Une ondulation marqu\u00e9e du jet-stream ouvre la voie \u00e0 une descente d\u2019air arctique directement issue du <a target=\"_blank\" rel=\"noopener noreferrer\" href=\"https:\/\/actualite.lachainemeteo.com\/actualite-meteo\/2023-01-23\/qu-est-ce-que-le-vortex-polaire-65799#:~:text=Le%20terme%20de%20vortex%20polaire,50%20km%20d&#039;altitude).\">vortex polaire<\/a>. En altitude, la masse d\u2019air se refroidit violemment entre le Manitoba, l\u2019Ontario et les Grands Lacs, avant de glisser vers le Midwest am\u00e9ricain.<\/p>\n<p>Ce sch\u00e9ma dynamique, renforc\u00e9 par une d\u00e9pression sur l\u2019Est canadien, permet \u00e0 l\u2019air polaire dense de s\u2019enfoncer rapidement vers des latitudes habituellement plus temp\u00e9r\u00e9es d\u00e9but d\u00e9cembre.<\/p>\n<p><strong>Des minimales glaciales sur de nombreuses villes<\/strong><\/p>\n<p>Cette offensive hivernale se traduira par des valeurs particuli\u00e8rement basses avec au plus froid de la semaine : Qu\u00e9bec-Ville : \u201326\u00b0C ; Minneapolis : \u201324\u00b0C ; Montr\u00e9al : \u201318\u00b0C et Chicago : \u201316\u00b0C<\/p>\n<p>Dans le centre du Canada et le nord des \u00c9tats-Unis, les temp\u00e9ratures \u00e0 850 hPa (1500 m) pourraient descendre vers \u201330\u00b0C \u00e0 \u201335\u00b0C, confirmant la nature purement arctique de la masse d\u2019air.<\/p>\n<p>\n            <img loading=\"lazy\" decoding=\"async\" class=\"lazyload\" bad-src=\"data:image\/png;base64,R0lGODlhAQABAAD\/ACwAAAAAAQABAAACADs=\" src=\"https:\/\/www.europesays.com\/fr\/wp-content\/uploads\/2025\/12\/658x370_80_300_000000x30x0.jpg\"   width=\"658\" height=\"370\"\/><br \/>\n                Froid glacial au Canada et aux USA \u00a9 LCM<\/p>\n<p><strong>Chutes de neige, vent et effets de lac<\/strong><\/p>\n<p>L\u2019arriv\u00e9e de l\u2019air glacial sur des sols encore humides d\u00e9clenchera des chutes de neige parfois soutenues, notamment dans les r\u00e9gions des Grands Lacs o\u00f9 les effets de lac pourront amplifier les pr\u00e9cipitations. Plus \u00e0 l\u2019est, la transition rapide vers l\u2019air froid pourrait temporairement favoriser du verglas avant l\u2019installation d\u2019un temps sec et mordant.<\/p>\n<p><strong>Une offensive durable<\/strong><\/p>\n<p>Le froid devrait persister plusieurs jours du Qu\u00e9bec au Midwest. Un redoux oc\u00e9anique pourrait tenter une perc\u00e9e par l\u2019ouest en d\u00e9but de semaine prochaine, mais il resterait limit\u00e9.<br \/>Cette s\u00e9quence marque clairement le premier v\u00e9ritable \u00e9pisode hivernal de la saison, typique des hivers nord-am\u00e9ricains, contrairement aux hivers oc\u00e9aniques que conna\u00eet la France.<\/p>\n<p>\n            <img loading=\"lazy\" decoding=\"async\" class=\"lazyload\" bad-src=\"data:image\/png;base64,R0lGODlhAQABAAD\/ACwAAAAAAQABAAACADs=\" src=\"https:\/\/www.europesays.com\/fr\/wp-content\/uploads\/2025\/12\/1764615864_244_658x370_80_300_000000x30x0.jpg\"   width=\"658\" height=\"370\"\/><br \/>\n                Fortes chutes de neige attendues aux USA et Canada \u00a9 LCM<\/p>\n<p><strong>Qu&rsquo;en sera-t-il de la France ?<\/strong><\/p>\n<p>La France, et plus g\u00e9n\u00e9ralement l&rsquo;Europe de l&rsquo;Ouest, ne poss\u00e8de absolument pas le m\u00eame climat que nos voisins Outre-Atlantique. Les vents d&rsquo;ouest passant par l&rsquo;oc\u00e9an temp\u00e8rent le climat chez nous, tandis que de l&rsquo;autre c\u00f4t\u00e9, les masses d&rsquo;air glaciales ne sont pas frein\u00e9es par les grandes plaines continentales.<\/p>\n<p>Concernant la situation actuelle, la descente polaire pourrait au contraire dynamiser le flux perturb\u00e9 d&rsquo;ouest, nous assurant douceur humide pour ces prochains jours sur l&rsquo;Hexagone.<\/p>\n","protected":false},"excerpt":{"rendered":"Un d\u00e9crochage polaire bien structur\u00e9 Une ondulation marqu\u00e9e du jet-stream ouvre la voie \u00e0 une descente d\u2019air arctique&hellip;\n","protected":false},"author":2,"featured_media":571541,"comment_status":"","ping_status":"","sticky":false,"template":"","format":"standard","meta":{"footnotes":""},"categories":[1589],"tags":[11,73,1866,12,1864,1865,1863,308],"class_list":{"0":"post-571540","1":"post","2":"type-post","3":"status-publish","4":"format-standard","5":"has-post-thumbnail","7":"category-etats-unis","8":"tag-actualites","9":"tag-etats-unis","10":"tag-etats-unis-damerique","11":"tag-news","12":"tag-united-states","13":"tag-united-states-of-america","14":"tag-us","15":"tag-usa"},"share_on_mastodon":{"url":"https:\/\/pubeurope.com\/@fr\/115645872785566042","error":""},"_links":{"self":[{"href":"https:\/\/www.europesays.com\/fr\/wp-json\/wp\/v2\/posts\/571540","targetHints":{"allow":["GET"]}}],"collection":[{"href":"https:\/\/www.europesays.com\/fr\/wp-json\/wp\/v2\/posts"}],"about":[{"href":"https:\/\/www.europesays.com\/fr\/wp-json\/wp\/v2\/types\/post"}],"author":[{"embeddable":true,"href":"https:\/\/www.europesays.com\/fr\/wp-json\/wp\/v2\/users\/2"}],"replies":[{"embeddable":true,"href":"https:\/\/www.europesays.com\/fr\/wp-json\/wp\/v2\/comments?post=571540"}],"version-history":[{"count":0,"href":"https:\/\/www.europesays.com\/fr\/wp-json\/wp\/v2\/posts\/571540\/revisions"}],"wp:featuredmedia":[{"embeddable":true,"href":"https:\/\/www.europesays.com\/fr\/wp-json\/wp\/v2\/media\/571541"}],"wp:attachment":[{"href":"https:\/\/www.europesays.com\/fr\/wp-json\/wp\/v2\/media?parent=571540"}],"wp:term":[{"taxonomy":"category","embeddable":true,"href":"https:\/\/www.europesays.com\/fr\/wp-json\/wp\/v2\/categories?post=571540"},{"taxonomy":"post_tag","embeddable":true,"href":"https:\/\/www.europesays.com\/fr\/wp-json\/wp\/v2\/tags?post=571540"}],"curies":[{"name":"wp","href":"https:\/\/api.w.org\/{rel}","templated":true}]}}