{"id":571543,"date":"2025-12-01T19:06:13","date_gmt":"2025-12-01T19:06:13","guid":{"rendered":"https:\/\/www.europesays.com\/fr\/571543\/"},"modified":"2025-12-01T19:06:13","modified_gmt":"2025-12-01T19:06:13","slug":"lallemagne-se-prepare-depuis-2022-a-une-potentielle-guerre-contre-la-russie-100-milliards-deuros-ont-ete-prevus-pour-son-rearmement","status":"publish","type":"post","link":"https:\/\/www.europesays.com\/fr\/571543\/","title":{"rendered":"L&rsquo;Allemagne se pr\u00e9pare depuis 2022 \u00e0 une potentielle guerre contre la Russie\u00a0: 100\u00a0milliards d&rsquo;euros ont \u00e9t\u00e9 pr\u00e9vus pour son r\u00e9armement"},"content":{"rendered":"<p><a href=\"https:\/\/www.lavenir.net\/actu\/monde\/2025\/05\/08\/guerre-en-ukraine-le-president-allemand-denonce-les-mensonges-historiques-du-kremlin-sur-lukraine-ABJJQDNRQZGVPF6EVDV2AVFDZ4\/\" target=\"_self\" class=\"ap-StoryInterstitialLink ap-StoryElement ap-StoryElement--mb js-paywall-target\" rel=\"nofollow noopener\">Guerre en Ukraine: le pr\u00e9sident allemand d\u00e9nonce les \u00ab\u00a0mensonges historiques\u00a0\u00bb du Kremlin sur l&rsquo;Ukraine<\/a>Quelque 800 000 soldats allemands, am\u00e9ricains et d&rsquo;autres pays de l&rsquo;Otan pourraient se d\u00e9ployer \u00e0 l&rsquo;est<\/p>\n<p class=\"ap-StoryElement ap-StoryElement--mb ap-StoryText\">D\u00e9but 2023, une douzaine d&rsquo;officiers ont commenc\u00e9 \u00e0 travailler sur ce plan dans un complexe militaire \u00e0 Berlin. 1 200 pages et un peu plus d&rsquo;un an plus tard, la premi\u00e8re version de cette strat\u00e9gie est finalis\u00e9e.<\/p>\n<p class=\"ap-StoryElement ap-StoryElement--mb ap-StoryText\">Le plan explique comment 800 000 soldats allemands, am\u00e9ricains et de diff\u00e9rents pays de l&rsquo;Otan seraient envoy\u00e9s vers l&rsquo;est jusqu&rsquo;\u00e0 la ligne de front.<\/p>\n<p class=\"ap-StoryElement ap-StoryElement--mb ap-StoryText\">Le document prend en compte de nombreux d\u00e9tails tels que les ports, les fleuves, les voies ferr\u00e9es et les routes que les effectifs emprunteront. Les consignes de ravitaillement et de protection sont \u00e9galement expliqu\u00e9es en d\u00e9tail pour tout le trajet.<\/p>\n<p><a href=\"https:\/\/www.lavenir.net\/actu\/monde\/2025\/12\/01\/invasion-de-lukraine-un-plan-de-paix-ne-peut-etre-finalise-quavec-kiev-et-les-europeens-autour-de-la-table-2EOSO4BKMRCEBJGZJINHBAA73A\/\" target=\"_self\" class=\"ap-StoryInterstitialLink ap-StoryElement ap-StoryElement--mb\" rel=\"nofollow noopener\">Invasion de l&rsquo;Ukraine : Un plan de paix ne peut \u00eatre \u00ab\u00a0finalis\u00e9\u00a0\u00bb qu&rsquo;avec Kiev et les Europ\u00e9ens autour de la table<\/a>L&rsquo;ensemble de la soci\u00e9t\u00e9 impliqu\u00e9, comme au temps de la Guerre froide<\/p>\n<p class=\"ap-StoryElement ap-StoryElement--mb ap-StoryText\">Si le plan est secret, certains services ont, malgr\u00e9 tout, \u00e9t\u00e9 inform\u00e9s notamment les services hospitaliers, de secours et de police. Des exercices militaires ont \u00e9galement \u00e9t\u00e9 r\u00e9alis\u00e9s en septembre \u00e0 Hambourg.<\/p>\n<p class=\"ap-StoryElement ap-StoryElement--mb ap-StoryText\">L&rsquo;une des particularit\u00e9s de cette strat\u00e9gie, c&rsquo;est qu&rsquo;il n&rsquo;y a pas que les forces arm\u00e9es qui sont mobilis\u00e9es mais c&rsquo;est l&rsquo;ensemble de la soci\u00e9t\u00e9 qui est impliqu\u00e9 comme lors de la Guerre froide.<\/p>\n<p><a href=\"https:\/\/www.lavenir.net\/actu\/monde\/2024\/07\/11\/invasion-de-lukraine-les-usa-et-lallemagne-dejouent-un-plan-russe-visant-a-tuer-le-pdg-dun-fabricant-darmes-HXZ442QXPFEWBMTKET4YTNNYLQ\/\" target=\"_self\" class=\"ap-StoryInterstitialLink ap-StoryElement ap-StoryElement--mb\" rel=\"nofollow noopener\">Invasion de l&rsquo;Ukraine: les USA et l&rsquo;Allemagne d\u00e9jouent un plan russe visant \u00e0 tuer le PDG d&rsquo;un fabricant d&rsquo;armes<\/a><\/p>\n<p class=\"ap-StoryElement ap-StoryElement--mb ap-StoryText\">Mais beaucoup de choses ont chang\u00e9 par rapport aux plans con\u00e7us il y a plus de 30 ans. Avant la chute du mur de Berlin, de nombreuses autoroutes allemandes contenaient des terre-pleins centraux en b\u00e9ton et n&rsquo;avaient ni ponts, ni c\u00e2bles \u00e9lectriques ce qui permettait aux avions de pouvoir y atterrir en cas d&rsquo;urgence. Sous les parkings se trouvaient des r\u00e9servoirs de k\u00e9ros\u00e8ne et des tours de contr\u00f4le pouvaient prendre place en quelques minutes.<\/p>\n<p>Le plan a pour but d&rsquo;optimiser l&rsquo;utilisation des r\u00e9seaux routiers et ferroviaires<\/p>\n<p class=\"ap-StoryElement ap-StoryElement--mb ap-StoryText\">Aujourd&rsquo;hui, l&rsquo;organisation des routes n&rsquo;est plus comparable. Peu nombreuses sont celles qui savent encore supporter le passage d&rsquo;un convoi militaire. La situation est similaire pour les ports allemands.<\/p>\n<p class=\"ap-StoryElement ap-StoryElement--mb ap-StoryText\">Le fameux plan a donc pour but d&rsquo;optimiser l&rsquo;utilisation des r\u00e9seaux routiers et ferroviaires. Berlin a pr\u00e9vu d&rsquo;investir 166 milliards d&rsquo;euros d&rsquo;ici 2029 pour que ses infrastructures puissent servir \u00e0 des fins militaires et civiles.<\/p>\n<p><a href=\"https:\/\/www.lavenir.net\/actu\/monde\/2024\/11\/27\/face-a-la-menace-russe-lallemagne-lance-un-plan-bunkers-et-invite-la-population-a-creer-des-abris-chez-eux-ZGPFQVAZYZHUZKDTMTBJUW3VBM\/\" target=\"_self\" class=\"ap-StoryInterstitialLink ap-StoryElement ap-StoryElement--mb\" rel=\"nofollow noopener\">Face \u00e0 la menace russe, l&rsquo;Allemagne lance un \u00ab\u00a0plan bunkers\u00a0\u00bb et invite la population \u00e0 cr\u00e9er des abris chez eux<\/a><\/p>\n<p class=\"ap-StoryElement ap-StoryElement--mb ap-StoryText\">L&rsquo;arm\u00e9e allemande se dit satisfaite des avanc\u00e9es r\u00e9alis\u00e9es. \u00ab\u00a0Compte tenu du fait que nous sommes partis de z\u00e9ro d\u00e9but 2023, nous sommes tr\u00e8s satisfaits du r\u00e9sultat actuel\u00a0\u00bb a d\u00e9clar\u00e9 une source au Wall Street Journal. \u00ab\u00a0Il s&rsquo;agit d\u00e9j\u00e0 d&rsquo;un produit tr\u00e8s avanc\u00e9.\u00a0\u00bb<\/p>\n","protected":false},"excerpt":{"rendered":"Guerre en Ukraine: le pr\u00e9sident allemand d\u00e9nonce les \u00ab\u00a0mensonges historiques\u00a0\u00bb du Kremlin sur l&rsquo;UkraineQuelque 800 000 soldats allemands,&hellip;\n","protected":false},"author":2,"featured_media":571544,"comment_status":"","ping_status":"","sticky":false,"template":"","format":"standard","meta":{"footnotes":""},"categories":[1587],"tags":[11,672,1804,1805,1803,1777,674,9267,1801,32829,1227,12,55403,9024,1802,4932],"class_list":{"0":"post-571543","1":"post","2":"type-post","3":"status-publish","4":"format-standard","5":"has-post-thumbnail","7":"category-allemagne","8":"tag-actualites","9":"tag-allemagne","10":"tag-bundesrepublik-deutschland","11":"tag-de","12":"tag-deutschland","13":"tag-eu","14":"tag-europe","15":"tag-genocide","16":"tag-germany","17":"tag-history","18":"tag-horizontal","19":"tag-news","20":"tag-parliament","21":"tag-politics","22":"tag-republique-federale-dallemagne","23":"tag-war"},"share_on_mastodon":{"url":"https:\/\/pubeurope.com\/@fr\/115645879717407731","error":""},"_links":{"self":[{"href":"https:\/\/www.europesays.com\/fr\/wp-json\/wp\/v2\/posts\/571543","targetHints":{"allow":["GET"]}}],"collection":[{"href":"https:\/\/www.europesays.com\/fr\/wp-json\/wp\/v2\/posts"}],"about":[{"href":"https:\/\/www.europesays.com\/fr\/wp-json\/wp\/v2\/types\/post"}],"author":[{"embeddable":true,"href":"https:\/\/www.europesays.com\/fr\/wp-json\/wp\/v2\/users\/2"}],"replies":[{"embeddable":true,"href":"https:\/\/www.europesays.com\/fr\/wp-json\/wp\/v2\/comments?post=571543"}],"version-history":[{"count":0,"href":"https:\/\/www.europesays.com\/fr\/wp-json\/wp\/v2\/posts\/571543\/revisions"}],"wp:featuredmedia":[{"embeddable":true,"href":"https:\/\/www.europesays.com\/fr\/wp-json\/wp\/v2\/media\/571544"}],"wp:attachment":[{"href":"https:\/\/www.europesays.com\/fr\/wp-json\/wp\/v2\/media?parent=571543"}],"wp:term":[{"taxonomy":"category","embeddable":true,"href":"https:\/\/www.europesays.com\/fr\/wp-json\/wp\/v2\/categories?post=571543"},{"taxonomy":"post_tag","embeddable":true,"href":"https:\/\/www.europesays.com\/fr\/wp-json\/wp\/v2\/tags?post=571543"}],"curies":[{"name":"wp","href":"https:\/\/api.w.org\/{rel}","templated":true}]}}