{"id":571547,"date":"2025-12-01T19:08:20","date_gmt":"2025-12-01T19:08:20","guid":{"rendered":"https:\/\/www.europesays.com\/fr\/571547\/"},"modified":"2025-12-01T19:08:20","modified_gmt":"2025-12-01T19:08:20","slug":"verif-ny-a-t-il-jamais-eu-autant-de-francais-qui-dorment-dehors","status":"publish","type":"post","link":"https:\/\/www.europesays.com\/fr\/571547\/","title":{"rendered":"V\u00c9RIF&rsquo; &#8211; N&rsquo;y a-t-il \u00ab\u00a0jamais\u00a0\u00bb eu \u00ab\u00a0autant\u00a0\u00bb de Fran\u00e7ais qui \u00ab\u00a0dorment dehors\u00a0\u00bb ?"},"content":{"rendered":"<ul class=\"jsx-862013697 ArticleChapo__List\">\n<li class=\"jsx-862013697 ArticleChapo__List_Item flex\">David Lisnard, le pr\u00e9sident de l&rsquo;Association des maires de France, assure que le nombre de personnes vivant \u00e0 la rue ou \u00ab\u00a0dans leur voiture\u00a0\u00bb n&rsquo;a jamais \u00e9t\u00e9 aussi \u00e9lev\u00e9 dans le pays.<\/li>\n<li class=\"jsx-862013697 ArticleChapo__List_Item flex\">La crise du logement est m\u00eame la \u00ab\u00a0pire crise sociale de notre \u00e9poque\u00a0\u00bb, assure-t-il.<\/li>\n<li class=\"jsx-862013697 ArticleChapo__List_Item flex\">Pour l&rsquo;heure, les donn\u00e9es manquent pour documenter ce point pr\u00e9cis, mais le nombre de personnes sans domicile atteint bien des niveaux sans pr\u00e9c\u00e9dent de mani\u00e8re g\u00e9n\u00e9rale.<\/li>\n<\/ul>\n<p><a href=\"https:\/\/www.tf1info.fr\/actualite\/les-verificateurs-12325\/\" rel=\"noopener\" class=\"jsx-484472199 Link jsx-1428418400 jsx-1910851033\" target=\"_blank\"><\/p>\n<p style=\"font-weight:400\" class=\"jsx-1837267516\">Suivez la couverture compl\u00e8te<\/p>\n<p style=\"font-weight:800\" class=\"jsx-1837267516\">L&rsquo;info pass\u00e9e au crible des V\u00e9rificateurs<\/p>\n<p><\/a><\/p>\n<p data-module=\"article-paragraph\" class=\"jsx-3046738180 Paragraph\">C&rsquo;est l&rsquo;un des rares sujets sur lesquels les deux chambres convergent, dans les discussions budg\u00e9taires en cours : les s\u00e9nateurs ont approuv\u00e9 dimanche 30 novembre la cr\u00e9ation <a href=\"https:\/\/www.tf1info.fr\/immobilier\/le-statut-du-bailleur-prive-vote-par-les-deputes-que-prevoit-cet-avantage-fiscal-qui-encourage-le-locatif-abordable-2406878.html\" target=\"_blank\" rel=\"noopener\">d&rsquo;un \u00ab\u00a0statut du bailleur priv\u00e9\u00a0\u00bb (nouvelle fen\u00eatre)<\/a>, \u00e9galement pl\u00e9biscit\u00e9 par l&rsquo;Assembl\u00e9e nationale. Un dispositif fiscal pour inciter \u00e0 investir dans le locatif, face \u00e0 une <a href=\"https:\/\/www.tf1info.fr\/immobilier\/immobilier-un-nombre-record-de-personnes-sans-domicile-fixe-en-2024-la-france-s-est-enfoncee-dans-la-crise-du-logement-2348660.html\" target=\"_blank\" rel=\"noopener\">crise du logement pr\u00e9occupante (nouvelle fen\u00eatre)<\/a>. Pour David Lisnard, pr\u00e9sident de l\u2019Association des maires de France (AMF), il s&rsquo;agit m\u00eame de la \u00ab\u00a0pire crise sociale \u2013 c&rsquo;est-\u00e0-dire humaine \u2013 de notre \u00e9poque\u00a0\u00bb.\u00a0<\/p>\n<p data-module=\"article-paragraph\" class=\"jsx-3046738180 Paragraph Paragraph__End\">\u00ab\u00a0Ceux qui se logent le font \u00e0 des prix qui attaquent lourdement leur revenu disponible\u00a0\u00bb, et surtout, \u00ab\u00a0jamais autant de nos compatriotes n&rsquo;ont dormi dehors ou dans leur voiture\u00a0\u00bb, \u00e9crit le maire LR de Cannes dans un message <a href=\"https:\/\/archive.ph\/KKOBz\" target=\"_blank\" rel=\"nofollow noopener\">publi\u00e9 sur X (nouvelle fen\u00eatre)<\/a>. Le nombre de personnes sans abri en France actuellement est-il r\u00e9ellement in\u00e9dit ? Les V\u00e9rificateurs se sont pench\u00e9s sur la question.\u00a0<\/p>\n<p>Des r\u00e9sultats de l&rsquo;Insee attendus d&rsquo;ici un an<\/p>\n<p data-module=\"article-paragraph\" class=\"jsx-3046738180 Paragraph\">Tout d&rsquo;abord, les enqu\u00eates sur les sans-abri sp\u00e9cifiquement sont rares et ne d\u00e9taillent pas leur nationalit\u00e9. La <a href=\"https:\/\/archive.ph\/h7YXL\" target=\"_blank\" rel=\"nofollow noopener\">derni\u00e8re \u00e9tude de l&rsquo;Insee (nouvelle fen\u00eatre)<\/a> sur le sujet, qui remonte \u00e0 2012, concluait que quelque 143.000 personnes \u00e9taient sans domicile en France m\u00e9tropolitaine, dont des \u00e9trangers et des demandeurs d&rsquo;asile. Ce niveau marquait d\u00e9j\u00e0 \u00ab\u00a0une augmentation de plus de 50% par rapport \u00e0 2001\u00a0\u00bb, date de la premi\u00e8re \u00e9dition de cette enqu\u00eate, soulignait l&rsquo;organisme public de statistiques dans une r\u00e9cente <a href=\"https:\/\/archive.ph\/qaxYX\" target=\"_blank\" rel=\"nofollow noopener\">note de blog (nouvelle fen\u00eatre)<\/a>.\u00a0<\/p>\n<p data-module=\"article-paragraph\" class=\"jsx-3046738180 Paragraph\">Parmi eux, on comptait environ \u00ab\u00a010% de personnes sans abri\u00a0\u00bb, c&rsquo;est-\u00e0-dire vivant \u00e0 la rue ou dans un lieu qui n&rsquo;est pas pr\u00e9vu pour l&rsquo;habitation, comme une voiture, mais aussi un jardin public, une gare, un hall d&rsquo;immeuble&#8230; Soit environ 14.300 personnes, mais sans d\u00e9tails fournis sur leur nationalit\u00e9. Les autres personnes sans domicile recens\u00e9es sont h\u00e9berg\u00e9es mais de fa\u00e7on non p\u00e9renne, dans des centres <a href=\"https:\/\/www.tf1info.fr\/societe\/video-vague-de-froid-neige-verglas-en-france-l-hebergement-d-urgence-un-bref-repit-pour-les-sans-abris-menaces-par-les-temperatures-2282135.html\" target=\"_blank\" rel=\"noopener\">d&rsquo;h\u00e9bergements ou des h\u00f4tels par exemple (nouvelle fen\u00eatre)<\/a>.\u00a0<\/p>\n<p data-module=\"article-paragraph\" class=\"jsx-3046738180 Paragraph\">Pour actualiser toutes ces donn\u00e9es, l&rsquo;Insee a men\u00e9 <a href=\"https:\/\/archive.ph\/O2aYS\" target=\"_blank\" rel=\"nofollow noopener\">une nouvelle \u00e9dition de son enqu\u00eate (nouvelle fen\u00eatre)<\/a> entre le 31 mars et le 5 juillet dernier. Mais il faudra attendre fin 2026 pour conna\u00eetre les r\u00e9sultats de cette \u00e9tude \u00ab\u00a0particuli\u00e8re et complexe\u00a0\u00bb, notamment parce que cette population \u00ab\u00a0\u00e9chappe aux enqu\u00eates traditionnelles de la statistique publique\u00a0\u00bb, explique le billet de blog, qui promet une enqu\u00eate plus large et plus affin\u00e9e que les pr\u00e9c\u00e9dentes.\u00a0<\/p>\n<p data-module=\"article-paragraph\" class=\"jsx-3046738180 Paragraph Paragraph__End\">Pour l&rsquo;heure, l&rsquo;Insee estime seulement qu'\u00a0\u00bbau vu de la seule \u00e9volution du nombre de places d&rsquo;h\u00e9bergement\u00a0\u00bb, le nombre de personnes sans domicile \u00ab\u00a0pourraient d\u00e9passer les 300.000\u00a0\u00bb, mais \u00ab\u00a0cet ordre de grandeur demande \u00e0 \u00eatre confirm\u00e9 et pr\u00e9cis\u00e9\u00a0\u00bb. La question sera \u00e9galement de savoir si celui \u00ab\u00a0de 10% de personnes sans abri parmi les personnes sans domicile estim\u00e9 en 2012\u00a0\u00bb a \u00ab\u00a0\u00e9volu\u00e9\u00a0\u00bb.\u00a0<\/p>\n<p>30.000 personnes concern\u00e9es, selon la Fondation pour le logement<\/p>\n<p data-module=\"article-paragraph\" class=\"jsx-3046738180 Paragraph\">Il est en revanche possible de se fier d&rsquo;ores et d\u00e9j\u00e0 aux chiffres de la Fondation pour le logement, ex-Fondation Abb\u00e9 Pierre : dans son <a href=\"https:\/\/archive.ph\/RcrRH\" target=\"_blank\" rel=\"nofollow noopener\">rapport annuel 2025 (nouvelle fen\u00eatre)<\/a>, elle s&rsquo;inqui\u00e8te d&rsquo;un \u00ab\u00a0niveau in\u00e9dit\u00a0\u00bb de 350.000 personnes sans domicile. Un chiffre multipli\u00e9 par environ 2,5 par rapport \u00e0 2012, comme les V\u00e9rificateurs l&rsquo;expliquaient d\u00e9j\u00e0 <a href=\"https:\/\/www.tf1info.fr\/immobilier\/verif-chiffres-fondation-logement-insee-nombre-de-personnes-sans-domicile-a-t-il-vraiment-double-en-france-depuis-2012-2404452.html\" target=\"_blank\" rel=\"noopener\">dans cet article le mois dernier (nouvelle fen\u00eatre)<\/a>.<\/p>\n<p data-module=\"article-paragraph\" class=\"jsx-3046738180 Paragraph Paragraph__End\">Quant aux sans abri, la Fondation estime leur nombre \u00e0 <a href=\"https:\/\/www.tf1info.fr\/immobilier\/immobilier-un-nombre-record-de-personnes-sans-domicile-fixe-en-2024-la-france-s-est-enfoncee-dans-la-crise-du-logement-2348660.html\" target=\"_blank\" rel=\"noopener\">quelque 30.000 personnes (nouvelle fen\u00eatre)<\/a>, sans d\u00e9tails sur leur profil. Pour parvenir \u00e0 ce chiffre, elle prend notamment en compte le fait que \u00ab\u00a0pr\u00e8s de 7.000 personnes sollicitent chaque soir <a href=\"https:\/\/www.tf1info.fr\/societe\/deborde-le-115-ne-repondra-plus-ce-lundi-1565620.html\" target=\"_blank\" rel=\"noopener\">sans succ\u00e8s le 115 (nouvelle fen\u00eatre)<\/a> pour un h\u00e9bergement d&rsquo;urgence, alors que seul un quart environ des personnes sans abri sollicitent le 115&Prime;, selon un relev\u00e9 r\u00e9alis\u00e9 sur une nuit \u00e0 Paris, en janvier 2024. Le rapport souligne toutefois que leur nombre exact \u00ab\u00a0n&rsquo;est pas connu pr\u00e9cis\u00e9ment\u00a0\u00bb.\u00a0<\/p>\n<p><a href=\"https:\/\/www.tf1info.fr\/justice-faits-divers\/video-reportage-sept-a-huit-pas-d-autre-option-ces-entrailles-cachees-de-paris-ou-sdf-et-toxicomanes-se-battent-pour-survivre-2408432.html\" rel=\"noopener\" class=\"jsx-3308031228 Link flex\" target=\"_blank\"><img decoding=\"async\" src=\"https:\/\/www.europesays.com\/fr\/wp-content\/uploads\/2025\/12\/qdrg-4-06a44a-0@1x.jpeg\" alt=\"Capture vid\u00e9o LCI\" loading=\"lazy\" importance=\"low\" fetchpriority=\"low\" class=\"\" aria-hidden=\"true\"\/><\/p>\n<p class=\"jsx-3657663356 ReadMoreArticle__Title\">Lire aussi<\/p>\n<p class=\"jsx-3657663356\">\u00ab\u00a0Pas d&rsquo;autre option\u00a0\u00bb : ces entrailles cach\u00e9es de Paris o\u00f9 SDF et toxicomanes se battent pour survivre<\/p>\n<p><\/a><\/p>\n<p data-module=\"article-paragraph\" class=\"jsx-3046738180 Paragraph\">Impossible donc de mesurer une possible \u00e9volution, pour savoir si un record a r\u00e9cemment \u00e9t\u00e9 atteint ou non. Sollicit\u00e9e, la Fondation nous explique qu&rsquo;il est \u00ab\u00a0difficile d&rsquo;estimer le nombre de personnes sans abri \u00e0 la rue, donc cet exercice est encore plus difficile si nous comparons ce chiffre \u00e0 des chiffres plus anciens, qui sont encore moins existants\u00a0\u00bb. Il n&rsquo;en reste pas moins que la tendance globale est pr\u00e9occupante : \u00ab\u00a0La hausse\u00a0\u00bb du nombre de personnes sans domicile en g\u00e9n\u00e9ral \u00ab\u00a0se poursuit dramatiquement\u00a0\u00bb, alerte l&rsquo;\u00e9tude, d&rsquo;autant que le nombre de 350.000 \u00ab\u00a0est sans doute encore en dessous de la r\u00e9alit\u00e9\u00a0\u00bb.\u00a0<\/p>\n<p data-module=\"article-paragraph\" class=\"jsx-3046738180 Paragraph Paragraph__End\">Parmi les donn\u00e9es les plus r\u00e9centes, on peut aussi mentionner un <a href=\"https:\/\/archive.ph\/BG0uV\" target=\"_blank\" rel=\"nofollow noopener\">rapport de la Cour des comptes (nouvelle fen\u00eatre)<\/a>, qui estimait qu&rsquo;en 2019, 300.000 personnes \u00e9taient sans domicile, une hausse moyenne de 10% par rapport \u00e0 l&rsquo;\u00e9tude de l&rsquo;Insee de 2012. Parmi elles, environ 40.000 sans abri, ajoutait le rapport, sans pr\u00e9ciser si ce chiffre-l\u00e0 avait \u00e9galement progress\u00e9 ces derni\u00e8res ann\u00e9es.\u00a0<\/p>\n<p>Plus de 900 personnes d\u00e9c\u00e9d\u00e9es en 2024, un \u00ab\u00a0nouveau record effroyable\u00a0\u00bb<\/p>\n<p data-module=\"article-paragraph\" class=\"jsx-3046738180 Paragraph\">Au-del\u00e0 du nombre de personnes \u00e0 la rue, un autre indicateur permet aussi d&rsquo;\u00e9valuer l&rsquo;ampleur du fl\u00e9au : 912 personnes \u00ab\u00a0sans chez-soi\u00a0\u00bb sont d\u00e9c\u00e9d\u00e9es en 2024, soit 16% de plus qu&rsquo;en 2023, selon le <a href=\"https:\/\/archive.ph\/Hlwqn\" target=\"_blank\" rel=\"nofollow noopener\">collectif Les morts de la rue (nouvelle fen\u00eatre)<\/a>. Un <a href=\"https:\/\/www.tf1info.fr\/societe\/un-record-effroyable-le-nombre-de-deces-de-sans-domicile-fixe-au-plus-haut-en-france-morts-de-la-rue-2403686.html\" target=\"_blank\" rel=\"noopener\">\u00ab\u00a0nouveau record effroyable\u00a0\u00bb (nouvelle fen\u00eatre)<\/a>, a d\u00e9plor\u00e9 l&rsquo;un de ses membres, Ad\u00e8le Lenormand, aupr\u00e8s de l&rsquo;AFP. En cause, \u00ab\u00a0l&rsquo;augmentation du nombre de personnes sans domicile fixe\u00a0\u00bb, a-t-elle expliqu\u00e9, m\u00eame si le collectif re\u00e7oit aussi davantage de signalements venant des particuliers, d&rsquo;associations et de structures d&rsquo;accompagnement social.<\/p>\n<p data-module=\"article-paragraph\" class=\"jsx-3046738180 Paragraph\">Les personnes prises en compte dans ce collectif avaient \u00ab\u00a0principalement dormi au cours des trois derniers mois pr\u00e9c\u00e9dant le d\u00e9c\u00e8s dans un lieu non pr\u00e9vu pour l&rsquo;habitation et\/ou dans une structure d\u2019h\u00e9bergement\u00a0\u00bb, pr\u00e9cise son rapport. Dans plus d&rsquo;un tiers des cas, elles vivaient \u00e0 la rue au moment de leur d\u00e9c\u00e8s, un chiffre en \u00ab\u00a0progression\u00a0\u00bb.\u00a0<\/p>\n<p data-module=\"article-paragraph\" class=\"jsx-3046738180 Paragraph\">En r\u00e9sum\u00e9, il est difficile de trouver des donn\u00e9es pr\u00e9cises sur le nombre de personnes dormant \u00e0 la rue ou dans leur voiture. Selon les derni\u00e8res estimations en date de la Fondation pour le logement, on en recense environ 30.000, mais difficile de savoir s&rsquo;il s&rsquo;agit d&rsquo;un record ou non. En revanche, il est certain que le nombre total de personnes sans domicile ne cesse de progresser de mani\u00e8re g\u00e9n\u00e9rale depuis le d\u00e9but du si\u00e8cle, et la hausse s&rsquo;est m\u00eame acc\u00e9l\u00e9r\u00e9e ces derni\u00e8res ann\u00e9es. D&rsquo;apr\u00e8s la m\u00eame source, on en recensait environ 350.000 l&rsquo;an pass\u00e9, soit 2,5 fois plus qu&rsquo;en 2012, alors m\u00eame que le pr\u00e9sident Emmanuel Macron avait promis de mettre fin au sans-abrisme d&rsquo;ici \u00e0 la fin de son premier quinquennat, en 2022.\u00a0<\/p>\n<p data-module=\"article-paragraph\" class=\"jsx-3046738180 Paragraph Paragraph__End\"><strong>Vous souhaitez nous poser des questions ou nous soumettre une information qui ne vous para\u00eet pas fiable ? N&rsquo;h\u00e9sitez pas \u00e0 nous \u00e9crire \u00e0 l&rsquo;adresse lesverificateurs@tf1.fr. Retrouvez-nous \u00e9galement sur X : notre \u00e9quipe y est pr\u00e9sente derri\u00e8re le compte @verif_TF1LCI.<\/strong><\/p>\n<p>Ma\u00eblane LOA\u00cbC<\/p>\n","protected":false},"excerpt":{"rendered":"David Lisnard, le pr\u00e9sident de l&rsquo;Association des maires de France, assure que le nombre de personnes vivant \u00e0&hellip;\n","protected":false},"author":2,"featured_media":571548,"comment_status":"","ping_status":"","sticky":false,"template":"","format":"standard","meta":{"footnotes":""},"categories":[1586],"tags":[1111,11,1921,1777,674,1779,1011,27,1922,7541,12,25,801,1778,364,133,26987],"class_list":{"0":"post-571547","1":"post","2":"type-post","3":"status-publish","4":"format-standard","5":"has-post-thumbnail","7":"category-europe","8":"tag-actu","9":"tag-actualites","10":"tag-article-video","11":"tag-eu","12":"tag-europe","13":"tag-european-union","14":"tag-fr","15":"tag-france","16":"tag-info","17":"tag-linfo-passee-au-crible-des-verificateurs","18":"tag-news","19":"tag-republique-francaise","20":"tag-social","21":"tag-ue","22":"tag-union-europeenne","23":"tag-video","24":"tag-video-logement-et-immobilier"},"share_on_mastodon":{"url":"https:\/\/pubeurope.com\/@fr\/115645888539595637","error":""},"_links":{"self":[{"href":"https:\/\/www.europesays.com\/fr\/wp-json\/wp\/v2\/posts\/571547","targetHints":{"allow":["GET"]}}],"collection":[{"href":"https:\/\/www.europesays.com\/fr\/wp-json\/wp\/v2\/posts"}],"about":[{"href":"https:\/\/www.europesays.com\/fr\/wp-json\/wp\/v2\/types\/post"}],"author":[{"embeddable":true,"href":"https:\/\/www.europesays.com\/fr\/wp-json\/wp\/v2\/users\/2"}],"replies":[{"embeddable":true,"href":"https:\/\/www.europesays.com\/fr\/wp-json\/wp\/v2\/comments?post=571547"}],"version-history":[{"count":0,"href":"https:\/\/www.europesays.com\/fr\/wp-json\/wp\/v2\/posts\/571547\/revisions"}],"wp:featuredmedia":[{"embeddable":true,"href":"https:\/\/www.europesays.com\/fr\/wp-json\/wp\/v2\/media\/571548"}],"wp:attachment":[{"href":"https:\/\/www.europesays.com\/fr\/wp-json\/wp\/v2\/media?parent=571547"}],"wp:term":[{"taxonomy":"category","embeddable":true,"href":"https:\/\/www.europesays.com\/fr\/wp-json\/wp\/v2\/categories?post=571547"},{"taxonomy":"post_tag","embeddable":true,"href":"https:\/\/www.europesays.com\/fr\/wp-json\/wp\/v2\/tags?post=571547"}],"curies":[{"name":"wp","href":"https:\/\/api.w.org\/{rel}","templated":true}]}}