{"id":571559,"date":"2025-12-01T19:19:12","date_gmt":"2025-12-01T19:19:12","guid":{"rendered":"https:\/\/www.europesays.com\/fr\/571559\/"},"modified":"2025-12-01T19:19:12","modified_gmt":"2025-12-01T19:19:12","slug":"4-jours-de-dunkerque-le-parcours-2026-actualite","status":"publish","type":"post","link":"https:\/\/www.europesays.com\/fr\/571559\/","title":{"rendered":"4 jours de Dunkerque : Le parcours 2026 &#8211; Actualit\u00e9"},"content":{"rendered":"<p style=\"text-align: justify;\"><strong>Les\u00a0<strong><a href=\"https:\/\/www.directvelo.com\/epreuve\/45234\/4-jours-de-dunkerque-grand-prix-des-hauts-de-france-2025\" target=\"_blank\" rel=\"noopener\">4 Jours de Dunkerque<\/a><\/strong> 2026 se tiendront du 20 au 24 mai prochains, pour ce qui sera la 70e \u00e9dition de l\u2019\u00e9preuve nordiste (2.Pro). Cinq \u00e9tapes seront au programme, comme cette ann\u00e9e, alors que pour rappel les 4 Jours sont d\u00e9sormais organis\u00e9s le lendemain de la nouvelle Classique Dunkerque-Grand Prix des Hauts-de-France (1.Pro). <br \/><strong><a href=\"https:\/\/www.directvelo.com\/epreuve\/45234\/4-jours-de-dunkerque-grand-prix-des-hauts-de-france-2025\" target=\"_blank\" rel=\"noopener\">Les 4 Jours de Dunkerque ont \u00e9t\u00e9 remport\u00e9s le printemps dernier par le Britannique Samuel Watson<\/a><\/strong>\u00a0(INEOS Grenadiers) devant son compatriote Lewis Askey (Groupama-FDJ), alors que l&rsquo;Allemand <strong><a href=\"https:\/\/www.directvelo.com\/actualite\/120645\/dunkerque-tonton-pascal-ackermann-retrouve-enfin-le-sourire\" target=\"_blank\" rel=\"noopener\">Pascal Ackermann (Israel-Premier Tech) s&rsquo;\u00e9tait impos\u00e9 lors de la Classique Dunkerque<\/a><\/strong>.\u00a0<\/strong><\/p>\n<p><strong>Le parcours de la Classique Dunkerque &#8211; GP des Hauts-de-France 2026\u00a0:\u00a0<br \/><\/strong>19\/05 :\u00a0Dunkerque &#8211; Mont-Saint-Eloi (199,1 km)<strong><strong\/><\/strong><\/p>\n<p>Le parcours des 4 Jours de Dunkerque &#8211; GP des Hauts-de-France 2026 :\u00a0<br \/>20\/05 &#8211; Et. 1 : Lagny-le-Sec &#8211; Laon (178,1 km)\u00a0<br \/>21\/05 &#8211; Et. 2 : Glisy &#8211; Li\u00e9vin (180 km)<br \/>22\/05 &#8211; Et. 3 : La Sentinelle &#8211; Wallers Arenberg (155,7 km)<br \/>23\/05 &#8211; Et. 4 : Bergues &#8211; Cassel (165,7 km)<br \/>24\/05 &#8211; Et. 5 : Saint-Omer &#8211; Dunkerque (183,9 km)<\/p>\n<p class=\"text-center\"><img loading=\"lazy\" decoding=\"async\" src=\"https:\/\/www.europesays.com\/fr\/wp-content\/uploads\/2025\/12\/DUNKERQUE II.jpg\" alt=\"\" width=\"429\" height=\"475\"\/><\/p>\n","protected":false},"excerpt":{"rendered":"Les\u00a04 Jours de Dunkerque 2026 se tiendront du 20 au 24 mai prochains, pour ce qui sera la&hellip;\n","protected":false},"author":2,"featured_media":571560,"comment_status":"","ping_status":"","sticky":false,"template":"","format":"standard","meta":{"footnotes":""},"categories":[1411],"tags":[834,828,836,829,837,827,83,826,824,823,1154,207,814,817,815,816,822,821,832,211,839,1011,27,820,818,819,835,831,830,833,838,60,212,208,825],"class_list":{"0":"post-571559","1":"post","2":"type-post","3":"status-publish","4":"format-standard","5":"has-post-thumbnail","7":"category-cyclisme","8":"tag-attaque","9":"tag-belgique","10":"tag-braquet","11":"tag-bretagne","12":"tag-chute","13":"tag-competition","14":"tag-coupe-de-france","15":"tag-coureur","16":"tag-course-cyclisme","17":"tag-course-cycliste","18":"tag-cycling","19":"tag-cyclisme","20":"tag-direct","21":"tag-direct-velo","22":"tag-directvelo","23":"tag-directvelo-com","24":"tag-epreuve","25":"tag-epreuve-cycliste","26":"tag-federation-francaise-de-cyclisme","27":"tag-ffc","28":"tag-flandres","29":"tag-fr","30":"tag-france","31":"tag-live","32":"tag-live-course","33":"tag-live-epreuve","34":"tag-peloton","35":"tag-radio-peloton","36":"tag-radio-tour","37":"tag-ravitaillement","38":"tag-relance","39":"tag-sports","40":"tag-uci","41":"tag-velo","42":"tag-velos"},"share_on_mastodon":{"url":"https:\/\/pubeurope.com\/@fr\/115645931663319867","error":""},"_links":{"self":[{"href":"https:\/\/www.europesays.com\/fr\/wp-json\/wp\/v2\/posts\/571559","targetHints":{"allow":["GET"]}}],"collection":[{"href":"https:\/\/www.europesays.com\/fr\/wp-json\/wp\/v2\/posts"}],"about":[{"href":"https:\/\/www.europesays.com\/fr\/wp-json\/wp\/v2\/types\/post"}],"author":[{"embeddable":true,"href":"https:\/\/www.europesays.com\/fr\/wp-json\/wp\/v2\/users\/2"}],"replies":[{"embeddable":true,"href":"https:\/\/www.europesays.com\/fr\/wp-json\/wp\/v2\/comments?post=571559"}],"version-history":[{"count":0,"href":"https:\/\/www.europesays.com\/fr\/wp-json\/wp\/v2\/posts\/571559\/revisions"}],"wp:featuredmedia":[{"embeddable":true,"href":"https:\/\/www.europesays.com\/fr\/wp-json\/wp\/v2\/media\/571560"}],"wp:attachment":[{"href":"https:\/\/www.europesays.com\/fr\/wp-json\/wp\/v2\/media?parent=571559"}],"wp:term":[{"taxonomy":"category","embeddable":true,"href":"https:\/\/www.europesays.com\/fr\/wp-json\/wp\/v2\/categories?post=571559"},{"taxonomy":"post_tag","embeddable":true,"href":"https:\/\/www.europesays.com\/fr\/wp-json\/wp\/v2\/tags?post=571559"}],"curies":[{"name":"wp","href":"https:\/\/api.w.org\/{rel}","templated":true}]}}