{"id":571561,"date":"2025-12-01T19:20:17","date_gmt":"2025-12-01T19:20:17","guid":{"rendered":"https:\/\/www.europesays.com\/fr\/571561\/"},"modified":"2025-12-01T19:20:17","modified_gmt":"2025-12-01T19:20:17","slug":"alexandre-lacazette-a-fait-un-retour-discret","status":"publish","type":"post","link":"https:\/\/www.europesays.com\/fr\/571561\/","title":{"rendered":"Alexandre Lacazette a fait un retour discret"},"content":{"rendered":"<p>Apr\u00e8s de secondes noces avec l\u2019Olympique Lyonnais, <a href=\"https:\/\/www.footmercato.net\/joueur\/alexandre-lacazette\/\" target=\"_blank\" rel=\"noopener\">Alexandre Lacazette<\/a> (34 ans) a quitt\u00e9 les Gones apr\u00e8s la fin de son contrat le 30 juin dernier. D\u00e9sormais \u00e0 Neom, l\u2019attaquant suit toujours de tr\u00e8s pr\u00e8s le club de sa vie. Hier soir, \u00e0 l\u2019occasion du choc OL-Nantes organis\u00e9 le jour des 75 ans du club rhodanien, il a fait son retour au Groupama Stadium pour la premi\u00e8re fois depuis son d\u00e9part.<\/p>\n<p>            La suite apr\u00e8s cette publicit\u00e9<\/p>\n<p>Nos confr\u00e8res d\u2019<a href=\"https:\/\/www.olympique-et-lyonnais.com\/ol-nantes-3-0-lopes-et-lacazette-sont-venus-saluer-les-lyonnais-dans-le-vestiaire,385768.html\" target=\"_blank\" rel=\"noopener\">Olympique-et-Lyonnais<\/a> indiquent qu\u2019il n\u2019a pas particip\u00e9 aux festivit\u00e9s organis\u00e9es pour l\u2019anniversaire de l\u2019OL. Il a fait un come-back discret, lui qui a assist\u00e9 au match dans une loge avec ses proches. Ensuite, il a fait un crochet par les vestiaires de l\u2019OL o\u00f9 il a retrouv\u00e9 ses anciens co\u00e9quipiers et de nouveaux visages. <\/p>\n<p>\n    Pub. le 01\/12\/2025 17:19<br \/>\n            &#8211; MAJ le 01\/12\/2025 17:20\n    <\/p>\n","protected":false},"excerpt":{"rendered":"Apr\u00e8s de secondes noces avec l\u2019Olympique Lyonnais, Alexandre Lacazette (34 ans) a quitt\u00e9 les Gones apr\u00e8s la fin&hellip;\n","protected":false},"author":2,"featured_media":571562,"comment_status":"","ping_status":"","sticky":false,"template":"","format":"standard","meta":{"footnotes":""},"categories":[1410],"tags":[63,1011,27,60],"class_list":{"0":"post-571561","1":"post","2":"type-post","3":"status-publish","4":"format-standard","5":"has-post-thumbnail","7":"category-football","8":"tag-football","9":"tag-fr","10":"tag-france","11":"tag-sports"},"share_on_mastodon":{"url":"https:\/\/pubeurope.com\/@fr\/115645934780287251","error":""},"_links":{"self":[{"href":"https:\/\/www.europesays.com\/fr\/wp-json\/wp\/v2\/posts\/571561","targetHints":{"allow":["GET"]}}],"collection":[{"href":"https:\/\/www.europesays.com\/fr\/wp-json\/wp\/v2\/posts"}],"about":[{"href":"https:\/\/www.europesays.com\/fr\/wp-json\/wp\/v2\/types\/post"}],"author":[{"embeddable":true,"href":"https:\/\/www.europesays.com\/fr\/wp-json\/wp\/v2\/users\/2"}],"replies":[{"embeddable":true,"href":"https:\/\/www.europesays.com\/fr\/wp-json\/wp\/v2\/comments?post=571561"}],"version-history":[{"count":0,"href":"https:\/\/www.europesays.com\/fr\/wp-json\/wp\/v2\/posts\/571561\/revisions"}],"wp:featuredmedia":[{"embeddable":true,"href":"https:\/\/www.europesays.com\/fr\/wp-json\/wp\/v2\/media\/571562"}],"wp:attachment":[{"href":"https:\/\/www.europesays.com\/fr\/wp-json\/wp\/v2\/media?parent=571561"}],"wp:term":[{"taxonomy":"category","embeddable":true,"href":"https:\/\/www.europesays.com\/fr\/wp-json\/wp\/v2\/categories?post=571561"},{"taxonomy":"post_tag","embeddable":true,"href":"https:\/\/www.europesays.com\/fr\/wp-json\/wp\/v2\/tags?post=571561"}],"curies":[{"name":"wp","href":"https:\/\/api.w.org\/{rel}","templated":true}]}}