{"id":571565,"date":"2025-12-01T19:22:22","date_gmt":"2025-12-01T19:22:22","guid":{"rendered":"https:\/\/www.europesays.com\/fr\/571565\/"},"modified":"2025-12-01T19:22:22","modified_gmt":"2025-12-01T19:22:22","slug":"creation-contemporaine-a-quoi-sert-le-1-artistique","status":"publish","type":"post","link":"https:\/\/www.europesays.com\/fr\/571565\/","title":{"rendered":"Cr\u00e9ation contemporaine\u00a0: \u00e0 quoi sert le \u00ab\u00a01 % artistique\u00a0\u00bb ?"},"content":{"rendered":"<p class=\"PopSlotParagraph qg-tx2 qg-xtra-lh svelte-1r0pyek\">\u00c0 Amiens, l&rsquo;appel \u00e0 projet lanc\u00e9\u00a0il y a quelques mois pour la cr\u00e9ation d&rsquo;une \u0153uvre d&rsquo;art en vue du futur Centre de formation \u00e0 la lutte contre l\u2019immigration irr\u00e9guli\u00e8re et clandestine a ouvert un d\u00e9bat\u00a0<a href=\"https:\/\/www.culture.gouv.fr\/thematiques\/arts-plastiques\/commande-artistique\/Le-1-artistique\" target=\"_blank\" rel=\"noopener noreferrer\" class=\"\" data-testid=\"link\">sur les conditions du dispositif du \u00ab\u00a01\u00a0 % artistique\u00a0\u00bb<\/a>. Cr\u00e9\u00e9 en 1951, il oblige \u00e0 allouer 1\u2009% du budget de construction d&rsquo;un b\u00e2timent public pour financer la cr\u00e9ation d&rsquo;une \u0153uvre d&rsquo;art qui sera int\u00e9gr\u00e9e au nouvel \u00e9difice. Depuis sa mise en place, plus de 12 000 \u0153uvres (sculptures, peintures, fresques, tapisseries\u2026) ont pris place dans des b\u00e2timents publics comme des \u00e9coles, des universit\u00e9s, des commissariats, des palais de justice\u2026\u00a0\u00c0 travers cette mesure, il s&rsquo;agit pour l&rsquo;\u00c9tat de soutenir la cr\u00e9ation contemporaine, d&#8217;embellir des lieux destin\u00e9s au public, et de rendre accessible l&rsquo;art aux citoyens. Si cette mesure n&rsquo;est pas pour l&rsquo;instant remise en question, elle pose n\u00e9anmoins certains probl\u00e8mes juridiques quant \u00e0 la conservation de ces milliers d&rsquo;\u0153uvres comme l&rsquo;explique No\u00e9 Wagerner, professeur de droit public\u00a0:<\/p>\n<p class=\"PopSlotParagraph qg-tx2 qg-xtra-lh svelte-1r0pyek\"><strong>\u00ab\u00a0U<\/strong>n des \u00e9normes probl\u00e8mes, c&rsquo;est qu&rsquo;il n&rsquo;y a pas d&rsquo;obligation formelle d&rsquo;entretien et donc de conservation sur le moyen et long terme des \u0153uvres issues du processus du 1 % artistique. Face \u00e0 cette probl\u00e9matique-l\u00e0, le minist\u00e8re de la Culture a essay\u00e9 d&rsquo;argumenter autour d&rsquo;obligations qui existent n\u00e9anmoins. Ainsi lorsqu&rsquo;elles sont command\u00e9es, ces \u0153uvres int\u00e8grent le domaine public, ce qui leur assure une protection particuli\u00e8re puisqu&rsquo;elles deviennent inali\u00e9nables et imprescriptibles. La deuxi\u00e8me protection provient des droits d&rsquo;auteur des artistes ou de leurs ayants droit qui d\u00e9fendent leurs \u0153uvres\u00a0lorsqu&rsquo;elles ne sont pas entretenues, qu&rsquo;elles sont d\u00e9plac\u00e9es ou repeintes de mani\u00e8re brutale sans qu&rsquo;ils aient \u00e9t\u00e9 consult\u00e9s.\u00a0\u00bb<\/p>\n<p> Les br\u00e8ves du jour\u00a0:<\/p>\n<ul>\n<li><strong>Deux com\u00e9diens du Th\u00e9\u00e2tre du Soleil accus\u00e9s de violences sexuelles\u00a0:<\/strong>\u00a0<a href=\"https:\/\/www.mediapart.fr\/journal\/france\/301125\/theatre-du-soleil-la-faillite-d-une-utopie\" target=\"_blank\" rel=\"noopener noreferrer\" class=\"\" data-testid=\"link\">M\u00e9diapart\u00a0a\u00a0recueilli dans une longue enqu\u00eate<\/a>\u00a0les t\u00e9moignages de huit ex-salari\u00e9es ou b\u00e9n\u00e9voles \u00e0 l&rsquo;encontre de S\u00e9bastien Brottet-Michel\u00a0et Farid Gul Ahmad. Ces femmes, dont certaines \u00e9taient mineures au moment des faits, accusent les deux com\u00e9diens d\u2019actes allant du harc\u00e8lement sexuel au viol pour trois d\u2019entre elles.\u00a0Les faits se seraient d\u00e9roul\u00e9s entre 2010 et 2025 et une grande partie d\u2019entre eux auraient eu lieu \u00e0 la Cartoucherie de Vincennes, au sein m\u00eame du Th\u00e9\u00e2tre du Soleil. L\u2019enqu\u00eate r\u00e9v\u00e8le par ailleurs qu\u2019Ariane Mouchkine, la directrice de la troupe, avait \u00e9t\u00e9 inform\u00e9e de certains faits d\u00e8s 2023 mais qu\u2019elle aurait d\u00e9cid\u00e9 de minimiser la gravit\u00e9 des accusations. La troupe est vis\u00e9e par une enqu\u00eate de la brigade de protection des mineurs de Paris.<\/li>\n<\/ul>\n<ul>\n<li><strong>Les salles de la Cin\u00e9math\u00e8que Fran\u00e7aise ferm\u00e9es pour un mois \u00e0 cause de punaises de lit\u00a0:<\/strong>\u00a0Apr\u00e8s la pol\u00e9mique\u00a0suscit\u00e9e\u00a0par les propos de son directeur Fr\u00e9d\u00e9ric Bonnaud \u00e0 l&rsquo;encontre de l\u2019actrice Maria Schneider, voil\u00e0 que l\u2019institution\u00a0parisienne se retrouve bloqu\u00e9e par des punaises de lit. Suite \u00e0 de nombreux signalements, la Cin\u00e9math\u00e8que annonce qu\u2019elle va fermer pour un mois ses quatre salles de cin\u00e9ma afin de pouvoir traiter l\u2019ensemble des fauteuils\u00a0ainsi que les moquettes. Les autres espaces d\u00e9di\u00e9s aux expositions ou \u00e0 la biblioth\u00e8que restent n\u00e9anmoins accessibles. La r\u00e9ouverture des salles de projection est pr\u00e9vue le 2 janvier prochain <a href=\"https:\/\/www.cinematheque.fr\/cycle\/films-noirs-scandinaves-1493.html\" target=\"_blank\" rel=\"noopener noreferrer\" class=\"\" data-testid=\"link\">\u00e0 l\u2019occasion de la r\u00e9trospective consacr\u00e9e aux films noirs scandinaves<\/a>.<\/li>\n<\/ul>\n<ul>\n<li><strong>D\u00e9bute ce lundi 1er d\u00e9cembre le Festival Beaux Geste au Centquatre \u00e0 Paris\u00a0:<\/strong>\u00a0Pluridisciplinaire, cet\u00a0\u00e9v\u00e8nement\u00a0qui se d\u00e9roule jusqu\u2019au 14 d\u00e9cembre prochain propose \u00e0 la fois de la danse, du cirque, de la litt\u00e9rature ou encore des arts visuels. Son ambition est d\u2019interroger le corps comme espace du langage, de la sensibilit\u00e9 et de la libert\u00e9. Au programme notamment, Honda Romance, le dernier spectacle de la\u00a0circassienne\u00a0Vimala Pons ou encore RITE, spectacle de danse jubilatoire avec Marlene Monteiro Freitas et Israel Galv\u00e1n. Pour plus d\u2019informations,\u00a0<a href=\"https:\/\/www.104.fr\/fiche-evenement\/festival-beaux-gestes.html\" target=\"_blank\" rel=\"noopener noreferrer\" class=\"\" data-testid=\"link\">rendez-vous sur la page de l&rsquo;\u00e9v\u00e8nement<\/a>.<\/li>\n<\/ul>\n","protected":false},"excerpt":{"rendered":"\u00c0 Amiens, l&rsquo;appel \u00e0 projet lanc\u00e9\u00a0il y a quelques mois pour la cr\u00e9ation d&rsquo;une \u0153uvre d&rsquo;art en vue&hellip;\n","protected":false},"author":2,"featured_media":571566,"comment_status":"","ping_status":"","sticky":false,"template":"","format":"standard","meta":{"footnotes":""},"categories":[1358],"tags":[1348,1384,1385,1386,58,59,1011,27],"class_list":{"0":"post-571565","1":"post","2":"type-post","3":"status-publish","4":"format-standard","5":"has-post-thumbnail","7":"category-arts-et-design","8":"tag-arts","9":"tag-arts-and-design","10":"tag-arts-et-design","11":"tag-design","12":"tag-divertissement","13":"tag-entertainment","14":"tag-fr","15":"tag-france"},"share_on_mastodon":{"url":"https:\/\/pubeurope.com\/@fr\/115645942520144328","error":""},"_links":{"self":[{"href":"https:\/\/www.europesays.com\/fr\/wp-json\/wp\/v2\/posts\/571565","targetHints":{"allow":["GET"]}}],"collection":[{"href":"https:\/\/www.europesays.com\/fr\/wp-json\/wp\/v2\/posts"}],"about":[{"href":"https:\/\/www.europesays.com\/fr\/wp-json\/wp\/v2\/types\/post"}],"author":[{"embeddable":true,"href":"https:\/\/www.europesays.com\/fr\/wp-json\/wp\/v2\/users\/2"}],"replies":[{"embeddable":true,"href":"https:\/\/www.europesays.com\/fr\/wp-json\/wp\/v2\/comments?post=571565"}],"version-history":[{"count":0,"href":"https:\/\/www.europesays.com\/fr\/wp-json\/wp\/v2\/posts\/571565\/revisions"}],"wp:featuredmedia":[{"embeddable":true,"href":"https:\/\/www.europesays.com\/fr\/wp-json\/wp\/v2\/media\/571566"}],"wp:attachment":[{"href":"https:\/\/www.europesays.com\/fr\/wp-json\/wp\/v2\/media?parent=571565"}],"wp:term":[{"taxonomy":"category","embeddable":true,"href":"https:\/\/www.europesays.com\/fr\/wp-json\/wp\/v2\/categories?post=571565"},{"taxonomy":"post_tag","embeddable":true,"href":"https:\/\/www.europesays.com\/fr\/wp-json\/wp\/v2\/tags?post=571565"}],"curies":[{"name":"wp","href":"https:\/\/api.w.org\/{rel}","templated":true}]}}