{"id":571568,"date":"2025-12-01T19:25:17","date_gmt":"2025-12-01T19:25:17","guid":{"rendered":"https:\/\/www.europesays.com\/fr\/571568\/"},"modified":"2025-12-01T19:25:17","modified_gmt":"2025-12-01T19:25:17","slug":"il-ma-dit-des-trucs","status":"publish","type":"post","link":"https:\/\/www.europesays.com\/fr\/571568\/","title":{"rendered":"\u00ab\u00a0il m&rsquo;a dit des trucs"},"content":{"rendered":"<p itemprop=\"description\"><strong>Alors que le documentaire sur Diddy produit par 50 Cent sort demain, le rappeur a expliqu\u00e9 pourquoi il avait de mauvaises relations avec le boss de Bad Boy Records.<\/strong><\/p>\n<p><strong>Diddy est au fond du trou, au sens propre comme au figur\u00e9. Alors que sa peine de 4 ans fermes a \u00e9t\u00e9 prononc\u00e9e<\/strong>, il est donc <a href=\"https:\/\/generations.fr\/news\/coulisse\/80565\/diddy-choppe-en-prison-avec-de-l-alcool-fait-maison-ses-proches-prennent-la-parole\" target=\"_blank\" rel=\"noopener\">actuellement emprisonn\u00e9<\/a> en attendant une \u00e9ventuelle gr\u00e2ce pr\u00e9sidentielle, ou une lib\u00e9ration sous condition dans plusieurs mois. Mais 50 Cent a d\u00e9cid\u00e9 de ne pas laisser son \u00ab\u00a0opps\u00a0\u00bb tranquille, en annon\u00e7ant par surprise <a href=\"https:\/\/generations.fr\/news\/coulisse\/80660\/50-cent-son-documentaire-sur-diddy-arrive-sur-netflix-dans-quelques-jours\" target=\"_blank\" rel=\"noopener\"><strong>la sortie d&rsquo;un documentaire sur la chute de Diddy demain<\/strong><\/a>, le 2 d\u00e9cembre. Et<strong> lors d&rsquo;une r\u00e9cente interview, il explique pourquoi il en veut autant \u00e0 Sean Combs.<\/strong><\/p>\n<p>On peut dire que <a href=\"https:\/\/generations.fr\/news\/coulisse\/80545\/zohran-mamdani-nouveau-maire-de-new-york-est-fan-de-many-men-et-est-deja-en-clash-avec-50-cent\" target=\"_blank\" rel=\"noopener\">50 Cent<\/a> a la rancune tenace, \u00e7a, on le sait tr\u00e8s bien. <strong>On a pu voir qu&rsquo;il ne l\u00e2chait jamais rien, dans aucun clash<\/strong>, mais cette fois, il y est all\u00e9 un peu fort, jusqu&rsquo;\u00e0 faire un documentaire pour mettre une de ses ex-connaissances encore plus dans la merde. Lors d&rsquo;une i<strong>nterview avec Robin Roberts dans \u00ab\u00a0Good Morning America\u00a0\u00bb<\/strong>, le journaliste a voulu l&rsquo;interroger pour conna\u00eetre les raisons de cette mauvaise relation avec Diddy, et dans la l\u00e9gende du post Instagram qui reprend la s\u00e9quence de l&rsquo;\u00e9mission, Fifty a \u00e9crit les mots suivants :<\/p>\n<blockquote><p>&#13;<\/p>\n<p><strong>Quel clash ? J&rsquo;ai mis deux de ses enfants dans mes s\u00e9ries t\u00e9l\u00e9. Je n&rsquo;ai juste pas aim\u00e9 qu&rsquo;il me dise des trucs salaces. Et il m&rsquo;a dit des trucs salaces, je n&rsquo;aime pas \u00e7a.\u00a0<\/strong><\/p>\n<p>&#13;\n<\/p><\/blockquote>\n<p>Finalement pas de clash, donc, <strong>50 Cent a juste d\u00e9cid\u00e9 de taper sur Diddy parce que ce dernier lui a dit des choses pas tr\u00e8s clean<\/strong>. Effectivement, le motif de l&#8217;embrouille n&rsquo;est pas fou, on s&rsquo;attendait \u00e0 une raison plus profonde, mais Fifty est donc juste un troll ! Mais un troll qui va loin : rendez-vous demain pour le docu sur la chute de Diddy !<\/p>\n<blockquote class=\"instagram-media\" style=\"background: #FFF; border: 0; border-radius: 3px; box-shadow: 0 0 1px 0 rgba(0,0,0,0.5),0 1px 10px 0 rgba(0,0,0,0.15); margin: 1px; max-width: 540px; min-width: 326px; padding: 0; width: calc(100% - 2px);\" data-instgrm-captioned=\"\" data-instgrm-permalink=\"https:\/\/www.instagram.com\/reel\/DRskEQnDvh6\/?utm_source=ig_embed&amp;utm_campaign=loading\" data-instgrm-version=\"14\"><p>&#13;<br \/>\n&#13;\n<\/p><\/blockquote>\n<p>\t\t\t\t\t\t\t\t\t\t\t\t\t\t\t\t\t\t\t<script async src=\"\/\/www.instagram.com\/embed.js\"><\/script><\/p>\n","protected":false},"excerpt":{"rendered":"Alors que le documentaire sur Diddy produit par 50 Cent sort demain, le rappeur a expliqu\u00e9 pourquoi il&hellip;\n","protected":false},"author":2,"featured_media":571569,"comment_status":"","ping_status":"","sticky":false,"template":"","format":"standard","meta":{"footnotes":""},"categories":[1355],"tags":[1111,67642,11,2163,58,59,1011,27,3612,3620,3606,3607,3605,3608,3617,3615,3609,1922,1361,873,12,2189,3658,1825,67643,3616,3656,67641,3619,3621,3611,3610,2955,3655],"class_list":{"0":"post-571568","1":"post","2":"type-post","3":"status-publish","4":"format-standard","5":"has-post-thumbnail","7":"category-musique","8":"tag-actu","9":"tag-actu-rap","10":"tag-actualites","11":"tag-chroniques","12":"tag-divertissement","13":"tag-entertainment","14":"tag-fr","15":"tag-france","16":"tag-freestyles","17":"tag-funk","18":"tag-generation","19":"tag-generation88-2","20":"tag-generations","21":"tag-generations88-2","22":"tag-hip-hop","23":"tag-hiphop","24":"tag-hiphopsoul","25":"tag-info","26":"tag-music","27":"tag-musique","28":"tag-news","29":"tag-photos","30":"tag-playlist","31":"tag-radio","32":"tag-radio-rap","33":"tag-rap","34":"tag-rapfr","35":"tag-rapus","36":"tag-reggae","37":"tag-rnb","38":"tag-sons","39":"tag-soul","40":"tag-videos","41":"tag-webradio"},"share_on_mastodon":{"url":"https:\/\/pubeurope.com\/@fr\/115645954739775177","error":""},"_links":{"self":[{"href":"https:\/\/www.europesays.com\/fr\/wp-json\/wp\/v2\/posts\/571568","targetHints":{"allow":["GET"]}}],"collection":[{"href":"https:\/\/www.europesays.com\/fr\/wp-json\/wp\/v2\/posts"}],"about":[{"href":"https:\/\/www.europesays.com\/fr\/wp-json\/wp\/v2\/types\/post"}],"author":[{"embeddable":true,"href":"https:\/\/www.europesays.com\/fr\/wp-json\/wp\/v2\/users\/2"}],"replies":[{"embeddable":true,"href":"https:\/\/www.europesays.com\/fr\/wp-json\/wp\/v2\/comments?post=571568"}],"version-history":[{"count":0,"href":"https:\/\/www.europesays.com\/fr\/wp-json\/wp\/v2\/posts\/571568\/revisions"}],"wp:featuredmedia":[{"embeddable":true,"href":"https:\/\/www.europesays.com\/fr\/wp-json\/wp\/v2\/media\/571569"}],"wp:attachment":[{"href":"https:\/\/www.europesays.com\/fr\/wp-json\/wp\/v2\/media?parent=571568"}],"wp:term":[{"taxonomy":"category","embeddable":true,"href":"https:\/\/www.europesays.com\/fr\/wp-json\/wp\/v2\/categories?post=571568"},{"taxonomy":"post_tag","embeddable":true,"href":"https:\/\/www.europesays.com\/fr\/wp-json\/wp\/v2\/tags?post=571568"}],"curies":[{"name":"wp","href":"https:\/\/api.w.org\/{rel}","templated":true}]}}