{"id":571572,"date":"2025-12-01T19:27:15","date_gmt":"2025-12-01T19:27:15","guid":{"rendered":"https:\/\/www.europesays.com\/fr\/571572\/"},"modified":"2025-12-01T19:27:15","modified_gmt":"2025-12-01T19:27:15","slug":"ce-fruit-dhiver-que-tout-le-monde-achete-est-contamine-a-87-et-la-liste-noire-de-vos-autres-fruits-et-legumes","status":"publish","type":"post","link":"https:\/\/www.europesays.com\/fr\/571572\/","title":{"rendered":"ce fruit d\u2019hiver que tout le monde ach\u00e8te est contamin\u00e9 \u00e0 87 % (et la liste noire de vos autres fruits et l\u00e9gumes)"},"content":{"rendered":"<p>En hiver, les cl\u00e9mentines tr\u00f4nent sur nos<br \/>\ntables, mais en France plus de 8 sur 10 porteraient des r\u00e9sidus de<br \/>\npesticides. Quels fruits et l\u00e9gumes sont les plus expos\u00e9s et<br \/>\ncomment adapter ses achats ?<\/p>\n<p>En plein hiver, les cagettes de <a href=\"https:\/\/www.pleinevie.fr\/conso-argent\/consommation\/clementines-ou-mandarines-quelles-sont-les-differences-de-ces-deux-fruits-141253.html\" target=\"_blank\" rel=\"noopener\"><strong>cl\u00e9mentines<\/strong><\/a><br \/>\ns\u2019empilent sur les \u00e9tals, symbole d\u2019une pause vitamine C cens\u00e9e<br \/>\n\u00eatre saine pour toute la famille. Derri\u00e8re cette image rassurante,<br \/>\nles contr\u00f4les men\u00e9s en France racontent pourtant une autre<br \/>\nhistoire, beaucoup moins orang\u00e9e, sur ce qui se cache \u00e0 la surface<br \/>\ndes <strong>fruits et l\u00e9gumes<\/strong>\u2026 et parfois en<br \/>\nprofondeur.<\/p>\n<p>Entre les donn\u00e9es de l\u2019association G\u00e9n\u00e9rations Futures et celles<br \/>\nde l\u2019UFC-Que Choisir, un constat se dessine : une large partie de<br \/>\nnotre panier contient des <strong>r\u00e9sidus de pesticides<\/strong>.<br \/>\nSur la p\u00e9riode 2017-2021, 73 % des \u00e9chantillons de fruits non bio<br \/>\net 45 % des l\u00e9gumes non bio analys\u00e9s en France sont concern\u00e9s,<br \/>\nselon G\u00e9n\u00e9rations Futures. Et les cl\u00e9mentines font partie des plus<br \/>\ntouch\u00e9es, au point de devenir le symbole de cette<br \/>\ncontamination.<\/p>\n<p>Pesticides et cl\u00e9mentines : ce que montrent les contr\u00f4les<br \/>\nen France<\/p>\n<p>Pour y voir clair, G\u00e9n\u00e9rations Futures a compil\u00e9 les r\u00e9sultats<br \/>\ndes plans officiels de surveillance r\u00e9alis\u00e9s par les autorit\u00e9s<br \/>\nfran\u00e7aises entre 2017 et 2021, en se concentrant uniquement sur<br \/>\nl\u2019agriculture conventionnelle. \u00ab\u00a0Sans surprise, les taux de<br \/>\npesticides sont donc plus \u00e9lev\u00e9s\u00a0\u00bb, explique Fran\u00e7ois Veillerette,<br \/>\nporte-parole de G\u00e9n\u00e9rations Futures, cit\u00e9 par Marie France. Il en<br \/>\nressort que 73 % des fruits et 45 % des l\u00e9gumes non bio consomm\u00e9s<br \/>\nen France contiennent au moins un r\u00e9sidu de pesticide.<\/p>\n<p>Dans ce panorama, les cl\u00e9mentines apparaissent en haut du<br \/>\ntableau. L\u2019\u00e9tat des lieux publi\u00e9 par l\u2019association indique que les<br \/>\ncerises arrivent en t\u00eate avec 93,8 % d\u2019\u00e9chantillons contamin\u00e9s,<br \/>\nsuivies du pamplemousse (91,1 %) et des nectarines\/p\u00eaches (90,2 %).<br \/>\nLes raisins pr\u00e9sentent 88,3 % d\u2019\u00e9chantillons contenant des r\u00e9sidus,<br \/>\net les <strong>cl\u00e9mentines<\/strong> comme les oranges atteignent<br \/>\n87,2 %. Un autre jeu de donn\u00e9es, celui de l\u2019Observatoire des<br \/>\npesticides de l\u2019UFC-Que Choisir pour 2020-2021, donne des chiffres<br \/>\ndu m\u00eame ordre : <strong>89 % des cl\u00e9mentines et mandarines<\/strong><br \/>\ncontiennent au moins un pesticide, dont 82 % avec des substances<br \/>\nclass\u00e9es parmi \u00ab\u00a0les plus \u00e0 risque\u00a0\u00bb. D\u00e9j\u00e0, sur la p\u00e9riode 2012-2016,<br \/>\nG\u00e9n\u00e9rations Futures relevait 88,4 % de mandarines et cl\u00e9mentines<br \/>\ncontamin\u00e9es dans les contr\u00f4les officiels cit\u00e9s par Le Figaro.<\/p>\n<p>La liste des fruits et l\u00e9gumes les plus contamin\u00e9s par<br \/>\nles pesticides<\/p>\n<p>Au-del\u00e0 des cl\u00e9mentines, le rapport 2017-2021 de G\u00e9n\u00e9rations<br \/>\nFutures montre que de <a href=\"https:\/\/www.pleinevie.fr\/conso-argent\/consommation\/pesticides-voici-le-top-12-des-fruits-et-legumes-les-plus-contamines-en-france-en-2025-171353.html\" target=\"_blank\" rel=\"noopener\">nombreux fruits d\u2019usage courant<\/a><br \/>\nsont r\u00e9guli\u00e8rement porteurs de r\u00e9sidus. Les cerises (93,8 %), les<br \/>\npamplemousses (91,1 %), les nectarines et p\u00eaches (90,2 %), les<br \/>\nraisins (88,3 %), les cl\u00e9mentines et oranges (87,2 %), mais aussi<br \/>\nles bananes (81,9 %), les abricots (80,5 %) et les fraises (78,7 %)<br \/>\nd\u00e9passent tous les trois quarts d\u2019\u00e9chantillons contamin\u00e9s. Certains<br \/>\nd\u00e9passent m\u00eame les limites maximales de r\u00e9sidus (LMR) fix\u00e9es par la<br \/>\nr\u00e9glementation : le fruit de la passion arrive en t\u00eate avec 37,2 %<br \/>\nd\u2019\u00e9chantillons au-dessus des seuils autoris\u00e9s, devant l\u2019ananas<br \/>\n(22,6 %), la grenade (18,8 %) et la figue (7,2 %). Du c\u00f4t\u00e9 des<br \/>\nl\u00e9gumes, l\u2019\u00e9tude pointe le c\u00e9leri rave (78,3 % d\u2019\u00e9chantillons<br \/>\ncontamin\u00e9s), les melons (69 %), les endives (67,7 %), les herbes<br \/>\nfra\u00eeches (67,3 %), mais aussi les panais (61,1 %), les pommes de<br \/>\nterre (60,7 %), les carottes (59,8 %) et des haricots verts,<br \/>\nsalades et poivrons au-del\u00e0 de 50 %.<\/p>\n<p>Les chiffres de l\u2019UFC-Que Choisir, qui distinguent tous<br \/>\n<strong>les pesticides de ceux \u00ab\u00a0les plus \u00e0 risque\u00a0\u00bb<\/strong><br \/>\n(canc\u00e9rog\u00e8nes, mutag\u00e8nes, reprotoxiques ou perturbateurs<br \/>\nendocriniens), apportent une nuance utile. Les cl\u00e9mentines et<br \/>\nmandarines affichent 89 % d\u2019\u00e9chantillons contenant au moins un<br \/>\npesticide, dont 82 % avec des mol\u00e9cules probl\u00e9matiques. Les oranges<br \/>\nmontent \u00e0 92 % (87 % pour les pesticides les plus \u00e0 risque) et les<br \/>\npamplemousses \u00e0 91 % (89 %). Les poires (85 % dont 64 % de<br \/>\npesticides \u00e0 risque) et les pommes (75 % dont 54 % de pesticides \u00e0<br \/>\nrisque) restent tr\u00e8s surveill\u00e9es, tandis que le kiwi fait figure de<br \/>\nbon \u00e9l\u00e8ve avec 20 % d\u2019\u00e9chantillons contamin\u00e9s et aucun pesticide<br \/>\nclass\u00e9 parmi les plus dangereux. C\u00f4t\u00e9 l\u00e9gumes d\u2019hiver, le c\u00e9leri<br \/>\nbranche (100 % d\u2019\u00e9chantillons contamin\u00e9s, 97 % avec pesticides \u00e0<br \/>\nrisque), le chou de Bruxelles (95 % et 92 %), l\u2019endive (85 % et 72<br \/>\n%), la carotte (70 % et 59 %) et la pomme de terre (64 % et 56 %)<br \/>\nressortent comme particuli\u00e8rement expos\u00e9s, alors que la patate<br \/>\ndouce pr\u00e9sente 38 % d\u2019\u00e9chantillons contamin\u00e9s mais seulement 6 %<br \/>\navec des pesticides jug\u00e9s les plus pr\u00e9occupants.<\/p>\n<p>Pour hi\u00e9rarchiser ses achats en bio quand le budget est limit\u00e9,<br \/>\nces chiffres permettent d\u2019identifier des produits \u00e0 surveiller en<br \/>\npriorit\u00e9, parmi lesquels :<\/p>\n<ul>\n<li>Les agrumes : cl\u00e9mentines, mandarines, oranges,<br \/>\npamplemousses<\/li>\n<li>Les cerises, raisins, nectarines et p\u00eaches<\/li>\n<li>Les fraises et autres fruits tr\u00e8s trait\u00e9s comme les pommes et<br \/>\npoires<\/li>\n<li>Le c\u00e9leri (branche et rave), les endives, choux de Bruxelles et<br \/>\nherbes fra\u00eeches<\/li>\n<li>Les salades, \u00e9pinards, carottes et pommes de terre<\/li>\n<\/ul>\n<p>Laver, \u00e9plucher, bio : comment<br \/>\nr\u00e9duire les r\u00e9sidus sur les cl\u00e9mentines et autres<br \/>\nproduits<\/p>\n<p>Pour Fran\u00e7ois Veillerette, le sujet reste d\u2019actualit\u00e9 : \u00ab\u00a0Les<br \/>\nr\u00e9sidus de pesticides dans les v\u00e9g\u00e9taux, ce n&rsquo;est pas un probl\u00e8me<br \/>\nqui est derri\u00e8re nous. Or les consommateurs en sont soucieux,<br \/>\ntoutes les enqu\u00eates le montrent. Cela vaut le coup d&rsquo;avoir une<br \/>\npolitique qui incite le syst\u00e8me agricole \u00e0 \u00e9voluer !\u00a0\u00bb,<br \/>\nsouligne-t-il. Sur son site, l\u2019association G\u00e9n\u00e9rations Futures<br \/>\nrappelle que les pesticides \u00ab\u00a0pr\u00e9sentent un risque toxique pour<br \/>\ncertains organismes qu&rsquo;ils ne ciblent pas. <strong>Les effets, m\u00eame<br \/>\nde faibles quantit\u00e9s de ces toxiques<\/strong>, en m\u00e9lange et\/ou sur<br \/>\nde longues p\u00e9riodes peuvent poser de graves probl\u00e8mes sanitaires:<br \/>\ntroubles neurologiques ou du comportement, du d\u00e9veloppement,<br \/>\ncertains cancers, troubles de la fertilit\u00e9 ou de la<br \/>\nreproduction&#8230;\u00a0\u00bb, indique l\u2019association, cit\u00e9e par Le Figaro.<br \/>\nG\u00e9n\u00e9rations Futures appelle d\u2019ailleurs \u00e0 \u00ab\u00a0r\u00e9duire fortement l&rsquo;usage<br \/>\ndes pesticides\u00a0\u00bb dans l\u2019agriculture conventionnelle.<\/p>\n<p>Au niveau des gestes du quotidien, plusieurs pistes ressortent<br \/>\ndes diff\u00e9rentes sources. L\u2019Organisation mondiale de la sant\u00e9<br \/>\nrecommande aux consommateurs de \u00ab\u00a0limiter leur ingestion de r\u00e9sidus<br \/>\nde pesticides <strong>en pelant ou en lavant les fruits et les<br \/>\nl\u00e9gumes<\/strong>\u00ab\u00a0. Cette strat\u00e9gie n\u2019a toutefois pas la m\u00eame<br \/>\nefficacit\u00e9 selon les produits. Pour certains, comme les pommes, une<br \/>\npartie des substances p\u00e9n\u00e8tre la chair. Pour d\u2019autres, \u00e0 peau<br \/>\n\u00e9paisse, l\u2019\u00e9pluchage change beaucoup la donne : \u00ab\u00a0Le raisin, vous<br \/>\nn&rsquo;allez pas l&rsquo;\u00e9plucher avant de le manger, par contre la cl\u00e9mentine<br \/>\noui, la banane aussi\u00a0\u00bb. L\u2019UFC-Que Choisir indique que le lavage \u00e0<br \/>\nl\u2019eau aide surtout pour les l\u00e9gumes-feuilles, et encore davantage<br \/>\nsi on les blanchit ou les fait bouillir. La Javel est d\u00e9conseill\u00e9e<br \/>\nen raison des risques d\u2019intoxication ; l\u2019association pr\u00e9conise<br \/>\nplut\u00f4t un bain d\u2019eau additionn\u00e9e de vinaigre, de sel ou de<br \/>\nbicarbonate de soude, efficaces en surface.<\/p>\n","protected":false},"excerpt":{"rendered":"En hiver, les cl\u00e9mentines tr\u00f4nent sur nos tables, mais en France plus de 8 sur 10 porteraient des&hellip;\n","protected":false},"author":2,"featured_media":571573,"comment_status":"","ping_status":"","sticky":false,"template":"","format":"standard","meta":{"footnotes":""},"categories":[10],"tags":[10281,1011,27,72,71],"class_list":{"0":"post-571572","1":"post","2":"type-post","3":"status-publish","4":"format-standard","5":"has-post-thumbnail","7":"category-sante","8":"tag-buzz-nonli","9":"tag-fr","10":"tag-france","11":"tag-health","12":"tag-sante"},"share_on_mastodon":{"url":"https:\/\/pubeurope.com\/@fr\/115645962222126126","error":""},"_links":{"self":[{"href":"https:\/\/www.europesays.com\/fr\/wp-json\/wp\/v2\/posts\/571572","targetHints":{"allow":["GET"]}}],"collection":[{"href":"https:\/\/www.europesays.com\/fr\/wp-json\/wp\/v2\/posts"}],"about":[{"href":"https:\/\/www.europesays.com\/fr\/wp-json\/wp\/v2\/types\/post"}],"author":[{"embeddable":true,"href":"https:\/\/www.europesays.com\/fr\/wp-json\/wp\/v2\/users\/2"}],"replies":[{"embeddable":true,"href":"https:\/\/www.europesays.com\/fr\/wp-json\/wp\/v2\/comments?post=571572"}],"version-history":[{"count":0,"href":"https:\/\/www.europesays.com\/fr\/wp-json\/wp\/v2\/posts\/571572\/revisions"}],"wp:featuredmedia":[{"embeddable":true,"href":"https:\/\/www.europesays.com\/fr\/wp-json\/wp\/v2\/media\/571573"}],"wp:attachment":[{"href":"https:\/\/www.europesays.com\/fr\/wp-json\/wp\/v2\/media?parent=571572"}],"wp:term":[{"taxonomy":"category","embeddable":true,"href":"https:\/\/www.europesays.com\/fr\/wp-json\/wp\/v2\/categories?post=571572"},{"taxonomy":"post_tag","embeddable":true,"href":"https:\/\/www.europesays.com\/fr\/wp-json\/wp\/v2\/tags?post=571572"}],"curies":[{"name":"wp","href":"https:\/\/api.w.org\/{rel}","templated":true}]}}