{"id":571576,"date":"2025-12-01T19:29:19","date_gmt":"2025-12-01T19:29:19","guid":{"rendered":"https:\/\/www.europesays.com\/fr\/571576\/"},"modified":"2025-12-01T19:29:19","modified_gmt":"2025-12-01T19:29:19","slug":"bd-le-festival-dangouleme-annule-les-organisateurs-blament-les-pouvoirs-publics-actualites","status":"publish","type":"post","link":"https:\/\/www.europesays.com\/fr\/571576\/","title":{"rendered":"BD: le festival d&rsquo;Angoul\u00eame annul\u00e9, les organisateurs bl\u00e2ment les pouvoirs publics : Actualit\u00e9s"},"content":{"rendered":"<p class=\"lead \">S\u00e9isme dans la BD: le festival international d&rsquo;Angoul\u00eame, plomb\u00e9 par le boycott d&rsquo;auteurs, a \u00e9t\u00e9 officiellement annul\u00e9 par la soci\u00e9t\u00e9 organisatrice 9e Art+, qui rejette sur les financeurs publics \u00ab\u00a0la responsabilit\u00e9\u00a0\u00bb de cette d\u00e9cision quasi-in\u00e9dite annonc\u00e9e lundi.<\/p>\n<p class=\"lead \">Depuis plusieurs semaines, la plus grande incertitude entourait la 53e \u00e9dition du Festival international de la bande dessin\u00e9e (FIBD) pr\u00e9vue du 29 janvier au 1er f\u00e9vrier, l&rsquo;un des plus grands rendez-vous du secteur qui attire chaque ann\u00e9e des auteurs du monde entier et quelque 200.000 visiteurs.<\/p>\n<p class=\"lead \">Apr\u00e8s une \u00e9dition 2025 sous tension, de nombreux auteurs et autrices, dont la laur\u00e9ate du Grand Prix de la BD 2025 Anouk Ricard, avaient annonc\u00e9 boycotter l&rsquo;\u00e9dition 2026, critiquant l&rsquo;opacit\u00e9 et la d\u00e9rive commerciale du festival. <\/p>\n<p class=\"lead \">S&rsquo;appuyant sur des r\u00e9v\u00e9lations du quotidien L&rsquo;Humanit\u00e9, ils reprochaient \u00e9galement \u00e0 9e Art+ d&rsquo;avoir licenci\u00e9 une salari\u00e9e qui venait de porter plainte pour un viol survenu en marge du festival en 2024.<\/p>\n<p class=\"lead \">Face \u00e0 la temp\u00eate, les grandes maisons d&rsquo;\u00e9dition de BD avaient r\u00e9cemment jug\u00e9 l&rsquo;\u00e9dition 2026 \u00ab\u00a0compromise\u00a0\u00bb, estimant \u00ab\u00a0la confiance (&#8230;) rompue\u00a0\u00bb avec les organisateurs, avant que les financeurs publics du festival, qui contribuent pour moiti\u00e9 \u00e0 son budget d&rsquo;environ six millions d&rsquo;euros, n&rsquo;appellent le 20 novembre \u00e0 une annulation pure et simple.<\/p>\n<p class=\"lead \">Face \u00e0 la pression, la soci\u00e9t\u00e9 9e Art+, qui organise l&rsquo;\u00e9v\u00e9nement depuis 2007, a d\u00e9cid\u00e9 d&rsquo;annuler la prochaine \u00e9dition du festival pour la premi\u00e8re fois depuis sa cr\u00e9ation en 1974, except\u00e9 en 2021 en raison de l&rsquo;\u00e9pid\u00e9mie de Covid.<\/p>\n<p class=\"lead \">\u00ab\u00a0L&rsquo;\u00e9dition 2026 est annul\u00e9e\u00a0\u00bb, a indiqu\u00e9 \u00e0 l&rsquo;AFP Me Vincent Brenot, l&rsquo;un des deux avocats de la soci\u00e9t\u00e9 9e Art+, confirmant une information du journal La Charente Libre.<\/p>\n<p class=\"lead \">\u00ab\u00a0Cette situation ne r\u00e9sulte en aucun cas d&rsquo;un choix de la soci\u00e9t\u00e9 9e Art+ dont le FIBD constitue l&rsquo;unique raison d&rsquo;\u00eatre, mais bien d&rsquo;une d\u00e9cision unilat\u00e9rale prise sans concertation par les financeurs publics\u00a0\u00bb, d\u00e9taillent dans un communiqu\u00e9 Me Brenot et son confr\u00e8re Ghislain Minaire, au nom de 9e Art+.<\/p>\n<p class=\"lead \">\u00ab\u00a0La responsabilit\u00e9 en incombe aux financeurs publics qui n&rsquo;ont cess\u00e9 de s&rsquo;immiscer dans la gestion, pourtant priv\u00e9e, de l&rsquo;\u00e9v\u00e9nement, avec la volont\u00e9 manifeste d&rsquo;en \u00e9vincer l&rsquo;organisateur historique\u00a0\u00bb, d\u00e9taillent-ils.<\/p>\n<p class=\"lead \">&#8211; Passe d&rsquo;armes &#8211;<\/p>\n<p class=\"lead \">Une accusation rejet\u00e9e aupr\u00e8s de l&rsquo;AFP par la r\u00e9gion Nouvelle-Aquitaine, un des principaux financeurs publics du festival, qui \u00e9voque une \u00ab\u00a0pirouette\u00a0\u00bb.<\/p>\n<p class=\"lead \">\u00ab\u00a0On a un organisateur qui oublie juste que c&rsquo;est lui qui a provoqu\u00e9 cette crise, avec un boycott de quasi 100% des auteurs de la fili\u00e8re et la quasi-totalit\u00e9 des \u00e9diteurs, quelle que soit leur taille, quelle que soit leur histoire avec le festival\u00a0\u00bb, estime Fr\u00e9d\u00e9ric Vilcocq, conseiller culture de la r\u00e9gion Nouvelle-Aquitaine.<\/p>\n<p class=\"lead \">Sollicit\u00e9s par l&rsquo;AFP, le maire d&rsquo;Angoul\u00eame, Xavier Bonnefont, et le minist\u00e8re de la Culture n&rsquo;ont pas souhait\u00e9 faire de commentaires.<\/p>\n<p class=\"lead \">Apr\u00e8s l&rsquo;\u00e9dition 2025, les opposants \u00e0 9e Art+ avaient obtenu de l&rsquo;association FIBD, d\u00e9tentrice des droits du festival, le lancement d&rsquo;un appel d&rsquo;offres dans l&rsquo;espoir qu&rsquo;un nouvel organisateur soit d\u00e9sign\u00e9 pour organiser l&rsquo;\u00e9v\u00e9nement \u00e0 l&rsquo;avenir.<\/p>\n<p class=\"lead \">A l&rsquo;issue du processus, critiqu\u00e9 pour son manque de transparence, 9e Art+ avait toutefois \u00e9t\u00e9 reconduit d\u00e9but novembre, provoquant une nouvelle lev\u00e9e de boucliers. <\/p>\n<p class=\"lead \">Face au toll\u00e9, la proc\u00e9dure avait \u00e9t\u00e9 annul\u00e9e par l&rsquo;association FIBD qui avait d\u00e9cid\u00e9 d&rsquo;\u00e9carter 9e Art+ d&rsquo;un nouvel appel d&rsquo;offres, sans r\u00e9ussir \u00e0 \u00e9teindre l&rsquo;incendie. Les financeurs publics (Etat, r\u00e9gion, collectivit\u00e9s) avaient alors annonc\u00e9 leur intention de \u00ab\u00a0reprendre la main\u00a0\u00bb sur l&rsquo;organisation future.<\/p>\n<p class=\"lead \">\u00ab\u00a0En dehors de tout cadre l\u00e9gal, les acteurs publics locaux ont, selon leurs propres termes, +pes\u00e9 de tout leur poids+ pour emp\u00eacher la reconduction du contrat priv\u00e9 confiant \u00e0 9e Art+ l&rsquo;organisation du FIBD\u00a0\u00bb, estiment les avocats de 9e Art+.<\/p>\n<p class=\"lead \">Selon le communiqu\u00e9, le d\u00e9l\u00e9gataire actuel s&rsquo;inqui\u00e8te par ailleurs \u00ab\u00a0des cons\u00e9quences humaines et \u00e9conomiques de l&rsquo;absence d&rsquo;\u00e9dition 2026\u00a0\u00bb et pointe la \u00ab\u00a0lourde incertitude\u00a0\u00bb qui entoure celle de 2027, dont l&rsquo;organisation lui \u00ab\u00a0appartient juridiquement\u00a0\u00bb.<\/p>\n<p class=\"lead \">\u00ab\u00a0Une solution concert\u00e9e peut, et doit, maintenant \u00eatre trouv\u00e9e\u00a0\u00bb, conclut le communiqu\u00e9.<\/p>\n<p class=\"lead \">\u00ab\u00a0L&rsquo;annulation d&rsquo;un \u00e9v\u00e9nement comme celui-ci, avec toute l&rsquo;activit\u00e9 qu&rsquo;il y a derri\u00e8re, c&rsquo;est catastrophique pour un territoire\u00a0\u00bb, a soulign\u00e9 de son c\u00f4t\u00e9 Guillaume Jacques, pr\u00e9sident de l&rsquo;Union des m\u00e9tiers et des industries de l&rsquo;h\u00f4tellerie (Umih) en Charente et Charente-Maritime, souhaitant que ce \u00ab\u00a0pr\u00e9c\u00e9dent\u00a0\u00bb n&rsquo;hypoth\u00e8que pas l&rsquo;avenir du festival.<\/p>\n<p class=\"small font-weight-bold text-gray3 \"> publi\u00e9 le 1 d\u00e9cembre \u00e0 18h16, AFP<\/p>\n<p>                             Partager<\/p>\n","protected":false},"excerpt":{"rendered":"S\u00e9isme dans la BD: le festival international d&rsquo;Angoul\u00eame, plomb\u00e9 par le boycott d&rsquo;auteurs, a \u00e9t\u00e9 officiellement annul\u00e9 par&hellip;\n","protected":false},"author":2,"featured_media":571577,"comment_status":"","ping_status":"","sticky":false,"template":"","format":"standard","meta":{"footnotes":""},"categories":[8],"tags":[6818,9993,4725,58,59,849,1011,27,418],"class_list":{"0":"post-571576","1":"post","2":"type-post","3":"status-publish","4":"format-standard","5":"has-post-thumbnail","7":"category-divertissement","8":"tag-dition","9":"tag-bd","10":"tag-collectivits","11":"tag-divertissement","12":"tag-entertainment","13":"tag-festival","14":"tag-fr","15":"tag-france","16":"tag-gouvernement"},"share_on_mastodon":{"url":"https:\/\/pubeurope.com\/@fr\/115645970293229572","error":""},"_links":{"self":[{"href":"https:\/\/www.europesays.com\/fr\/wp-json\/wp\/v2\/posts\/571576","targetHints":{"allow":["GET"]}}],"collection":[{"href":"https:\/\/www.europesays.com\/fr\/wp-json\/wp\/v2\/posts"}],"about":[{"href":"https:\/\/www.europesays.com\/fr\/wp-json\/wp\/v2\/types\/post"}],"author":[{"embeddable":true,"href":"https:\/\/www.europesays.com\/fr\/wp-json\/wp\/v2\/users\/2"}],"replies":[{"embeddable":true,"href":"https:\/\/www.europesays.com\/fr\/wp-json\/wp\/v2\/comments?post=571576"}],"version-history":[{"count":0,"href":"https:\/\/www.europesays.com\/fr\/wp-json\/wp\/v2\/posts\/571576\/revisions"}],"wp:featuredmedia":[{"embeddable":true,"href":"https:\/\/www.europesays.com\/fr\/wp-json\/wp\/v2\/media\/571577"}],"wp:attachment":[{"href":"https:\/\/www.europesays.com\/fr\/wp-json\/wp\/v2\/media?parent=571576"}],"wp:term":[{"taxonomy":"category","embeddable":true,"href":"https:\/\/www.europesays.com\/fr\/wp-json\/wp\/v2\/categories?post=571576"},{"taxonomy":"post_tag","embeddable":true,"href":"https:\/\/www.europesays.com\/fr\/wp-json\/wp\/v2\/tags?post=571576"}],"curies":[{"name":"wp","href":"https:\/\/api.w.org\/{rel}","templated":true}]}}