{"id":571582,"date":"2025-12-01T19:33:11","date_gmt":"2025-12-01T19:33:11","guid":{"rendered":"https:\/\/www.europesays.com\/fr\/571582\/"},"modified":"2025-12-01T19:33:11","modified_gmt":"2025-12-01T19:33:11","slug":"donald-trump-cible-les-medias-coupables-depuis-le-site-web-de-la-maison-blanche","status":"publish","type":"post","link":"https:\/\/www.europesays.com\/fr\/571582\/","title":{"rendered":"Donald Trump cible les \u00ab\u00a0m\u00e9dias coupables\u00a0\u00bb depuis le site Web de la Maison-Blanche"},"content":{"rendered":"<p>Voil\u00e0 qui ne devrait pas am\u00e9liorer les relations entre<a href=\"https:\/\/www.20minutes.fr\/dossier\/donald_trump\" class=\"c-link c-link--is-underlined\" target=\"_blank\" rel=\"noopener\"> Donald Trump<\/a> et les <a href=\"https:\/\/www.20minutes.fr\/arts-stars\/medias\/\" class=\"c-link c-link--is-underlined\" target=\"_blank\" rel=\"noopener\">m\u00e9dias<\/a>. La <a href=\"https:\/\/www.20minutes.fr\/dossier\/maison_blanche\" class=\"c-link c-link--is-underlined\" target=\"_blank\" rel=\"noopener\">Maison-Blanche<\/a> a inaugur\u00e9 <a href=\"https:\/\/www.whitehouse.gov\/media-bias-reporter\/gabriela-vidal\/\" target=\"_blank\" class=\"c-link c-link--is-underlined\" rel=\"noopener\">une nouvelle page sur son site Web<\/a>, vendredi dernier, intitul\u00e9e\u00a0: \u00ab\u00a0m\u00e9dias coupables de la semaine\u00a0\u00bb (media offender of the week), avec cette banni\u00e8re\u00a0: Misleading. Biased. Exposed. (Trompeur, partisan, d\u00e9masqu\u00e9). Le principe est simple\u00a0: mettre en valeur des titres m\u00e9diatiques dont la couverture de la pr\u00e9sidence am\u00e9ricaine n\u2019est pas jug\u00e9e conforme. \u00ab\u00a0The Boston Globe\u00a0\u00bb, \u00ab\u00a0CBS News\u00a0\u00bb et \u00ab\u00a0The Independent\u00a0\u00bb sont les premi\u00e8res cibles \u00ab\u00a0d\u00e9masqu\u00e9es\u00a0\u00bb par Donald Trump et ses \u00e9quipes.<\/p>\n<p>\u00ab\u00a0Les m\u00e9dias ont d\u00e9form\u00e9 l\u2019appel du pr\u00e9sident Trump \u00e0 ce que des membres du Congr\u00e8s soient tenus responsables pour avoir incit\u00e9 \u00e0 la s\u00e9dition, en affirmant qu\u2019il avait appel\u00e9 \u00e0 leur \u00a0\u00bbex\u00e9cution\u00a0\u00bb\u00a0\u00bb, se d\u00e9fend ainsi la Maison-Blanche sur sa page.<\/p>\n<\/p>\n<p>\u00ab\u00a0Peine de mort\u00a0\u00bb<\/p>\n<p>Le pr\u00e9sident r\u00e9publicain avait pourtant bien \u00e9voqu\u00e9 le 20\u00a0novembre dernier la peine de mort pour des \u00e9lus ayant appel\u00e9 les militaires et les agents du renseignement am\u00e9ricains \u00e0 d\u00e9sob\u00e9ir aux \u00ab\u00a0ordres ill\u00e9gaux\u00a0\u00bb de son gouvernement. Donald Trump \u00e9tait accus\u00e9 par l\u2019opposition de recourir \u00e0 l\u2019arm\u00e9e sans fondement l\u00e9gal pour des op\u00e9rations de maintien de l\u2019ordre sur le sol am\u00e9ricain et de lutte contre le narcotrafic \u00e0 l\u2019\u00e9tranger.<\/p>\n<p><\/p>\n<p class=\"mb-m@xs text-l@xs\">En cliquant sur\u00ab J\u2019accepte \u00bb, vous acceptez le d\u00e9p\u00f4t de cookies par des services externes et aurez ainsi acc\u00e8s aux contenus de nos partenaires.<\/p>\n<p class=\"mb-xl@xs text-s@xs\">Plus d\u2019informations sur la page<a href=\"https:\/\/www.20minutes.fr\/gestion-cookies\" class=\"mx-xxs@xs color-ultramarine\" target=\"_blank\" rel=\"noopener\">Politique de gestion des cookies<\/a><\/p>\n<p>J\u2019accepte<\/p>\n<p>Six \u00e9lus d\u00e9mocrates \u00e0 la Chambre des repr\u00e9sentants et au <a href=\"https:\/\/www.20minutes.fr\/dossier\/senat\" class=\"c-link c-link--is-underlined\" target=\"_blank\" rel=\"noopener\">S\u00e9nat<\/a>, ayant eux-m\u00eames servi dans l\u2019arm\u00e9e ou les services secrets, avaient ainsi publi\u00e9 sur X une vid\u00e9o dans laquelle ils lan\u00e7aient \u00e0 l\u2019intention des militaires et des agents du renseignement\u00a0: \u00ab\u00a0Vous pouvez refuser les ordres ill\u00e9gaux.\u00a0\u00bb \u00ab\u00a0COMPORTEMENT SEDITIEUX, passible de la peine de MORT\u00a0!\u00a0\u00bb, avait \u00e9crit le pr\u00e9sident am\u00e9ricain sur son r\u00e9seau Truth Social.<\/p>\n<p>Sur la nouvelle page web de la Maison blanche, la vid\u00e9o de ces \u00e9lus d\u00e9mocrates est d\u2019ailleurs post\u00e9e, avec un tampon \u00ab\u00a0s\u00e9ditieux\u00a0\u00bb appliqu\u00e9 \u00e0 chacune des prises de parole des opposants. Un \u00ab\u00a0Panth\u00e9on de la Honte\u00a0\u00bb (Offender Hall of Shame) est \u00e9galement pr\u00e9sent, dans lequel The Washington Post, CBS News, CNN et MSNBC figurent notamment. La Maison-Blanche cible par ailleurs des m\u00e9dias jug\u00e9s \u00ab\u00a0r\u00e9cidivistes\u00a0\u00bb, n\u2019h\u00e9sitant pas \u00e0 citer les noms des journalistes ayant d\u00e9plu \u00e0 Donald Trump. Une nouvelle \u00e9tape dans la guerre que m\u00e8ne le <a href=\"https:\/\/www.20minutes.fr\/dossier\/president\" class=\"c-link c-link--is-underlined\" target=\"_blank\" rel=\"noopener\">pr\u00e9sident<\/a> r\u00e9publicain contre ce qu\u2019il nomme depuis longtemps les \u00ab\u00a0fake news media\u00a0\u00bb. \u00ab\u00a0Le <a href=\"https:\/\/www.20minutes.fr\/dossier\/washington\" class=\"c-link c-link--is-underlined\" target=\"_blank\" rel=\"noopener\">Washington<\/a> Post est fier de son journalisme pr\u00e9cis et rigoureux\u00a0\u00bb,<a href=\"https:\/\/www.washingtonpost.com\/business\/2025\/11\/28\/trump-media-criticism\/\" target=\"_blank\" class=\"c-link c-link--is-underlined\" rel=\"noopener\"> a r\u00e9pliqu\u00e9 une porte-parole du journal <\/a>dans un article consacr\u00e9 au sujet.<\/p>\n","protected":false},"excerpt":{"rendered":"Voil\u00e0 qui ne devrait pas am\u00e9liorer les relations entre Donald Trump et les m\u00e9dias. La Maison-Blanche a inaugur\u00e9&hellip;\n","protected":false},"author":2,"featured_media":571583,"comment_status":"","ping_status":"","sticky":false,"template":"","format":"standard","meta":{"footnotes":""},"categories":[5],"tags":[47,11,7411,21488,75,73,842,1011,27,14,78,500,74,12,28],"class_list":{"0":"post-571582","1":"post","2":"type-post","3":"status-publish","4":"format-standard","5":"has-post-thumbnail","7":"category-international","8":"tag-actualite","9":"tag-actualites","10":"tag-cbs","11":"tag-cnn","12":"tag-donald-trump","13":"tag-etats-unis","14":"tag-fake-news","15":"tag-fr","16":"tag-france","17":"tag-international","18":"tag-maison-blanche","19":"tag-medias","20":"tag-monde","21":"tag-news","22":"tag-world"},"share_on_mastodon":{"url":"https:\/\/pubeurope.com\/@fr\/115645985954334362","error":""},"_links":{"self":[{"href":"https:\/\/www.europesays.com\/fr\/wp-json\/wp\/v2\/posts\/571582","targetHints":{"allow":["GET"]}}],"collection":[{"href":"https:\/\/www.europesays.com\/fr\/wp-json\/wp\/v2\/posts"}],"about":[{"href":"https:\/\/www.europesays.com\/fr\/wp-json\/wp\/v2\/types\/post"}],"author":[{"embeddable":true,"href":"https:\/\/www.europesays.com\/fr\/wp-json\/wp\/v2\/users\/2"}],"replies":[{"embeddable":true,"href":"https:\/\/www.europesays.com\/fr\/wp-json\/wp\/v2\/comments?post=571582"}],"version-history":[{"count":0,"href":"https:\/\/www.europesays.com\/fr\/wp-json\/wp\/v2\/posts\/571582\/revisions"}],"wp:featuredmedia":[{"embeddable":true,"href":"https:\/\/www.europesays.com\/fr\/wp-json\/wp\/v2\/media\/571583"}],"wp:attachment":[{"href":"https:\/\/www.europesays.com\/fr\/wp-json\/wp\/v2\/media?parent=571582"}],"wp:term":[{"taxonomy":"category","embeddable":true,"href":"https:\/\/www.europesays.com\/fr\/wp-json\/wp\/v2\/categories?post=571582"},{"taxonomy":"post_tag","embeddable":true,"href":"https:\/\/www.europesays.com\/fr\/wp-json\/wp\/v2\/tags?post=571582"}],"curies":[{"name":"wp","href":"https:\/\/api.w.org\/{rel}","templated":true}]}}