{"id":571584,"date":"2025-12-01T19:34:14","date_gmt":"2025-12-01T19:34:14","guid":{"rendered":"https:\/\/www.europesays.com\/fr\/571584\/"},"modified":"2025-12-01T19:34:14","modified_gmt":"2025-12-01T19:34:14","slug":"jean-luc-melenchon-accepte-detre-auditionne-par-cette-commission-denquete-mais","status":"publish","type":"post","link":"https:\/\/www.europesays.com\/fr\/571584\/","title":{"rendered":"Jean-Luc M\u00e9lenchon accepte d\u2019\u00eatre auditionn\u00e9 par cette commission d\u2019enqu\u00eate, mais\u2026"},"content":{"rendered":"<p>        <img decoding=\"async\" loading=\"lazy\" src=\"https:\/\/www.europesays.com\/fr\/wp-content\/uploads\/2025\/12\/d16986e_upload-1-etnkzixsciy9-afp-20251108-hl-bohier-2949049-v1-highres-francemadeinfrancetradefairp.jpeg\"  width=\"728\" height=\"410\" alt=\"Jean-Luc M\u00e9lenchon en novembre 2025\u00a0\u00e0 Paris.\"\/>  <\/p>\n<p>BASTIEN OHIER \/ Hans Lucas via AFP<\/p>\n<p>Jean-Luc M\u00e9lenchon en novembre 2025\u00a0\u00e0 Paris.<\/p>\n<p>      <strong>EN BREF<\/strong> <strong>\u2022 <\/strong>Convoqu\u00e9 ce mardi par la commission de l\u2019Assembl\u00e9e qui enqu\u00eate sur les liens suppos\u00e9s entre LFI et des r\u00e9seaux islamistes, Jean-Luc M\u00e9lenchon ne sera pas pr\u00e9sent.<br \/><strong>\u2022 <\/strong>Le fondateur de la France insoumise\u00a0accepte d\u2019\u00eatre entendu mais propose une audition \u00e0 une autre date.<br \/><strong>\u2022 <\/strong>Son parti avait laiss\u00e9 entendre qu\u2019il ne serait pas pr\u00e9sent en raison des critiques qui p\u00e8sent sur le fonctionnement de cette commission.                         <\/p>\n<p class=\"asset asset-text\">Jusqu\u2019au bout, le suspense aura \u00e9t\u00e9 maintenu. Ira, ira pas\u00a0? <a href=\"https:\/\/www.huffingtonpost.fr\/politique\/article\/melenchon-battu-par-bardella-en-2027-le-chef-de-file-des-insoumis-repond-fumisterie-a-ce-sondage-choc_257519.html\" target=\"_blank\" rel=\"noopener\">Jean-Luc M\u00e9lenchon<\/a> a \u00e9t\u00e9 convoqu\u00e9 ce mardi 2\u00a0d\u00e9cembre \u00e0 l\u2019Assembl\u00e9e nationale pour \u00eatre entendu dans le cadre d\u2019une commission d\u2019enqu\u00eate <a href=\"https:\/\/www.huffingtonpost.fr\/politique\/article\/laurent-wauquiez-face-a-un-camouflet-pour-sa-commission-d-enquete-sur-lfi_250881.html\" target=\"_blank\" rel=\"noopener\">mise en place par Les R\u00e9publicains<\/a> (LR) pour enqu\u00eater sur de pr\u00e9tendus liens entre La France insoumise et des r\u00e9seaux islamistes. Plusieurs fois repouss\u00e9e, longtemps sans pr\u00e9sident, elle se r\u00e9v\u00e8le finalement \u00eatre <a href=\"https:\/\/www.huffingtonpost.fr\/politique\/article\/pas-encore-lancee-la-commission-lfi-voulue-par-laurent-wauquiez-ne-se-passe-pas-comme-prevu_255427.html\" target=\"_blank\" rel=\"noopener\">un fiasco<\/a>.<\/p>\n<p class=\"asset asset-text\">L\u2019entourage de Jean-Luc M\u00e9lenchon affirme que le triple candidat \u00e0 l\u2019\u00e9lection pr\u00e9sidentielle se dit \u00ab\u00a0pr\u00eat \u00e0 r\u00e9pondre \u00e0 cette invitation\u00a0\u00bb mais qu\u2019il ne pourra pas se rendre disponible le 2\u00a0d\u00e9cembre en raison d\u2019un conflit d\u2019agenda. Il propose aux d\u00e9put\u00e9s de d\u00e9caler le rendez-vous quelques jours plus tard, le 6\u00a0ou le 7\u00a0d\u00e9cembre.<\/p>\n<p class=\"asset asset-text\">Non sans ironie, l\u2019ancien s\u00e9nateur socialiste entend profiter de son audition pour \u00ab\u00a0\u00e9clairer la commission sur l\u2019histoire de la pens\u00e9e r\u00e9publicaine en mati\u00e8re de relations entre religion et politique\u00a0\u00bb. Et ce, bien qu\u2019il ne soit ni d\u00e9put\u00e9, \u00ab\u00a0ni responsable du mouvement\u00a0\u00bb, \u00ab\u00a0ni pr\u00e9sident du groupe parlementaire\u00a0\u00bb, souligne son entourage. Surtout, il rel\u00e8ve les conditions \u00ab\u00a0\u00e9tonnantes\u00a0\u00bb dans lesquelles la convocation lui est parvenue. Samedi soir, sur les coups de 21h30, alors que Jean-Luc M\u00e9lenchon ne se trouve pas chez lui, \u00ab\u00a0un commissaire\u00a0\u00bb a d\u00e9pos\u00e9 dans sa bo\u00eete aux lettres deux courriers \u00ab\u00a0sans enveloppe\u00a0\u00bb.<\/p>\n<p class=\"asset asset-text\">Au cours du week-end, son entourage a tent\u00e9 de d\u00e9miner le terrain, pr\u00e9parant les esprits \u00e0 un refus du tribun de se rendre devant la commission d\u2019enqu\u00eate. \u00ab\u00a0Je consid\u00e8re que cette commission d\u2019enqu\u00eate ne respecte pas les r\u00e8gles et donc ce n\u2019est pas une commission d\u2019enqu\u00eate. Les insoumis ne doivent pas r\u00e9pondre \u00e0 ces invitations\u00a0\u00bb, a ainsi exprim\u00e9 le coordinateur du mouvement Manuel Bompard sur France 3\u00a0le 30\u00a0novembre.<\/p>\n<p>    Tondelier sera auditionn\u00e9e ce mardi    <\/p>\n<p class=\"asset asset-text\">Depuis plusieurs semaines, les insoumis ne retiennent pas les coups contre cette commission d\u2019enqu\u00eates mont\u00e9e \u00e0 la va-vite. Il lui est notamment reproch\u00e9 de reposer sur <a href=\"https:\/\/www.huffingtonpost.fr\/politique\/article\/pourquoi-cette-commission-d-enquete-sur-lfi-pourrait-se-retourner-contre-laurent-wauquiez_250579.html\" target=\"_blank\" rel=\"noopener\">un bureau qui penche tr\u00e8s \u00e0 droite<\/a>. Tous les postes (pr\u00e9sident, vice-pr\u00e9sidents, secr\u00e9taires\u2026) sont ainsi occup\u00e9s par le centre, la droite et l\u2019extr\u00eame droite. La gauche y est totalement absente. Le r\u00e8glement de l\u2019Assembl\u00e9e dispose pourtant que les nominations \u00e0 l\u2019int\u00e9rieur d\u2019une commission d\u2019enqu\u00eate doivent se faire en s\u2019\u00ab\u00a0effor\u00e7ant de reproduire la configuration politique de l\u2019Assembl\u00e9e\u00a0\u00bb.<\/p>\n<p class=\"asset asset-text\">Mais ce n\u2019est pas tout. Elle est aussi vivement critiqu\u00e9e pour son postulat de d\u00e9part, selon lequel La France insoumise aurait des liens (officieux ou officiels) avec des r\u00e9seaux islamistes. \u00ab\u00a0Ridicule\u00a0\u00bb, a plusieurs fois r\u00e9torqu\u00e9 Manuel Bompard, renvoyant les d\u00e9put\u00e9s LR \u00e0 un objectif purement \u00ab\u00a0politicien\u00a0\u00bb. Le rapporteur UDR Matthieu Bloch, proche d\u2019\u00c9ric Ciotti, r\u00e9pond \u00ab\u00a0ne pas \u00eatre l\u00e0 pour se faire LFI\u00a0\u00bb. \u00ab\u00a0La commission d\u2019enqu\u00eate va permettre de faire un \u00e9tat des lieux pr\u00e9cis sur le ph\u00e9nom\u00e8ne d\u2019entrisme dans notre pays\u00a0\u00bb, expliquait-il \u00e0 l\u2019AFP le 23\u00a0novembre.<\/p>\n<p class=\"asset asset-text\">La secr\u00e9taire nationale des \u00c9cologistes Marine Tondelier a, elle aussi, re\u00e7u une invitation \u00e0 se rendre \u00e0 l\u2019Assembl\u00e9e le 2\u00a0d\u00e9cembre. Et a choisi de l\u2019accepter. \u00ab\u00a0Nous ne sommes \u00e9videmment pas dupes de l\u2019instrumentalisation politique qui est faite de cette commission d\u2019enqu\u00eate par le parti qui l\u2019a initi\u00e9e, mais nous n\u2019avons rien \u00e0 cacher, et donc pas de raison de refuser une commission d\u2019enqu\u00eate valid\u00e9e par le Parlement\u00a0\u00bb, confie l\u2019entourage de la dirigeante \u00e9colo aupr\u00e8s de l\u2019AFP.<\/p>\n<p>    LFI demande l\u2019audition du RN    <\/p>\n<p class=\"asset asset-text\">Cette m\u00eame source ajoute : \u00ab\u00a0En revanche, nous irons dire aux parlementaires qui en sont \u00e0 l\u2019origine ce que nous pensons de la suspicion permanente qu\u2019ils font peser sur nos compatriotes musulmans et de la vendetta politique qu\u2019elle sous-tend contre certains partis politiques. Car que doit-on d\u00e9duire de la convocation des \u00c9cologistes\u00a0? L\u2019ensemble des partis politiques vont-ils \u00eatre auditionn\u00e9s\u00a0?\u00a0\u00bb Un angle d\u2019attaque que partage l\u2019eurod\u00e9put\u00e9e LFI Manon Aubry, qui estime que \u00ab\u00a0si cette commission d\u2019enqu\u00eate \u00e9tait impartiale, elle aurait d\u00e9j\u00e0 convoqu\u00e9 Le Pen et Bardella\u00a0\u00bb. Car, ajoute-t-elle, \u00ab\u00a0neuf affaires lient des militants RN au terrorisme islamiste\u00a0\u00bb.<\/p>\n<p class=\"asset asset-text\">L\u2019absence de Jean-Luc M\u00e9lenchon devant la commission d\u2019enqu\u00eate aurait \u00e9t\u00e9 surprenante, au moins au regard de l\u2019\u00e9nergie que d\u00e9ploient ses troupes pour critiquer ceux qui, d\u2019habitude, s\u2019y soustraient. Au printemps, Antoine L\u00e9aument n\u2019avait pas eu de mots assez durs contre le milliardaire d\u2019extr\u00eame droite Pierre-\u00c9douard St\u00e9rin, qui refusait de se rendre \u00e0 la commission d\u2019enqu\u00eate portant sur l\u2019\u00ab\u00a0organisation des \u00e9lections en France\u00a0\u00bb.<\/p>\n","protected":false},"excerpt":{"rendered":"BASTIEN OHIER \/ Hans Lucas via AFP Jean-Luc M\u00e9lenchon en novembre 2025\u00a0\u00e0 Paris. EN BREF \u2022 Convoqu\u00e9 ce&hellip;\n","protected":false},"author":2,"featured_media":571585,"comment_status":"","ping_status":"","sticky":false,"template":"","format":"standard","meta":{"footnotes":""},"categories":[4],"tags":[11,68645,1011,27,3081,1023,12,316,25],"class_list":{"0":"post-571584","1":"post","2":"type-post","3":"status-publish","4":"format-standard","5":"has-post-thumbnail","7":"category-france","8":"tag-actualites","9":"tag-commission-d-enquete","10":"tag-fr","11":"tag-france","12":"tag-jean-luc-melenchon","13":"tag-la-france-insoumise-lfi","14":"tag-news","15":"tag-politique","16":"tag-republique-francaise"},"share_on_mastodon":{"url":"https:\/\/pubeurope.com\/@fr\/115645991131319377","error":""},"_links":{"self":[{"href":"https:\/\/www.europesays.com\/fr\/wp-json\/wp\/v2\/posts\/571584","targetHints":{"allow":["GET"]}}],"collection":[{"href":"https:\/\/www.europesays.com\/fr\/wp-json\/wp\/v2\/posts"}],"about":[{"href":"https:\/\/www.europesays.com\/fr\/wp-json\/wp\/v2\/types\/post"}],"author":[{"embeddable":true,"href":"https:\/\/www.europesays.com\/fr\/wp-json\/wp\/v2\/users\/2"}],"replies":[{"embeddable":true,"href":"https:\/\/www.europesays.com\/fr\/wp-json\/wp\/v2\/comments?post=571584"}],"version-history":[{"count":0,"href":"https:\/\/www.europesays.com\/fr\/wp-json\/wp\/v2\/posts\/571584\/revisions"}],"wp:featuredmedia":[{"embeddable":true,"href":"https:\/\/www.europesays.com\/fr\/wp-json\/wp\/v2\/media\/571585"}],"wp:attachment":[{"href":"https:\/\/www.europesays.com\/fr\/wp-json\/wp\/v2\/media?parent=571584"}],"wp:term":[{"taxonomy":"category","embeddable":true,"href":"https:\/\/www.europesays.com\/fr\/wp-json\/wp\/v2\/categories?post=571584"},{"taxonomy":"post_tag","embeddable":true,"href":"https:\/\/www.europesays.com\/fr\/wp-json\/wp\/v2\/tags?post=571584"}],"curies":[{"name":"wp","href":"https:\/\/api.w.org\/{rel}","templated":true}]}}