{"id":571588,"date":"2025-12-01T19:36:31","date_gmt":"2025-12-01T19:36:31","guid":{"rendered":"https:\/\/www.europesays.com\/fr\/571588\/"},"modified":"2025-12-01T19:36:31","modified_gmt":"2025-12-01T19:36:31","slug":"saint-heand-ils-fetent-leurs-70-ans","status":"publish","type":"post","link":"https:\/\/www.europesays.com\/fr\/571588\/","title":{"rendered":"Saint-H\u00e9and. Ils f\u00eatent leurs 70 ans"},"content":{"rendered":"<p>Ce jeudi 27\u00a0novembre, les conscrits de Saint-H\u00e9and se sont retrouv\u00e9s dans un restaurant des environs pour f\u00eater comme il se doit leurs 70 ans.<\/p>\n<p>Au total, 62 personnes ont r\u00e9pondu \u00e0 l\u2019invitation de quatre copains qui s\u2019\u00e9taient donn\u00e9 pour mission de r\u00e9unir leurs conscrits. L\u2019occasion de partager ensemble un moment plac\u00e9 sous le signe de l\u2019amiti\u00e9 et des retrouvailles. Tous ont profit\u00e9 de l\u2019occasion pour se d\u00e9fouler gr\u00e2ce aux activit\u00e9s propos\u00e9es par un animateur des plus dynamique.<\/p>\n","protected":false},"excerpt":{"rendered":"Ce jeudi 27\u00a0novembre, les conscrits de Saint-H\u00e9and se sont retrouv\u00e9s dans un restaurant des environs pour f\u00eater comme&hellip;\n","protected":false},"author":2,"featured_media":571589,"comment_status":"","ping_status":"","sticky":false,"template":"","format":"standard","meta":{"footnotes":""},"categories":[9653],"tags":[1111,11,2430,1687,7539,1777,674,1011,27,12,4043,25,4001,9664,22839,953],"class_list":{"0":"post-571588","1":"post","2":"type-post","3":"status-publish","4":"format-standard","5":"has-post-thumbnail","7":"category-saint-etienne","8":"tag-actu","9":"tag-actualites","10":"tag-auvergne-rhone-alpes","11":"tag-culture-loisirs","12":"tag-edition-loire-sud","13":"tag-eu","14":"tag-europe","15":"tag-fr","16":"tag-france","17":"tag-news","18":"tag-repas-et-the-dansant","19":"tag-republique-francaise","20":"tag-saint-etienne","21":"tag-saint-etienne-bassin","22":"tag-saint-heand","23":"tag-soiree"},"share_on_mastodon":{"url":"https:\/\/pubeurope.com\/@fr\/115645997877247999","error":""},"_links":{"self":[{"href":"https:\/\/www.europesays.com\/fr\/wp-json\/wp\/v2\/posts\/571588","targetHints":{"allow":["GET"]}}],"collection":[{"href":"https:\/\/www.europesays.com\/fr\/wp-json\/wp\/v2\/posts"}],"about":[{"href":"https:\/\/www.europesays.com\/fr\/wp-json\/wp\/v2\/types\/post"}],"author":[{"embeddable":true,"href":"https:\/\/www.europesays.com\/fr\/wp-json\/wp\/v2\/users\/2"}],"replies":[{"embeddable":true,"href":"https:\/\/www.europesays.com\/fr\/wp-json\/wp\/v2\/comments?post=571588"}],"version-history":[{"count":0,"href":"https:\/\/www.europesays.com\/fr\/wp-json\/wp\/v2\/posts\/571588\/revisions"}],"wp:featuredmedia":[{"embeddable":true,"href":"https:\/\/www.europesays.com\/fr\/wp-json\/wp\/v2\/media\/571589"}],"wp:attachment":[{"href":"https:\/\/www.europesays.com\/fr\/wp-json\/wp\/v2\/media?parent=571588"}],"wp:term":[{"taxonomy":"category","embeddable":true,"href":"https:\/\/www.europesays.com\/fr\/wp-json\/wp\/v2\/categories?post=571588"},{"taxonomy":"post_tag","embeddable":true,"href":"https:\/\/www.europesays.com\/fr\/wp-json\/wp\/v2\/tags?post=571588"}],"curies":[{"name":"wp","href":"https:\/\/api.w.org\/{rel}","templated":true}]}}