{"id":571590,"date":"2025-12-01T19:37:13","date_gmt":"2025-12-01T19:37:13","guid":{"rendered":"https:\/\/www.europesays.com\/fr\/571590\/"},"modified":"2025-12-01T19:37:13","modified_gmt":"2025-12-01T19:37:13","slug":"recit-dune-inevitable-fin-de-regne","status":"publish","type":"post","link":"https:\/\/www.europesays.com\/fr\/571590\/","title":{"rendered":"r\u00e9cit d&rsquo;une in\u00e9vitable fin de r\u00e8gne"},"content":{"rendered":"<p>Un homme est tomb\u00e9 lundi au tribunal correctionnel de Lyon. Cet homme, c\u2019est le maire de Saint-\u00c9tienne. Une ville ab\u00eem\u00e9e, meurtrie depuis plus de trois ans et les r\u00e9v\u00e9lations du chantage \u00e0 la mairie de Saint-\u00c9tienne.<\/p>\n<p><a href=\"https:\/\/www.leprogres.fr\/p\/gael-perdriau\" target=\"_blank\" rel=\"noopener\">Ga\u00ebl Perdriau<\/a>, le premier magistrat, a eu beau <a href=\"https:\/\/www.leprogres.fr\/politique\/2025\/10\/13\/gael-perdriau-fait-la-liste-des-boum-regis-juanico-va-porter-plainte-pour-diffamation\" target=\"_blank\" rel=\"noopener\">nier toute implication dans cette affaire<\/a>, il est aujourd\u2019hui \u00e0 terre. Son r\u00e9cit n\u2019a convaincu que ses plus fid\u00e8les soutiens qui l\u2019ont serr\u00e9 fort dans leurs bras quelques minutes apr\u00e8s le rendu du jugement dans la salle d\u2019audience aux murs verts.<\/p>\n<p><strong>&gt;&gt; <a href=\"https:\/\/www.leprogres.fr\/faits-divers-justice\/2025\/12\/01\/proces-perdriau-les-condamnations-tomberont-ce-lundi-suivez-cette-journee-decisive-pour-saint-etienne\" target=\"_blank\" rel=\"noopener\">Condamn\u00e9 \u00e0 quatre ans de prison ferme, Ga\u00ebl Perdriau n&rsquo;est plus maire de Saint-\u00c9tienne<\/a><\/strong><\/p>\n<p>La pr\u00e9sidente du tribunal\u00a0: \u00ab\u00a0Monsieur, vous ne pouvez plus \u00eatre maire de Saint-\u00c9tienne\u00a0\u00bb<\/p>\n<p>\u00ab\u00a0M.\u00a0Perdriau, le tribunal a bien entendu vos arguments, mais il estime que vous \u00eates coupable de l\u2019ensemble des faits\u00a0\u00bb, a d\u2019abord dit la pr\u00e9sidente, Brigitte Vernay. Debout, Ga\u00ebl Perdriau a senti le vent mauvais qui s\u2019est traduit dans les faits\u00a0: \u00ab\u00a0Monsieur, vous ne pouvez plus \u00eatre maire de Saint-\u00c9tienne\u00a0\u00bb, a&#8230;<\/p>\n","protected":false},"excerpt":{"rendered":"Un homme est tomb\u00e9 lundi au tribunal correctionnel de Lyon. Cet homme, c\u2019est le maire de Saint-\u00c9tienne. Une&hellip;\n","protected":false},"author":2,"featured_media":571591,"comment_status":"","ping_status":"","sticky":false,"template":"","format":"standard","meta":{"footnotes":""},"categories":[9653],"tags":[1111,11,42797,2430,7539,1777,674,274,107,1011,27,3367,12,316,25,4001,7538],"class_list":{"0":"post-571590","1":"post","2":"type-post","3":"status-publish","4":"format-standard","5":"has-post-thumbnail","7":"category-saint-etienne","8":"tag-actu","9":"tag-actualites","10":"tag-affaire-perdriau","11":"tag-auvergne-rhone-alpes","12":"tag-edition-loire-sud","13":"tag-eu","14":"tag-europe","15":"tag-faits-divers-justice","16":"tag-fil-info","17":"tag-fr","18":"tag-france","19":"tag-loire","20":"tag-news","21":"tag-politique","22":"tag-republique-francaise","23":"tag-saint-etienne","24":"tag-saint-etienne-ville"},"share_on_mastodon":{"url":"https:\/\/pubeurope.com\/@fr\/115646001589728465","error":""},"_links":{"self":[{"href":"https:\/\/www.europesays.com\/fr\/wp-json\/wp\/v2\/posts\/571590","targetHints":{"allow":["GET"]}}],"collection":[{"href":"https:\/\/www.europesays.com\/fr\/wp-json\/wp\/v2\/posts"}],"about":[{"href":"https:\/\/www.europesays.com\/fr\/wp-json\/wp\/v2\/types\/post"}],"author":[{"embeddable":true,"href":"https:\/\/www.europesays.com\/fr\/wp-json\/wp\/v2\/users\/2"}],"replies":[{"embeddable":true,"href":"https:\/\/www.europesays.com\/fr\/wp-json\/wp\/v2\/comments?post=571590"}],"version-history":[{"count":0,"href":"https:\/\/www.europesays.com\/fr\/wp-json\/wp\/v2\/posts\/571590\/revisions"}],"wp:featuredmedia":[{"embeddable":true,"href":"https:\/\/www.europesays.com\/fr\/wp-json\/wp\/v2\/media\/571591"}],"wp:attachment":[{"href":"https:\/\/www.europesays.com\/fr\/wp-json\/wp\/v2\/media?parent=571590"}],"wp:term":[{"taxonomy":"category","embeddable":true,"href":"https:\/\/www.europesays.com\/fr\/wp-json\/wp\/v2\/categories?post=571590"},{"taxonomy":"post_tag","embeddable":true,"href":"https:\/\/www.europesays.com\/fr\/wp-json\/wp\/v2\/tags?post=571590"}],"curies":[{"name":"wp","href":"https:\/\/api.w.org\/{rel}","templated":true}]}}