{"id":571594,"date":"2025-12-01T19:39:21","date_gmt":"2025-12-01T19:39:21","guid":{"rendered":"https:\/\/www.europesays.com\/fr\/571594\/"},"modified":"2025-12-01T19:39:21","modified_gmt":"2025-12-01T19:39:21","slug":"las-nancy-lorraine-chez-une-ligue-2-une-ligue-1-pour-raon-mais-pas-pour-freyming-revivez-le-tirage-des-32e-de-finale-de-la-coupe-de-france","status":"publish","type":"post","link":"https:\/\/www.europesays.com\/fr\/571594\/","title":{"rendered":"L&rsquo;AS Nancy Lorraine chez une Ligue 2&#8230; une Ligue 1 pour Raon mais pas pour Freyming ! Revivez le tirage des 32e de finale de la Coupe de France"},"content":{"rendered":"<p>Les supporters nanc\u00e9iens r\u00eavaient d&rsquo;un tirage face \u00e0 Marseille, Monaco ou, Lyon&#8230; Finalement, l&rsquo;ASNL ira \u00e0 Grenoble, un compagnon de jeu de Ligue 2, chez qui elle se d\u00e9placera une premi\u00e8re fois d\u00e8s vendredi en championnat&#8230; Vraiment pas excitant tout \u00e7a&#8230;\u00a0 \u00a0<\/p>\n<p><strong>Les matches \u00a0:<\/strong><\/p>\n<p>Saint-Cyr (R1) &#8211; Lyon (L1)\u00a0<\/p>\n<p>Grenoble (L2) &#8211; <strong>ASNL (L2)<\/strong><\/p>\n<p>Bourg-en-Bresse (Nat) &#8211; Marseille (L1)<\/p>\n<p>M\u00e9rignac (R1) &#8211; Istres (N2)\u00a0<\/p>\n<p>Lyon La Duch\u00e8re (N3) &#8211; Toulouse (L1)<\/p>\n<p>Nice (L1) &#8211; Saint-Etienne (L2)<\/p>\n<p>Le Puy (Nat) &#8211; Bordeaux (N2)<\/p>\n<p>Auxerre (L1) &#8211; Monaco (L1)<\/p>\n<p>Arcachon (N3) &#8211; Haut Lyonnais (N3)<\/p>\n<p>Canet (N3) &#8211; Montpellier (L2)<\/p>\n","protected":false},"excerpt":{"rendered":"Les supporters nanc\u00e9iens r\u00eavaient d&rsquo;un tirage face \u00e0 Marseille, Monaco ou, Lyon&#8230; Finalement, l&rsquo;ASNL ira \u00e0 Grenoble, un&hellip;\n","protected":false},"author":2,"featured_media":571595,"comment_status":"","ping_status":"","sticky":false,"template":"","format":"standard","meta":{"footnotes":""},"categories":[9635],"tags":[1111,11,15922,3545,3602,1707,1704,1706,1705,10174,1777,674,107,1701,63,1011,27,775,1702,12,25,517,1700],"class_list":{"0":"post-571594","1":"post","2":"type-post","3":"status-publish","4":"format-standard","5":"has-post-thumbnail","7":"category-nancy","8":"tag-actu","9":"tag-actualites","10":"tag-coupe-de-france-de-football","11":"tag-direct-sport","12":"tag-edition-bar-le-duc","13":"tag-edition-luneville","14":"tag-edition-nancy-et-agglomeration","15":"tag-edition-pont-a-mousson","16":"tag-edition-toul","17":"tag-edition-verdun","18":"tag-eu","19":"tag-europe","20":"tag-fil-info","21":"tag-fil-info-sport","22":"tag-football","23":"tag-fr","24":"tag-france","25":"tag-grand-est","26":"tag-nancy","27":"tag-news","28":"tag-republique-francaise","29":"tag-sport","30":"tag-sport-lorrain"},"share_on_mastodon":{"url":"https:\/\/pubeurope.com\/@fr\/115646009461255074","error":""},"_links":{"self":[{"href":"https:\/\/www.europesays.com\/fr\/wp-json\/wp\/v2\/posts\/571594","targetHints":{"allow":["GET"]}}],"collection":[{"href":"https:\/\/www.europesays.com\/fr\/wp-json\/wp\/v2\/posts"}],"about":[{"href":"https:\/\/www.europesays.com\/fr\/wp-json\/wp\/v2\/types\/post"}],"author":[{"embeddable":true,"href":"https:\/\/www.europesays.com\/fr\/wp-json\/wp\/v2\/users\/2"}],"replies":[{"embeddable":true,"href":"https:\/\/www.europesays.com\/fr\/wp-json\/wp\/v2\/comments?post=571594"}],"version-history":[{"count":0,"href":"https:\/\/www.europesays.com\/fr\/wp-json\/wp\/v2\/posts\/571594\/revisions"}],"wp:featuredmedia":[{"embeddable":true,"href":"https:\/\/www.europesays.com\/fr\/wp-json\/wp\/v2\/media\/571595"}],"wp:attachment":[{"href":"https:\/\/www.europesays.com\/fr\/wp-json\/wp\/v2\/media?parent=571594"}],"wp:term":[{"taxonomy":"category","embeddable":true,"href":"https:\/\/www.europesays.com\/fr\/wp-json\/wp\/v2\/categories?post=571594"},{"taxonomy":"post_tag","embeddable":true,"href":"https:\/\/www.europesays.com\/fr\/wp-json\/wp\/v2\/tags?post=571594"}],"curies":[{"name":"wp","href":"https:\/\/api.w.org\/{rel}","templated":true}]}}