{"id":571598,"date":"2025-12-01T19:41:15","date_gmt":"2025-12-01T19:41:15","guid":{"rendered":"https:\/\/www.europesays.com\/fr\/571598\/"},"modified":"2025-12-01T19:41:15","modified_gmt":"2025-12-01T19:41:15","slug":"bien-vieillir-dans-le-var-cette-journee-a-toulon-qui-veut-faire-bouger-les-lignes","status":"publish","type":"post","link":"https:\/\/www.europesays.com\/fr\/571598\/","title":{"rendered":"Bien vieillir dans le Var : cette journ\u00e9e \u00e0 Toulon qui veut faire bouger les lignes"},"content":{"rendered":"<p>Une journ\u00e9e enti\u00e8re sera consacr\u00e9e \u00e0 Toulon aux enjeux majeurs du bien vieillir dans le Var, entre immersion de terrain, table ronde d\u2019experts et conf\u00e9rence ouverte \u00e0 tous.<\/p>\n<p><img fetchpriority=\"high\" decoding=\"async\" width=\"960\" height=\"1200\" title=\"conference bien vieillir toulon\" src=\"https:\/\/www.europesays.com\/fr\/wp-content\/uploads\/2025\/12\/conference-bien-vieillir-toulon.jpg\" alt=\"\" class=\"img-responsive wp-image-80589\"\/><\/p>\n<p>Conf\u00e9rence \u00ab\u00a0Bien vieillir dans le Var\u00a0\u00bb \u2013 CREDIT : Place Publique 83<\/p>\n<p>Une mobilisation in\u00e9dite autour du vieillissement dans le Var<\/p>\n<p>La Journ\u00e9e d\u00e9partementale \u201cUne soci\u00e9t\u00e9 du prendre soin : bien vieillir\u201d se tiendra ce mercredi 10 d\u00e9cembre 2025 \u00e0 Toulon, \u00e0 la salle Franck-Arnal. Organis\u00e9 par Place Publique 83 en partenariat avec le G\u00e9rontop\u00f4le Sud, cet \u00e9v\u00e9nement r\u00e9unira professionnels, \u00e9lus, citoyens et acteurs de terrain autour d\u2019un enjeu d\u00e9cisif : accompagner dignement une population varoise qui comptera, d\u2019ici 2030, un tiers de seniors.<\/p>\n<p>Une immersion sur le terrain pour comprendre la r\u00e9alit\u00e9 du vieillissement<\/p>\n<p>L\u2019apr\u00e8s-midi sera consacr\u00e9e \u00e0 plusieurs visites d\u2019\u00e9tablissements m\u00e9dico-sociaux en pr\u00e9sence du s\u00e9nateur et m\u00e9decin Bernard Jomier. Les participants se rendront notamment \u00e0 la Clinique Saint-Jean, o\u00f9 le Dr Fabienne Dana pr\u00e9sentera le fonctionnement de l\u2019H\u00f4pital de jour g\u00e9riatrique : \u00e9valuation g\u00e9rontologique, bilans chutes et nutrition, rep\u00e9rage des fragilit\u00e9s 75+, coordination des parcours.<\/p>\n<p>Cette immersion permettra d\u2019observer directement les enjeux v\u00e9cus par les structures : manque de personnel, isolement, saturation, mais aussi initiatives innovantes et r\u00e9ussites \u2026<\/p>\n<p>Lire la suite dans l\u2019article <a href=\"https:\/\/www.varactu.fr\/bien-vieillir-dans-le-var-cette-journee-a-toulon-qui-veut-faire-bouger-les-lignes\/\" target=\"_blank\" rel=\"noopener\">Bien vieillir dans le Var : cette journ\u00e9e \u00e0 Toulon qui veut faire bouger les lignes<\/a> qui est apparu en premier sur <a href=\"https:\/\/www.varactu.fr\" target=\"_blank\" rel=\"noopener\">Var Actu<\/a>.<\/p>\n","protected":false},"excerpt":{"rendered":"Une journ\u00e9e enti\u00e8re sera consacr\u00e9e \u00e0 Toulon aux enjeux majeurs du bien vieillir dans le Var, entre immersion&hellip;\n","protected":false},"author":2,"featured_media":571599,"comment_status":"","ping_status":"","sticky":false,"template":"","format":"standard","meta":{"footnotes":""},"categories":[9619],"tags":[1111,11,1777,674,1011,27,12,882,25,2310],"class_list":{"0":"post-571598","1":"post","2":"type-post","3":"status-publish","4":"format-standard","5":"has-post-thumbnail","7":"category-toulon","8":"tag-actu","9":"tag-actualites","10":"tag-eu","11":"tag-europe","12":"tag-fr","13":"tag-france","14":"tag-news","15":"tag-provence-alpes-cote-dazur","16":"tag-republique-francaise","17":"tag-toulon"},"share_on_mastodon":{"url":"https:\/\/pubeurope.com\/@fr\/115646018038415075","error":""},"_links":{"self":[{"href":"https:\/\/www.europesays.com\/fr\/wp-json\/wp\/v2\/posts\/571598","targetHints":{"allow":["GET"]}}],"collection":[{"href":"https:\/\/www.europesays.com\/fr\/wp-json\/wp\/v2\/posts"}],"about":[{"href":"https:\/\/www.europesays.com\/fr\/wp-json\/wp\/v2\/types\/post"}],"author":[{"embeddable":true,"href":"https:\/\/www.europesays.com\/fr\/wp-json\/wp\/v2\/users\/2"}],"replies":[{"embeddable":true,"href":"https:\/\/www.europesays.com\/fr\/wp-json\/wp\/v2\/comments?post=571598"}],"version-history":[{"count":0,"href":"https:\/\/www.europesays.com\/fr\/wp-json\/wp\/v2\/posts\/571598\/revisions"}],"wp:featuredmedia":[{"embeddable":true,"href":"https:\/\/www.europesays.com\/fr\/wp-json\/wp\/v2\/media\/571599"}],"wp:attachment":[{"href":"https:\/\/www.europesays.com\/fr\/wp-json\/wp\/v2\/media?parent=571598"}],"wp:term":[{"taxonomy":"category","embeddable":true,"href":"https:\/\/www.europesays.com\/fr\/wp-json\/wp\/v2\/categories?post=571598"},{"taxonomy":"post_tag","embeddable":true,"href":"https:\/\/www.europesays.com\/fr\/wp-json\/wp\/v2\/tags?post=571598"}],"curies":[{"name":"wp","href":"https:\/\/api.w.org\/{rel}","templated":true}]}}