{"id":571615,"date":"2025-12-01T19:53:22","date_gmt":"2025-12-01T19:53:22","guid":{"rendered":"https:\/\/www.europesays.com\/fr\/571615\/"},"modified":"2025-12-01T19:53:22","modified_gmt":"2025-12-01T19:53:22","slug":"strasbourg-un-appel-a-une-aide-inconditionnelle-pour-toutes-les-personnes-a-la-rue-est-lance","status":"publish","type":"post","link":"https:\/\/www.europesays.com\/fr\/571615\/","title":{"rendered":"Strasbourg. Un appel \u00e0 une aide inconditionnelle pour toutes les personnes \u00e0 la rue est lanc\u00e9"},"content":{"rendered":"<p>\u00ab\u00a0Les camps de sans-abri se sont multipli\u00e9s sur Strasbourg et l\u2019Eurom\u00e9tropole\u00a0: \u00e0 peine un camp est d\u00e9mantel\u00e9 qu\u2019un nouveau voit le jour\u00a0\u00bb, constate le communiqu\u00e9 du collectif Pour une autre politique migratoire et de la FSU 67. \u00ab\u00a0La diminution de places d\u2019h\u00e9bergement d\u2019urgence et la mise \u00e0 la rue de personnes sans solution ont abouti \u00e0 des situations dramatiques. Rappelons que <a href=\"https:\/\/www.dna.fr\/faits-divers-justice\/2025\/11\/01\/une-ceremonie-pour-les-32-personnes-sans-abri-mortes-depuis-un-an-dont-un-enfant\" target=\"_blank\" rel=\"noopener\">24 hommes, 7 femmes et un enfant sont d\u00e9c\u00e9d\u00e9s \u00e0 Strasbourg en 2024<\/a> \u00a0\u00bb, poursuit le texte.<\/p>\n<p>\u00ab\u00a0 <a href=\"https:\/\/www.dna.fr\/education\/2025\/11\/27\/mobilisation-pour-trois-jeunes-filles-a-la-rue-agees-de-4-a-14-ans\" target=\"_blank\" rel=\"noopener\">Le collectif \u201cPas d\u2019Enfants \u00e0 la rue\u201d<\/a> qui suit les enfants sans domicile scolaris\u00e9s estime que 100 enfants seraient actuellement dans cette situation.\u00a0\u00bb \u00ab\u00a0Face \u00e0 ces situations scandaleuses et inhumaines nous avons adress\u00e9 des courriers au pr\u00e9fet, responsable de l\u2019obligation de l\u2019\u00c9tat en la mati\u00e8re (l\u2019h\u00e9bergement d\u2019urgence est un droit inconditionnel), \u00e0 l\u2019\u00c9ducation nationale, \u00e0 la municipalit\u00e9 de Strasbourg et \u00e0 l\u2019Eurom\u00e9tropole, enfin \u00e0 la <a href=\"https:\/\/www.dna.fr\/collectivite-europeenne-d-alsace\" target=\"_blank\" rel=\"noopener\">Collectivit\u00e9 europ\u00e9enne d\u2019Alsace (CeA)<\/a> pour leur demander des solutions.\u00a0\u00bb<\/p>\n<p>  \u00ab\u00a0Le silence des acteurs est inadmissible\u00a0\u00bb<\/p>\n<p>Le texte poursuit\u00a0: \u00ab\u00a0D\u00e8s le 27\u00a0mai 2025 puis le 15\u00a0septembre et le 17\u00a0octobre nous proposions qu\u2019une table ronde (un comit\u00e9 partenarial) r\u00e9unissant toutes les parties concern\u00e9es soit mise en place. Seule la Ville de Strasbourg a accept\u00e9 une rencontre, mais les courriers \u00e0 la pr\u00e9fecture, l\u2019\u00c9ducation nationale et la CeA restent sans r\u00e9ponse. Le silence des acteurs est inadmissible. Nous avons appris par hasard, le 25\u00a0novembre, que la pr\u00e9fecture devrait r\u00e9unir le comit\u00e9 partenarial le 28\u00a0novembre et nous esp\u00e9rons que des solutions soient trouv\u00e9es rapidement vu l\u2019arriv\u00e9e de l\u2019hiver. Nous regrettons de ne pas avoir \u00e9t\u00e9 invit\u00e9s \u00e0 cette rencontre.<\/p>\n<p>Nous r\u00e9p\u00e9tons nos revendications d\u2019un h\u00e9bergement d\u00e9cent et inconditionnel pour toutes les personnes \u00e0 la rue quelle que soit leur situation administrative. Des solutions concr\u00e8tes ont \u00e9t\u00e9 propos\u00e9es par la soci\u00e9t\u00e9 civile mais n\u2019ont pas \u00e9t\u00e9 envisag\u00e9es par les diff\u00e9rents acteurs. Mise \u00e0 l\u2019abri d\u2019urgence en gymnases, r\u00e9quisition de logements vacants par la pr\u00e9fecture ou la mairie, mise \u00e0 disposition par la mairie ou la CeA de leurs propres logements vacants\u2026 La situation actuelle est un manquement grave aux obligations des pouvoirs publics d\u2019assurer la protection des populations pr\u00e9caires, dans un espace qui accueille le si\u00e8ge du Conseil de l\u2019Europe, organisation veillant \u00e0 l\u2019application rigoureuse de l\u2019\u00e9tat de droit. Nous ne l\u00e2chons rien\u00a0!\u00a0\u00bb<\/p>\n","protected":false},"excerpt":{"rendered":"\u00ab\u00a0Les camps de sans-abri se sont multipli\u00e9s sur Strasbourg et l\u2019Eurom\u00e9tropole\u00a0: \u00e0 peine un camp est d\u00e9mantel\u00e9 qu\u2019un&hellip;\n","protected":false},"author":2,"featured_media":571616,"comment_status":"","ping_status":"","sticky":false,"template":"","format":"standard","meta":{"footnotes":""},"categories":[2820],"tags":[1111,11,2880,1777,674,107,1011,27,775,1061,1908,12,25,104,640,2879],"class_list":{"0":"post-571615","1":"post","2":"type-post","3":"status-publish","4":"format-standard","5":"has-post-thumbnail","7":"category-strasbourg","8":"tag-actu","9":"tag-actualites","10":"tag-edition-strasbourg","11":"tag-eu","12":"tag-europe","13":"tag-fil-info","14":"tag-fr","15":"tag-france","16":"tag-grand-est","17":"tag-immigration","18":"tag-logement","19":"tag-news","20":"tag-republique-francaise","21":"tag-societe","22":"tag-strasbourg","23":"tag-strasbourg-ville"},"share_on_mastodon":{"url":"https:\/\/pubeurope.com\/@fr\/115646064524045585","error":""},"_links":{"self":[{"href":"https:\/\/www.europesays.com\/fr\/wp-json\/wp\/v2\/posts\/571615","targetHints":{"allow":["GET"]}}],"collection":[{"href":"https:\/\/www.europesays.com\/fr\/wp-json\/wp\/v2\/posts"}],"about":[{"href":"https:\/\/www.europesays.com\/fr\/wp-json\/wp\/v2\/types\/post"}],"author":[{"embeddable":true,"href":"https:\/\/www.europesays.com\/fr\/wp-json\/wp\/v2\/users\/2"}],"replies":[{"embeddable":true,"href":"https:\/\/www.europesays.com\/fr\/wp-json\/wp\/v2\/comments?post=571615"}],"version-history":[{"count":0,"href":"https:\/\/www.europesays.com\/fr\/wp-json\/wp\/v2\/posts\/571615\/revisions"}],"wp:featuredmedia":[{"embeddable":true,"href":"https:\/\/www.europesays.com\/fr\/wp-json\/wp\/v2\/media\/571616"}],"wp:attachment":[{"href":"https:\/\/www.europesays.com\/fr\/wp-json\/wp\/v2\/media?parent=571615"}],"wp:term":[{"taxonomy":"category","embeddable":true,"href":"https:\/\/www.europesays.com\/fr\/wp-json\/wp\/v2\/categories?post=571615"},{"taxonomy":"post_tag","embeddable":true,"href":"https:\/\/www.europesays.com\/fr\/wp-json\/wp\/v2\/tags?post=571615"}],"curies":[{"name":"wp","href":"https:\/\/api.w.org\/{rel}","templated":true}]}}