{"id":571621,"date":"2025-12-01T19:56:17","date_gmt":"2025-12-01T19:56:17","guid":{"rendered":"https:\/\/www.europesays.com\/fr\/571621\/"},"modified":"2025-12-01T19:56:17","modified_gmt":"2025-12-01T19:56:17","slug":"jeremie-boga-et-terem-moffi-ont-porte-plainte","status":"publish","type":"post","link":"https:\/\/www.europesays.com\/fr\/571621\/","title":{"rendered":"Jeremie Boga et Terem Moffi ont port\u00e9 plainte"},"content":{"rendered":"<p><a href=\"https:\/\/www.footmercato.net\/a4421112928469161470-coups-crachats-insultes-les-coulisses-de-la-confrontation-violente-entre-les-joueurs-de-nice-et-leurs-supporters\" target=\"_blank\" rel=\"noopener\">Les violences subies par J\u00e9r\u00e9mie Boga et Terem Moffi dimanche soir<\/a> vont d\u00e9sormais entrer dans le cadre de la justice. Pris \u00e0 partie par des supporters \u00e0 leur retour de Lorient (d\u00e9faite, 3-1), les deux attaquants de l\u2019OGC Nice ont port\u00e9 plainte ce lundi apr\u00e8s-midi, selon RMC Sport. Les agressions (coups, insultes racistes et bousculades) ont laiss\u00e9 des traces physiques qui ont conduit les m\u00e9decins \u00e0 leur d\u00e9livrer une ITT.\u00a0<\/p>\n<p>            La suite apr\u00e8s cette publicit\u00e9<\/p>\n<p>Encore marqu\u00e9s par les \u00e9v\u00e9nements, <a href=\"https:\/\/www.footmercato.net\/joueur\/jeremie-boga\/\" target=\"_blank\" rel=\"noopener\">J\u00e9r\u00e9mie Boga<\/a> et <a href=\"https:\/\/www.footmercato.net\/joueur\/terem-igobor-moffi\/\" target=\"_blank\" rel=\"noopener\">Terem Moffi<\/a> se sont rendus ensemble au commissariat de Nice pour effectuer les d\u00e9marches n\u00e9cessaires. Leur plainte permettra aux enqu\u00eateurs de tenter d\u2019identifier les auteurs des violences survenues lors de ce retour au centre d\u2019entra\u00eenement sous tension. Alors que les investigations d\u00e9butent, l\u2019OGC Nice reste dans l\u2019attente du rapport des autorit\u00e9s.<\/p>\n<p>\n    Pub. le 01\/12\/2025 20:23<br \/>\n            &#8211; MAJ le 01\/12\/2025 20:24\n    <\/p>\n","protected":false},"excerpt":{"rendered":"Les violences subies par J\u00e9r\u00e9mie Boga et Terem Moffi dimanche soir vont d\u00e9sormais entrer dans le cadre de&hellip;\n","protected":false},"author":2,"featured_media":571622,"comment_status":"","ping_status":"","sticky":false,"template":"","format":"standard","meta":{"footnotes":""},"categories":[2819],"tags":[1111,11,1777,674,1011,27,12,2401,882,25],"class_list":{"0":"post-571621","1":"post","2":"type-post","3":"status-publish","4":"format-standard","5":"has-post-thumbnail","7":"category-nice","8":"tag-actu","9":"tag-actualites","10":"tag-eu","11":"tag-europe","12":"tag-fr","13":"tag-france","14":"tag-news","15":"tag-nice","16":"tag-provence-alpes-cote-dazur","17":"tag-republique-francaise"},"share_on_mastodon":{"url":"https:\/\/pubeurope.com\/@fr\/115646076727679411","error":""},"_links":{"self":[{"href":"https:\/\/www.europesays.com\/fr\/wp-json\/wp\/v2\/posts\/571621","targetHints":{"allow":["GET"]}}],"collection":[{"href":"https:\/\/www.europesays.com\/fr\/wp-json\/wp\/v2\/posts"}],"about":[{"href":"https:\/\/www.europesays.com\/fr\/wp-json\/wp\/v2\/types\/post"}],"author":[{"embeddable":true,"href":"https:\/\/www.europesays.com\/fr\/wp-json\/wp\/v2\/users\/2"}],"replies":[{"embeddable":true,"href":"https:\/\/www.europesays.com\/fr\/wp-json\/wp\/v2\/comments?post=571621"}],"version-history":[{"count":0,"href":"https:\/\/www.europesays.com\/fr\/wp-json\/wp\/v2\/posts\/571621\/revisions"}],"wp:featuredmedia":[{"embeddable":true,"href":"https:\/\/www.europesays.com\/fr\/wp-json\/wp\/v2\/media\/571622"}],"wp:attachment":[{"href":"https:\/\/www.europesays.com\/fr\/wp-json\/wp\/v2\/media?parent=571621"}],"wp:term":[{"taxonomy":"category","embeddable":true,"href":"https:\/\/www.europesays.com\/fr\/wp-json\/wp\/v2\/categories?post=571621"},{"taxonomy":"post_tag","embeddable":true,"href":"https:\/\/www.europesays.com\/fr\/wp-json\/wp\/v2\/tags?post=571621"}],"curies":[{"name":"wp","href":"https:\/\/api.w.org\/{rel}","templated":true}]}}