{"id":571623,"date":"2025-12-01T19:57:42","date_gmt":"2025-12-01T19:57:42","guid":{"rendered":"https:\/\/www.europesays.com\/fr\/571623\/"},"modified":"2025-12-01T19:57:42","modified_gmt":"2025-12-01T19:57:42","slug":"folle-journee-de-nantes-la-programmation-calee-par-les-salariees-dune-facon","status":"publish","type":"post","link":"https:\/\/www.europesays.com\/fr\/571623\/","title":{"rendered":"Folle Journ\u00e9e de Nantes\u00a0: la programmation \u00ab\u00a0cal\u00e9e par les salari\u00e9es d\u2019une fa\u00e7on"},"content":{"rendered":"<p>De Ren\u00e9 Martin, fondateur de la Folle journ\u00e9e, l<a href=\"https:\/\/nantes.maville.com\/actu\/actudet_-la-ville-de-nantes-met-fin-a-sa-collaboration-avec-rene-martin-createur-de-la-folle-journee-_8-7035272_actu.Htm\" target=\"_self\" rel=\"noopener\">\u00e2ch\u00e9 par la ville de Nantes<\/a> et qui a d\u00e9missionn\u00e9 apr\u00e8s les r\u00e9v\u00e9lations de harc\u00e8lement par <a href=\"https:\/\/www.mediacites.fr\/tag\/rene-martin\/\" target=\"_parent\" rel=\"noopener\">Mediacit\u00e9s<\/a>, Jacques Dagault, pr\u00e9sident de l\u2019association du Cr\u00e9a (1), ne veut pas parler.<\/p>\n<p>En cette veille de pr\u00e9sentation du programme de la Folle journ\u00e9e 2026, qui se tiendra mardi 2\u00a0d\u00e9cembre 2025 \u00e0 la Cit\u00e9 des congr\u00e8s, il estime ce lundi\u00a01er\u00a0d\u00e9cembre au t\u00e9l\u00e9phone, que <strong>\u00ab\u00a0\u00e7<\/strong> <strong>a<\/strong> ne sert \u00e0 rien de revenir sur Ren\u00e9 Martin. C\u2019est dommage ce qui s\u2019est pass\u00e9, je ne peux pas en dire plus. Il faut laisser faire les choses et attendre maintenant. Nul n\u2019est irrempla\u00e7able\u00a0.<\/p>\n<p><a href=\"https:\/\/nantes.maville.com\/actu\/actudet_-folle-journee-rene-martin-pouvait-etre-humiliant-avait-des-mots-durs-une-ancienne-salariee-veut-etre-entendue-_52716-7057152_actu.Htm\" target=\"_parent\" rel=\"noopener\">Lire aussi\u00a0: \u00ab\u00a0J\u2019esp\u00e8re\u00a0\u00eatre\u00a0entendue dans\u00a0l\u2019enqu\u00eate\u00a0\u00bb<\/a><\/p>\n<p>Programmation \u00ab\u00a0enti\u00e8rement cal\u00e9e\u00a0\u00bb<\/p>\n<p><strong>\u00ab\u00a0L\u2019important, c\u2019est la Folle Journ\u00e9e 2026 et sa programmation\u00a0.<\/strong> La nouvelle \u00e9dition du festival de musique classique de Nantes aura bien lieu du mercredi 28\u00a0janvier au dimanche 1er\u00a0f\u00e9vrier 2026 au c\u0153ur de la Cit\u00e9 des congr\u00e8s avec plusieurs centaines de concerts et plus d\u2019un millier d\u2019artistes.<\/p>\n<p>La programmation est<strong> \u00ab\u00a0enti\u00e8rement cal\u00e9e, elle a \u00e9t\u00e9 faite par les salari\u00e9es du Crea d\u2019une fa\u00e7on remarquable\u00a0\u00bb.<\/strong> L\u2019association du Crea n\u2019entend pas aborder <strong>\u00ab\u00a0l\u2019affaire\u00a0\u00bb<\/strong> Ren\u00e9 Martin lors de la pr\u00e9sentation de ce rendez-vous culturel qui a pour th\u00e8me les fleuves.<\/p>\n<p><a href=\"https:\/\/nantes.maville.com\/actu\/actudet_-folle-journee-la-billetterie-du-festival-de-musique-classique-ouvre-en-decembre-_8-7081606_actu.Htm\" target=\"_parent\" rel=\"noopener\">La billetterie de la Folle Journ\u00e9e 2026 ouvre le 13\u00a0d\u00e9cembre \u00e0 9\u00a0h en ligne et dans deux grandes surfaces.<\/a><\/p>\n<p>(1) Le Crea (centre de r\u00e9alisations et d\u2019\u00e9tudes artistiques) a \u00e9t\u00e9 fond\u00e9 en 1979 par Ren\u00e9 Martin. Cette association organise\u00a0l\u2019ensemble des Folles Journ\u00e9es dans le monde, d\u2019autres festivals en France et des concerts classiques \u00e0 l\u2019ann\u00e9e.<\/p>\n<p>\u00a0<\/p>\n","protected":false},"excerpt":{"rendered":"De Ren\u00e9 Martin, fondateur de la Folle journ\u00e9e, l\u00e2ch\u00e9 par la ville de Nantes et qui a d\u00e9missionn\u00e9&hellip;\n","protected":false},"author":2,"featured_media":571624,"comment_status":"","ping_status":"","sticky":false,"template":"","format":"standard","meta":{"footnotes":""},"categories":[2818],"tags":[5742,1111,11,68646,49832,68649,1777,674,68648,14898,1011,27,3465,9778,766,12,2636,3551,59498,25,68647],"class_list":{"0":"post-571623","1":"post","2":"type-post","3":"status-publish","4":"format-standard","5":"has-post-thumbnail","7":"category-nantes","8":"tag-5742","9":"tag-actu","10":"tag-actualites","11":"tag-calee","12":"tag-decembre","13":"tag-devoilee","14":"tag-eu","15":"tag-europe","16":"tag-facon","17":"tag-folle","18":"tag-fr","19":"tag-france","20":"tag-journee","21":"tag-mardi","22":"tag-nantes","23":"tag-news","24":"tag-pays-de-la-loire","25":"tag-programmation","26":"tag-remarquable","27":"tag-republique-francaise","28":"tag-salariees"},"share_on_mastodon":{"url":"https:\/\/pubeurope.com\/@fr\/115646080157187543","error":""},"_links":{"self":[{"href":"https:\/\/www.europesays.com\/fr\/wp-json\/wp\/v2\/posts\/571623","targetHints":{"allow":["GET"]}}],"collection":[{"href":"https:\/\/www.europesays.com\/fr\/wp-json\/wp\/v2\/posts"}],"about":[{"href":"https:\/\/www.europesays.com\/fr\/wp-json\/wp\/v2\/types\/post"}],"author":[{"embeddable":true,"href":"https:\/\/www.europesays.com\/fr\/wp-json\/wp\/v2\/users\/2"}],"replies":[{"embeddable":true,"href":"https:\/\/www.europesays.com\/fr\/wp-json\/wp\/v2\/comments?post=571623"}],"version-history":[{"count":0,"href":"https:\/\/www.europesays.com\/fr\/wp-json\/wp\/v2\/posts\/571623\/revisions"}],"wp:featuredmedia":[{"embeddable":true,"href":"https:\/\/www.europesays.com\/fr\/wp-json\/wp\/v2\/media\/571624"}],"wp:attachment":[{"href":"https:\/\/www.europesays.com\/fr\/wp-json\/wp\/v2\/media?parent=571623"}],"wp:term":[{"taxonomy":"category","embeddable":true,"href":"https:\/\/www.europesays.com\/fr\/wp-json\/wp\/v2\/categories?post=571623"},{"taxonomy":"post_tag","embeddable":true,"href":"https:\/\/www.europesays.com\/fr\/wp-json\/wp\/v2\/tags?post=571623"}],"curies":[{"name":"wp","href":"https:\/\/api.w.org\/{rel}","templated":true}]}}