{"id":571627,"date":"2025-12-01T20:00:14","date_gmt":"2025-12-01T20:00:14","guid":{"rendered":"https:\/\/www.europesays.com\/fr\/571627\/"},"modified":"2025-12-01T20:00:14","modified_gmt":"2025-12-01T20:00:14","slug":"accuse-davoir-tente-de-tuer-sa-compagne-devant-leur-fils-de-4-ans-il-comparait-devant-la-cour-dassises-de-la-gironde","status":"publish","type":"post","link":"https:\/\/www.europesays.com\/fr\/571627\/","title":{"rendered":"Accus\u00e9 d\u2019avoir tent\u00e9 de tuer sa compagne devant leur fils de 4\u00a0ans, il compara\u00eet devant la cour d\u2019assises de la Gironde"},"content":{"rendered":"<p>Le 27\u00a0janvier 2022, en fin d\u2019apr\u00e8s-midi, il&#8230;<\/p>\n<p>Le 27\u00a0janvier 2022, en fin d\u2019apr\u00e8s-midi, il appelle les pompiers et crie au t\u00e9l\u00e9phone\u00a0: \u00ab\u00a0Au secours, j\u2019ai poignard\u00e9 ma femme.\u00a0\u00bb Sur place, dans un appartement du cours des Girondins, \u00e0 Libourne, les secouristes et les gendarmes d\u00e9couvrent la victime, une femme de 44\u00a0ans ensanglant\u00e9e, allong\u00e9e sur le sol du salon. \u00c0 un m\u00e8tre, se tient son petit gar\u00e7on de 4\u00a0ans, apeur\u00e9. Herv\u00e9 Pierre-Marie n\u2019a pas quitt\u00e9 les lieux et se laisse interpeller sans difficult\u00e9. Gri\u00e8vement bless\u00e9e apr\u00e8s avoir re\u00e7u un coup de couteau en pleine poitrine, sa compagne est transport\u00e9e en urgence \u00e0 l\u2019h\u00f4pital, o\u00f9 elle est sauv\u00e9e.<\/p>\n<p>D\u00e9j\u00e0 condamn\u00e9 \u00e0 deux reprises pour des violences sur sa conjointe, le trentenaire \u00e9tait sous sursis probatoire au moment des faits et avait interdiction d\u2019entrer en contact avec la victime. Trois semaines avant le drame, il s\u2019\u00e9tait r\u00e9install\u00e9 dans l\u2019appartement. Au premier jour de son proc\u00e8s, la cour s\u2019est pench\u00e9e sur sa personnalit\u00e9.<\/p>\n<p>L\u2019omnipr\u00e9sence de la violence<\/p>\n<p>Son isolement saute aux yeux. Aucun membre de sa famille, aucun ami n\u2019est venu t\u00e9moigner. Depuis son placement en d\u00e9tention provisoire, Herv\u00e9 Pierre-Marie ne re\u00e7oit aucune visite en prison. N\u00e9 en Guadeloupe de p\u00e8re inconnu, il a perdu sa m\u00e8re \u00e0 l\u2019\u00e2ge de 9\u00a0ans, a \u00e9t\u00e9 adopt\u00e9 par une tante et \u00e9lev\u00e9 en Guyane avant de rejoindre l\u2019Hexagone \u00e0 ses 17\u00a0ans. \u00ab\u00a0J\u2019\u00e9tais un peu difficile comme gamin. Alors, ma tante me frappait \u00e0 coups de ceinture. J\u2019ai \u00e9t\u00e9 \u00e9lev\u00e9 comme \u00e7a\u00a0\u00bb, raconte-t-il d\u2019une voix mal assur\u00e9e.<\/p>\n<blockquote><p>\u00ab\u00a0J\u2019\u00e9tais un peu difficile, alors ma tante me frappait \u00e0 coups de ceinture. J\u2019ai \u00e9t\u00e9 \u00e9lev\u00e9 comme \u00e7a\u00a0\u00bb<\/p><\/blockquote>\n<p>\u00ab\u00a0Pour lui, la violence fait partie d\u2019une relation affective\u00a0\u00bb, explique \u00e0 la barre, quelques minutes plus tard, un expert psychologue. Et la violence s\u2019est tr\u00e8s vite invit\u00e9e dans le couple qu\u2019Herv\u00e9 Pierre-Marie a form\u00e9 avec celle qui est devenue la m\u00e8re de son fils.<\/p>\n<p>Discernement alt\u00e9r\u00e9\u00a0?<\/p>\n<p>Ils se rencontrent en 2015. Chaudronnier industriel en int\u00e9rim, apr\u00e8s avoir pass\u00e9 quelques ann\u00e9es dans l\u2019arm\u00e9e de terre, \u00e0 Tarbes, le trentenaire travaille pour diverses agences du Sud-Ouest. Jaloux, \u00ab\u00a0parano\u00efaque\u00a0\u00bb selon les experts, il se persuade d\u2019infid\u00e9lit\u00e9s. D\u00e8s 2017, il est condamn\u00e9 une premi\u00e8re fois pour avoir frapp\u00e9 sa compagne. \u00ab\u00a0Elle m\u2019avait tromp\u00e9\u00a0\u00bb, affirme-t-il. \u00ab\u00a0C\u2019est toujours cet argument que vous mettez en avant\u00a0\u00bb, rel\u00e8ve la pr\u00e9sidente de la cour, Martine Dubois. Le 22\u00a0janvier 2022, sa col\u00e8re aurait explos\u00e9 quand il s\u2019est rendu compte que sa conjointe appelait un ami.<\/p>\n<p>Son discernement \u00e9tait-il alors entier\u00a0? Cette question est un autre \u00e9l\u00e9ment cl\u00e9 de ce proc\u00e8s. En 2020, Herv\u00e9 Pierre-Marie a \u00e9t\u00e9 intern\u00e9 quelques jours en psychiatrie et un diagnostic de schizophr\u00e9nie aurait \u00e9t\u00e9 pos\u00e9. Apr\u00e8s son funeste passage \u00e0 l\u2019acte, une psychiatre l\u2019a examin\u00e9 en garde \u00e0 vue et a estim\u00e9 que son discernement \u00e9tait alt\u00e9r\u00e9. Mais cette alt\u00e9ration n\u2019a pas \u00e9t\u00e9 confirm\u00e9e par deux expertises psychiatriques r\u00e9alis\u00e9es par la suite, pendant l\u2019information judiciaire.<\/p>\n","protected":false},"excerpt":{"rendered":"Le 27\u00a0janvier 2022, en fin d\u2019apr\u00e8s-midi, il&#8230; Le 27\u00a0janvier 2022, en fin d\u2019apr\u00e8s-midi, il appelle les pompiers et&hellip;\n","protected":false},"author":2,"featured_media":571628,"comment_status":"","ping_status":"","sticky":false,"template":"","format":"standard","meta":{"footnotes":""},"categories":[2817],"tags":[1111,11,1997,1777,674,1011,27,12,2219,25],"class_list":{"0":"post-571627","1":"post","2":"type-post","3":"status-publish","4":"format-standard","5":"has-post-thumbnail","7":"category-bordeaux","8":"tag-actu","9":"tag-actualites","10":"tag-bordeaux","11":"tag-eu","12":"tag-europe","13":"tag-fr","14":"tag-france","15":"tag-news","16":"tag-nouvelle-aquitaine","17":"tag-republique-francaise"},"share_on_mastodon":{"url":"https:\/\/pubeurope.com\/@fr\/115646091999895069","error":""},"_links":{"self":[{"href":"https:\/\/www.europesays.com\/fr\/wp-json\/wp\/v2\/posts\/571627","targetHints":{"allow":["GET"]}}],"collection":[{"href":"https:\/\/www.europesays.com\/fr\/wp-json\/wp\/v2\/posts"}],"about":[{"href":"https:\/\/www.europesays.com\/fr\/wp-json\/wp\/v2\/types\/post"}],"author":[{"embeddable":true,"href":"https:\/\/www.europesays.com\/fr\/wp-json\/wp\/v2\/users\/2"}],"replies":[{"embeddable":true,"href":"https:\/\/www.europesays.com\/fr\/wp-json\/wp\/v2\/comments?post=571627"}],"version-history":[{"count":0,"href":"https:\/\/www.europesays.com\/fr\/wp-json\/wp\/v2\/posts\/571627\/revisions"}],"wp:featuredmedia":[{"embeddable":true,"href":"https:\/\/www.europesays.com\/fr\/wp-json\/wp\/v2\/media\/571628"}],"wp:attachment":[{"href":"https:\/\/www.europesays.com\/fr\/wp-json\/wp\/v2\/media?parent=571627"}],"wp:term":[{"taxonomy":"category","embeddable":true,"href":"https:\/\/www.europesays.com\/fr\/wp-json\/wp\/v2\/categories?post=571627"},{"taxonomy":"post_tag","embeddable":true,"href":"https:\/\/www.europesays.com\/fr\/wp-json\/wp\/v2\/tags?post=571627"}],"curies":[{"name":"wp","href":"https:\/\/api.w.org\/{rel}","templated":true}]}}