{"id":571629,"date":"2025-12-01T20:02:21","date_gmt":"2025-12-01T20:02:21","guid":{"rendered":"https:\/\/www.europesays.com\/fr\/571629\/"},"modified":"2025-12-01T20:02:21","modified_gmt":"2025-12-01T20:02:21","slug":"lauteur-presume-defere-en-justice","status":"publish","type":"post","link":"https:\/\/www.europesays.com\/fr\/571629\/","title":{"rendered":"l\u2019auteur pr\u00e9sum\u00e9 d\u00e9f\u00e9r\u00e9 en justice"},"content":{"rendered":"<p>Le suspect a \u00e9t\u00e9 interpell\u00e9 peu apr\u00e8s les faits. En fin d\u2019apr\u00e8s-midi, samedi, les pompiers sont intervenus pour secourir un homme bless\u00e9 \u00e0 l\u2019arme blanche, route de Toulouse. La victime, \u00e2g\u00e9e de 36\u00a0ans, a \u00e9t\u00e9 \u00e9vacu\u00e9e \u00e0 l\u2019h\u00f4pital. Les t\u00e9moignages ont permis de retrouver l\u2019auteur pr\u00e9sum\u00e9, arr\u00eat\u00e9 quelques minutes plus tard au niveau du centre commercial des Rives d\u2019Arcins.<\/p>\n","protected":false},"excerpt":{"rendered":"Le suspect a \u00e9t\u00e9 interpell\u00e9 peu apr\u00e8s les faits. En fin d\u2019apr\u00e8s-midi, samedi, les pompiers sont intervenus pour&hellip;\n","protected":false},"author":2,"featured_media":571630,"comment_status":"","ping_status":"","sticky":false,"template":"","format":"standard","meta":{"footnotes":""},"categories":[2817],"tags":[1111,11,1997,1777,674,1011,27,12,2219,25],"class_list":{"0":"post-571629","1":"post","2":"type-post","3":"status-publish","4":"format-standard","5":"has-post-thumbnail","7":"category-bordeaux","8":"tag-actu","9":"tag-actualites","10":"tag-bordeaux","11":"tag-eu","12":"tag-europe","13":"tag-fr","14":"tag-france","15":"tag-news","16":"tag-nouvelle-aquitaine","17":"tag-republique-francaise"},"share_on_mastodon":{"url":"https:\/\/pubeurope.com\/@fr\/115646099882770597","error":""},"_links":{"self":[{"href":"https:\/\/www.europesays.com\/fr\/wp-json\/wp\/v2\/posts\/571629","targetHints":{"allow":["GET"]}}],"collection":[{"href":"https:\/\/www.europesays.com\/fr\/wp-json\/wp\/v2\/posts"}],"about":[{"href":"https:\/\/www.europesays.com\/fr\/wp-json\/wp\/v2\/types\/post"}],"author":[{"embeddable":true,"href":"https:\/\/www.europesays.com\/fr\/wp-json\/wp\/v2\/users\/2"}],"replies":[{"embeddable":true,"href":"https:\/\/www.europesays.com\/fr\/wp-json\/wp\/v2\/comments?post=571629"}],"version-history":[{"count":0,"href":"https:\/\/www.europesays.com\/fr\/wp-json\/wp\/v2\/posts\/571629\/revisions"}],"wp:featuredmedia":[{"embeddable":true,"href":"https:\/\/www.europesays.com\/fr\/wp-json\/wp\/v2\/media\/571630"}],"wp:attachment":[{"href":"https:\/\/www.europesays.com\/fr\/wp-json\/wp\/v2\/media?parent=571629"}],"wp:term":[{"taxonomy":"category","embeddable":true,"href":"https:\/\/www.europesays.com\/fr\/wp-json\/wp\/v2\/categories?post=571629"},{"taxonomy":"post_tag","embeddable":true,"href":"https:\/\/www.europesays.com\/fr\/wp-json\/wp\/v2\/tags?post=571629"}],"curies":[{"name":"wp","href":"https:\/\/api.w.org\/{rel}","templated":true}]}}