{"id":571637,"date":"2025-12-01T20:07:34","date_gmt":"2025-12-01T20:07:34","guid":{"rendered":"https:\/\/www.europesays.com\/fr\/571637\/"},"modified":"2025-12-01T20:07:34","modified_gmt":"2025-12-01T20:07:34","slug":"episode-14-vainqueur-au-havre-a-10-contre-11-lille-enchaine-pour-la-2eme-fois-cette-saison-3-succes-%e2%9a%bd%e2%9a%bd%e2%9a%bd-2","status":"publish","type":"post","link":"https:\/\/www.europesays.com\/fr\/571637\/","title":{"rendered":"Episode 14: Vainqueur au Havre \u00e0 10 contre 11, Lille encha\u00eene pour la 2\u00e8me fois cette saison 3 succ\u00e8s. \u26bd\u26bd\u26bd"},"content":{"rendered":"<p> <img decoding=\"async\" src=\"https:\/\/www.europesays.com\/fr\/wp-content\/uploads\/2025\/12\/1764619654_677_1200x680\" alt=\"illustration agrandir l'image\" style=\"--_image-preview:url('data:image\/jpeg;base64,\/9j\/2wBDACgcHiMeGSgjISMtKygwPGRBPDc3PHtYXUlkkYCZlo+AjIqgtObDoKrarYqMyP\/L2u71\/\/\/\/m8H\/\/\/\/6\/+b9\/\/j\/2wBDASstLTw1PHZBQXb4pYyl+Pj4+Pj4+Pj4+Pj4+Pj4+Pj4+Pj4+Pj4+Pj4+Pj4+Pj4+Pj4+Pj4+Pj4+Pj4+Pj4+Pj\/wAARCAAXACoDASIAAhEBAxEB\/8QAFwABAQEBAAAAAAAAAAAAAAAAAAECBP\/EABYQAQEBAAAAAAAAAAAAAAAAAAABEf\/EABcBAAMBAAAAAAAAAAAAAAAAAAABAwL\/xAAWEQEBAQAAAAAAAAAAAAAAAAAAARH\/2gAMAwEAAhEDEQA\/AOTBrEC2AALExMaAy3YzQOqs1NBkVZV0CTr\/2Q==');\" loading=\"eager\" fetchpriority=\"high\" class=\"svelte-1cksh76 rounded\" onload=\"this.__e=event\" onerror=\"this.__e=event\"\/> Ethan Mbapp\u00e9 encore d\u00e9cisif avec le LOSC \u00a9 AFP &#8211; AFP    <\/p>\n<p class=\"g-ici-body-regular-3 info svelte-1tw4hsy\">Diffus\u00e9 le lundi 1 d\u00e9cembre 2025 \u00e0 19:31 <\/p>\n<p class=\"g-ici-body-regular-3 info svelte-1tw4hsy\">Publi\u00e9 le lundi 1 d\u00e9cembre 2025 \u00e0 19:31 <\/p>\n<p class=\"g-ici-body-bold-1 standFirst svelte-1gkeky6\">Le LOSC a sign\u00e9 un 3\u00e8me succ\u00e8s cons\u00e9cutif lors de cette 14\u00e8me journ\u00e9e de L1, sur un but \u00e0 la 88\u00e8me minute construit par ses finisseurs, Haraldsson, Mbapp\u00e9 et Igamane. Le LOSC \u00e9tait r\u00e9duit \u00e0 10 depuis l&rsquo;expulsion s\u00e9v\u00e8re de Bouaddi \u00e0 la 51\u00e8me minute. <\/p>\n<p> Au menu de l&rsquo;\u00e9pisode 14 :<\/p>\n<p>-Un groupe est-il n\u00e9 dans la douleur au Havre\u00a0?<br \/>-Y-a-t-il vraiment rouge pour Bouaddi \u00e0 la 51\u00e8me\u00a0?<br \/>-Une nouvelle hi\u00e9archie chez les attaquants\u00a0? Haraldsson et Fernandez-Pardo rel\u00e9gu\u00e9s sur le banc.\u00a0<br \/>-Ethan Mbapp\u00e9, plus seulement un joker de luxe\u00a0?<br \/>-La belle apr\u00e8s-midi d&rsquo;Ozer qui rapporte des points au LOSC.<\/p>\n<p>Autour de Sylvain Charley\u00a0:<\/p>\n<p>-Matthieu Rappez de France 3<br \/>-Baptiste Coget du podcast Bistrot Allez le LOSC<br \/>-Sandrine Arrestier de la Voix du Nord<br \/>-Chebdin Insi le coach de Lomme D\u00e9livrance en D1<\/p>\n<ul class=\"SocialNetworks svelte-oam7rq\">\n<li class=\"svelte-oam7rq\"><\/li>\n<li class=\"svelte-oam7rq\"><\/li>\n<li class=\"svelte-oam7rq\"><\/li>\n<li class=\"svelte-oam7rq\"><\/li>\n<li class=\"svelte-oam7rq\"><\/li>\n<\/ul>\n","protected":false},"excerpt":{"rendered":"Ethan Mbapp\u00e9 encore d\u00e9cisif avec le LOSC \u00a9 AFP &#8211; AFP Diffus\u00e9 le lundi 1 d\u00e9cembre 2025 \u00e0&hellip;\n","protected":false},"author":2,"featured_media":571518,"comment_status":"","ping_status":"","sticky":false,"template":"","format":"standard","meta":{"footnotes":""},"categories":[2815],"tags":[1111,11,1777,674,1011,27,811,1307,12,25],"class_list":{"0":"post-571637","1":"post","2":"type-post","3":"status-publish","4":"format-standard","5":"has-post-thumbnail","7":"category-lille","8":"tag-actu","9":"tag-actualites","10":"tag-eu","11":"tag-europe","12":"tag-fr","13":"tag-france","14":"tag-hauts-de-france","15":"tag-lille","16":"tag-news","17":"tag-republique-francaise"},"share_on_mastodon":{"url":"https:\/\/pubeurope.com\/@fr\/115646120956675560","error":""},"_links":{"self":[{"href":"https:\/\/www.europesays.com\/fr\/wp-json\/wp\/v2\/posts\/571637","targetHints":{"allow":["GET"]}}],"collection":[{"href":"https:\/\/www.europesays.com\/fr\/wp-json\/wp\/v2\/posts"}],"about":[{"href":"https:\/\/www.europesays.com\/fr\/wp-json\/wp\/v2\/types\/post"}],"author":[{"embeddable":true,"href":"https:\/\/www.europesays.com\/fr\/wp-json\/wp\/v2\/users\/2"}],"replies":[{"embeddable":true,"href":"https:\/\/www.europesays.com\/fr\/wp-json\/wp\/v2\/comments?post=571637"}],"version-history":[{"count":0,"href":"https:\/\/www.europesays.com\/fr\/wp-json\/wp\/v2\/posts\/571637\/revisions"}],"wp:featuredmedia":[{"embeddable":true,"href":"https:\/\/www.europesays.com\/fr\/wp-json\/wp\/v2\/media\/571518"}],"wp:attachment":[{"href":"https:\/\/www.europesays.com\/fr\/wp-json\/wp\/v2\/media?parent=571637"}],"wp:term":[{"taxonomy":"category","embeddable":true,"href":"https:\/\/www.europesays.com\/fr\/wp-json\/wp\/v2\/categories?post=571637"},{"taxonomy":"post_tag","embeddable":true,"href":"https:\/\/www.europesays.com\/fr\/wp-json\/wp\/v2\/tags?post=571637"}],"curies":[{"name":"wp","href":"https:\/\/api.w.org\/{rel}","templated":true}]}}