{"id":571638,"date":"2025-12-01T20:08:17","date_gmt":"2025-12-01T20:08:17","guid":{"rendered":"https:\/\/www.europesays.com\/fr\/571638\/"},"modified":"2025-12-01T20:08:17","modified_gmt":"2025-12-01T20:08:17","slug":"venez-echanger-avec-plastic-bertrand-jean-schultheis-et-sloane-lundi-8-decembre-a-marseille","status":"publish","type":"post","link":"https:\/\/www.europesays.com\/fr\/571638\/","title":{"rendered":"venez \u00e9changer avec Plastic Bertrand, Jean Schultheis et Sloane lundi 8 d\u00e9cembre \u00e0 Marseille"},"content":{"rendered":"<p><a href=\"https:\/\/www.laprovence.com\/article\/region\/64765842832780\/sloane-plastic-bertrand-boney-m-la-tournee-les-annees-80-prete-a-enflammer-a-digne-les-bains\" target=\"_blank\" rel=\"noopener\">\u00ab\u00a0Les ann\u00e9es\u00a080, la tourn\u00e9e\u00a0\u00bb<\/a> est une grande f\u00eate en live avec de nombreux chanteurs mythiques de cette \u00e9poque. L\u2019occasion de retrouver sur sc\u00e8ne Lio, <a href=\"https:\/\/www.laprovence.com\/article\/culture-loisirs\/53540234769357\/plastic-bertrand-va-planer-sur-le-palais-des-congres-de-digne-apres-50-ans-et-10-albums-je-ne-suis-pas-lasse\" target=\"_blank\" rel=\"noopener\">Plastic Bertrand<\/a>, L\u00e2\u00e2m, Partenaire Particulier, Boney M Legend, <a href=\"https:\/\/www.laprovence.com\/article\/culture-loisirs\/32774453869922\/totalement-80-le-spectacle-pour-les-amoureux-des-annees-1980-au-theatre-antique-de-vaison-la-romaine\" target=\"_blank\" rel=\"noopener\">Jean Schultheis<\/a>, <a href=\"https:\/\/www.laprovence.com\/article\/region\/774294093793114\/michel-legrand-goldorak-peter-et-sloane-jean-pierre-savelli-se-livre-sur-sa-vie\" target=\"_blank\" rel=\"noopener\">Sloane<\/a> (du duo Peter et Sloane), Christian De Raft, Jean-Pierre Morgand, Pedro Castano (Macarena)\u2026 et tous leurs tubes cultes.<\/p>\n<p><img alt=\"Jean Schultheis\" loading=\"lazy\" decoding=\"async\" data-nimg=\"fill\" class=\" TwicCore_img__i9TC1 undefined  undefined\" style=\"position:absolute;height:100%;width:100%;left:0;top:0;right:0;bottom:0;color:transparent;background-size:cover;background-position:50% 50%;background-repeat:no-repeat;background-image:url(&quot;data:image\/svg+xml;charset=utf-8,%3Csvg xmlns='http:\/\/www.w3.org\/2000\/svg' %3E%3Cfilter id='b' color-interpolation-filters='sRGB'%3E%3CfeGaussianBlur stdDeviation='20'\/%3E%3CfeColorMatrix values='1 0 0 0 0 0 1 0 0 0 0 0 1 0 0 0 0 0 100 -1' result='s'\/%3E%3CfeFlood x='0' y='0' width='100%25' height='100%25'\/%3E%3CfeComposite operator='out' in='s'\/%3E%3CfeComposite in2='SourceGraphic'\/%3E%3CfeGaussianBlur stdDeviation='20'\/%3E%3C\/filter%3E%3Cimage width='100%25' height='100%25' x='0' y='0' preserveAspectRatio='none' style='filter: url(%23b);' href='https:\/\/pictures.laprovence.com\/cdn-cgi\/image\/blur=250\/media\/melody\/2025\/12\/01\/jean-schultheis-1764618336_157b0b63cd296097b0b63cd29ec7b0v_.jpg'\/%3E%3C\/svg%3E&quot;)\"   src=\"https:\/\/www.europesays.com\/fr\/wp-content\/uploads\/2025\/12\/jean-schultheis-1764618336_157b0b63cd296097b0b63cd29ec7b0v_.jpg\"\/>Jean Schultheis Nicolas VALLAURI<\/p>\n<p>Si vous \u00eates nostalgique des chansons suivantes et qu\u2019elles n\u2019ont aucun secret pour vous\u00a0: Confidence pour confidence, \u00c7a plane pour moi et Besoin de rien envie de toi, tentez votre chance pour venir rencontrer leurs interpr\u00e8tes.<\/p>\n<p>Avant le concert du 16\u00a0janvier\u00a02026 au D\u00f4me, Jean Schultheis, Plastic Bertrand et Sloane donnent rendez-vous aux lecteurs de La Provence \u00e0 Marseille, le 8\u00a0d\u00e9cembre \u00e0 14h30, pour un \u00e9change pendant lequel ils r\u00e9pondront tous les trois \u00e0 vos questions.<\/p>\n<p><img alt=\"Sloane\" loading=\"lazy\" decoding=\"async\" data-nimg=\"fill\" class=\" TwicCore_img__i9TC1 undefined  undefined\" style=\"position:absolute;height:100%;width:100%;left:0;top:0;right:0;bottom:0;color:transparent;background-size:cover;background-position:50% 50%;background-repeat:no-repeat;background-image:url(&quot;data:image\/svg+xml;charset=utf-8,%3Csvg xmlns='http:\/\/www.w3.org\/2000\/svg' %3E%3Cfilter id='b' color-interpolation-filters='sRGB'%3E%3CfeGaussianBlur stdDeviation='20'\/%3E%3CfeColorMatrix values='1 0 0 0 0 0 1 0 0 0 0 0 1 0 0 0 0 0 100 -1' result='s'\/%3E%3CfeFlood x='0' y='0' width='100%25' height='100%25'\/%3E%3CfeComposite operator='out' in='s'\/%3E%3CfeComposite in2='SourceGraphic'\/%3E%3CfeGaussianBlur stdDeviation='20'\/%3E%3C\/filter%3E%3Cimage width='100%25' height='100%25' x='0' y='0' preserveAspectRatio='none' style='filter: url(%23b);' href='https:\/\/pictures.laprovence.com\/cdn-cgi\/image\/blur=250\/media\/melody\/2025\/12\/01\/sloane-1764618336_c0e80462cd296c4e80462cd29a8e80v_.jpg'\/%3E%3C\/svg%3E&quot;)\"   src=\"https:\/\/www.europesays.com\/fr\/wp-content\/uploads\/2025\/12\/sloane-1764618336_c0e80462cd296c4e80462cd29a8e80v_.jpg\"\/>Sloane DR<\/p>\n<p>Pour participer, \u00e9crivez-nous \u00e0 l\u2019adresse\u00a0<strong><a href=\"https:\/\/www.laprovence.com\/cdn-cgi\/l\/email-protection\" class=\"__cf_email__\" data-cfemail=\"b1d7d0d2d4d0c4c9ddd4d2c5d4c4c3c2f1ddd0c1c3dec7d4dfd2d49fd2dedc\" target=\"_blank\" rel=\"noopener\">[email\u00a0protected]<\/a><\/strong>, en pr\u00e9cisant votre nom, pr\u00e9nom, adresse, num\u00e9ro de t\u00e9l\u00e9phone et pourquoi vous souhaitez rencontrer ces artistes. Si votre lettre nous s\u00e9duit, vous ferez peut-\u00eatre partie des chanceux qui participeront \u00e0 cet \u00e9change \u00e0 Marseille. Bonne chance\u00a0!<\/p>\n<p><img alt=\"\" loading=\"lazy\" width=\"18\" height=\"18\" decoding=\"async\" data-nimg=\"1\" class=\"mx-[8px]\" style=\"color:transparent\" src=\"https:\/\/www.laprovence.com\/_next\/static\/media\/comment.b95dda91.svg\"\/>D\u00e9marrez la conversation<\/p>\n<p class=\"text-[1.8rem] mt-[32px]\">Votre opinion compte pour nous. Rejoignez la communaut\u00e9 laprovence.com en r\u00e9agissant sur l&rsquo;article Face aux lecteurs ann\u00e9es 80 : venez \u00e9changer avec Plastic Bertrand, Jean Schultheis et Sloane lundi 8 d\u00e9cembre \u00e0 Marseille.<\/p>\n","protected":false},"excerpt":{"rendered":"\u00ab\u00a0Les ann\u00e9es\u00a080, la tourn\u00e9e\u00a0\u00bb est une grande f\u00eate en live avec de nombreux chanteurs mythiques de cette \u00e9poque.&hellip;\n","protected":false},"author":2,"featured_media":571639,"comment_status":"","ping_status":"","sticky":false,"template":"","format":"standard","meta":{"footnotes":""},"categories":[2814],"tags":[17,1111,11,7495,1007,3396,251,12619,1777,674,2823,1011,27,10066,884,12,882,25,3680],"class_list":{"0":"post-571638","1":"post","2":"type-post","3":"status-publish","4":"format-standard","5":"has-post-thumbnail","7":"category-marseille","8":"tag-17","9":"tag-actu","10":"tag-actualites","11":"tag-annees","12":"tag-aux","13":"tag-avec","14":"tag-culture","15":"tag-echanger","16":"tag-eu","17":"tag-europe","18":"tag-face","19":"tag-fr","20":"tag-france","21":"tag-lecteurs","22":"tag-marseille","23":"tag-news","24":"tag-provence-alpes-cote-dazur","25":"tag-republique-francaise","26":"tag-venez"},"share_on_mastodon":{"url":"https:\/\/pubeurope.com\/@fr\/115646124864751677","error":""},"_links":{"self":[{"href":"https:\/\/www.europesays.com\/fr\/wp-json\/wp\/v2\/posts\/571638","targetHints":{"allow":["GET"]}}],"collection":[{"href":"https:\/\/www.europesays.com\/fr\/wp-json\/wp\/v2\/posts"}],"about":[{"href":"https:\/\/www.europesays.com\/fr\/wp-json\/wp\/v2\/types\/post"}],"author":[{"embeddable":true,"href":"https:\/\/www.europesays.com\/fr\/wp-json\/wp\/v2\/users\/2"}],"replies":[{"embeddable":true,"href":"https:\/\/www.europesays.com\/fr\/wp-json\/wp\/v2\/comments?post=571638"}],"version-history":[{"count":0,"href":"https:\/\/www.europesays.com\/fr\/wp-json\/wp\/v2\/posts\/571638\/revisions"}],"wp:featuredmedia":[{"embeddable":true,"href":"https:\/\/www.europesays.com\/fr\/wp-json\/wp\/v2\/media\/571639"}],"wp:attachment":[{"href":"https:\/\/www.europesays.com\/fr\/wp-json\/wp\/v2\/media?parent=571638"}],"wp:term":[{"taxonomy":"category","embeddable":true,"href":"https:\/\/www.europesays.com\/fr\/wp-json\/wp\/v2\/categories?post=571638"},{"taxonomy":"post_tag","embeddable":true,"href":"https:\/\/www.europesays.com\/fr\/wp-json\/wp\/v2\/tags?post=571638"}],"curies":[{"name":"wp","href":"https:\/\/api.w.org\/{rel}","templated":true}]}}