{"id":571640,"date":"2025-12-01T20:09:15","date_gmt":"2025-12-01T20:09:15","guid":{"rendered":"https:\/\/www.europesays.com\/fr\/571640\/"},"modified":"2025-12-01T20:09:15","modified_gmt":"2025-12-01T20:09:15","slug":"marie-france-et-daniel-se-marient-a-lehpad","status":"publish","type":"post","link":"https:\/\/www.europesays.com\/fr\/571640\/","title":{"rendered":"Marie-France et Daniel se marient \u00e0 l\u2019EHPAD"},"content":{"rendered":"<p>Marseille: Marie-France et Daniel se marient \u00e0 l\u2019EHPADSur le m\u00eame sujet<a href=\"https:\/\/www.bfmtv.com\/societe\/video-marseille-marie-france-et-daniel-se-marient-a-l-ehpad_VN-202512010892.html\" title=\" Marseille: Marie-France et Daniel se marient \u00e0 l\u2019EHPAD  \" target=\"_blank\" rel=\"noopener\"><img width=\"16\" height=\"9\" class=\"lozad\"  alt=\" Marseille: Marie-France et Daniel se marient \u00e0 l\u2019EHPAD  \"\/>en lectureMarseille: Marie-France et Daniel se marient \u00e0 l\u2019EHPAD<\/a><a href=\"https:\/\/www.bfmtv.com\/societe\/logement\/video-crise-du-logement-a-paris-emmanuel-gregoire-ps-deplore-l-absence-de-logements-sociaux-dans-l-arrondissement-de-rachida-dati_VN-202512010868.html\" title=\"Crise du logement \u00e0 Paris: Emmanuel Gr\u00e9goire (PS) d\u00e9plore l&#039;absence de logements sociaux dans l&#039;arrondissement de Rachida Dati\" target=\"_blank\" rel=\"noopener\"><img width=\"16\" height=\"9\" class=\"lozad\"  alt=\"Crise du logement \u00e0 Paris: Emmanuel Gr\u00e9goire (PS) d\u00e9plore l'absence de logements sociaux dans l'arrondissement de Rachida Dati\"\/>1:16Crise du logement \u00e0 Paris: Emmanuel Gr\u00e9goire (PS) d\u00e9plore l&rsquo;absence de logements sociaux dans l&rsquo;arrondissement de Rachida Dati<\/a><a href=\"https:\/\/www.bfmtv.com\/replay-emissions\/bfm-story\/video-marschall-truchot-lecornu-budget-c-est-aux-parlementaires-de-rassurer-01-12_VN-202512010864.html\" title=\"Marschall Truchot : Lecornu\/budget, &quot;C&#039;est aux parlementaires de rassurer&quot; - 01\/12\" target=\"_blank\" rel=\"noopener\"><img width=\"16\" height=\"9\" class=\"lozad\"  alt=\"Marschall Truchot : Lecornu\/budget, &quot;C'est aux parlementaires de rassurer&quot; - 01\/12\"\/>13:34Marschall Truchot : Lecornu\/budget, \u00ab\u00a0C&rsquo;est aux parlementaires de rassurer\u00a0\u00bb &#8211; 01\/12<\/a><a href=\"https:\/\/www.bfmtv.com\/international\/amerique-latine\/bresil\/video-un-jeune-homme-est-decede-au-bresil-apres-avoir-ete-attaque-par-une-lionne-dans-un-zoo_VN-202512010860.html\" title=\"Un jeune homme est d\u00e9c\u00e9d\u00e9 au Br\u00e9sil apr\u00e8s avoir \u00e9t\u00e9 attaqu\u00e9 par une lionne dans un zoo\" target=\"_blank\" rel=\"noopener\"><img width=\"16\" height=\"9\" class=\"lozad\"  alt=\"Un jeune homme est d\u00e9c\u00e9d\u00e9 au Br\u00e9sil apr\u00e8s avoir \u00e9t\u00e9 attaqu\u00e9 par une lionne dans un zoo\"\/>1:08Un jeune homme est d\u00e9c\u00e9d\u00e9 au Br\u00e9sil apr\u00e8s avoir \u00e9t\u00e9 attaqu\u00e9 par une lionne dans un zoo<\/a><a href=\"https:\/\/www.bfmtv.com\/replay-emissions\/bfm-story\/video-marschall-truchot-delinquance-immigration-nunez-refuse-de-faire-le-lien-01-12_VN-202512010857.html\" title=\"Marschall Truchot : D\u00e9linquance\/immigration, Nu\u00f1ez refuse de faire le lien - 01\/12\" target=\"_blank\" rel=\"noopener\"><img width=\"16\" height=\"9\" class=\"lozad\"  alt=\"Marschall Truchot : D\u00e9linquance\/immigration, Nu\u00f1ez refuse de faire le lien - 01\/12\"\/>12:28Marschall Truchot : D\u00e9linquance\/immigration, Nu\u00f1ez refuse de faire le lien &#8211; 01\/12<\/a><a href=\"https:\/\/www.bfmtv.com\/societe\/logement\/video-crise-du-logement-pour-pierre-yves-bournazel-horizons-il-faut-creer-des-quartiers-etudiants-a-paris_VN-202512010843.html\" title=\"Crise du logement: Pour Pierre-Yves Bournazel (Horizons),&quot;il faut cr\u00e9er des quartiers \u00e9tudiants \u00e0 Paris&quot;\" target=\"_blank\" rel=\"noopener\"><img width=\"16\" height=\"9\" class=\"lozad\"  alt=\"Crise du logement: Pour Pierre-Yves Bournazel (Horizons),&quot;il faut cr\u00e9er des quartiers \u00e9tudiants \u00e0 Paris&quot;\"\/>1:04Crise du logement: Pour Pierre-Yves Bournazel (Horizons),\u00a0\u00bbil faut cr\u00e9er des quartiers \u00e9tudiants \u00e0 Paris\u00a0\u00bb<\/a><a href=\"https:\/\/www.bfmtv.com\/societe\/logement\/video-un-logement-sur-7-a-paris-centre-est-airbnb-deplore-pierre-yves-bournazel-candidat-horizons-a-la-mairie-de-paris_VN-202512010841.html\" title=\"&quot;Un logement sur 7 \u00e0 Paris Centre est Airbnb&quot;, d\u00e9plore Pierre-Yves Bournazel, candidat Horizons \u00e0 la mairie de Paris\" target=\"_blank\" rel=\"noopener\"><img width=\"16\" height=\"9\" class=\"lozad\"  alt=\"&quot;Un logement sur 7 \u00e0 Paris Centre est Airbnb&quot;, d\u00e9plore Pierre-Yves Bournazel, candidat Horizons \u00e0 la mairie de Paris\"\/>2:29&Prime;Un logement sur 7 \u00e0 Paris Centre est Airbnb\u00a0\u00bb, d\u00e9plore Pierre-Yves Bournazel, candidat Horizons \u00e0 la mairie de Paris<\/a><a href=\"https:\/\/www.bfmtv.com\/replay-emissions\/bfm-story\/video-marshall-truchot-thays-harcele-au-college-il-a-failli-se-sucider-01-12_VN-202512010816.html\" title=\"Marshall Truchot : Thays, harcel\u00e9 au coll\u00e8ge, il a failli se sucider - 01\/12\" target=\"_blank\" rel=\"noopener\"><img width=\"16\" height=\"9\" class=\"lozad\"  alt=\"Marshall Truchot : Thays, harcel\u00e9 au coll\u00e8ge, il a failli se sucider - 01\/12\"\/>13:55Marshall Truchot : Thays, harcel\u00e9 au coll\u00e8ge, il a failli se sucider &#8211; 01\/12<\/a><a href=\"https:\/\/www.bfmtv.com\/replay-emissions\/bfm-story\/video-marschall-truchot-lecornu-je-ne-suis-pas-un-papa-pour-rassurer-les-gens-01-12_VN-202512010815.html\" title=\"Marschall Truchot : Lecornu, &quot;Je ne suis pas un papa pour rassurer les gens&quot; - 01\/12\" target=\"_blank\" rel=\"noopener\"><img width=\"16\" height=\"9\" class=\"lozad\"  alt=\"Marschall Truchot : Lecornu, &quot;Je ne suis pas un papa pour rassurer les gens&quot; - 01\/12\"\/>10:49Marschall Truchot : Lecornu, \u00ab\u00a0Je ne suis pas un papa pour rassurer les gens\u00a0\u00bb &#8211; 01\/12<\/a><a href=\"https:\/\/www.bfmtv.com\/societe\/video-insultes-racistes-agressions-le-temoignage-de-thays-victime-de-harcelement-scolaire_VN-202512010796.html\" title=\"Insultes racistes, agressions...: le t\u00e9moignage de Thays, victime de harc\u00e8lement scolaire \" target=\"_blank\" rel=\"noopener\"><img width=\"16\" height=\"9\" class=\"lozad\"  alt=\"Insultes racistes, agressions...: le t\u00e9moignage de Thays, victime de harc\u00e8lement scolaire \"\/>12:04Insultes racistes, agressions&#8230;: le t\u00e9moignage de Thays, victime de harc\u00e8lement scolaire<\/a><a href=\"https:\/\/www.bfmtv.com\/replay-emissions\/bfm-story\/video-marshall-truchot-bardella-quel-est-le-profil-de-l-agresseur-01-12_VN-202512010788.html\" title=\"Marshall Truchot : Bardella, quel est le profil de l\u2019agresseur ? - 01\/12\" target=\"_blank\" rel=\"noopener\"><img width=\"16\" height=\"9\" class=\"lozad\"  alt=\"Marshall Truchot : Bardella, quel est le profil de l\u2019agresseur ? - 01\/12\"\/>5:03Marshall Truchot : Bardella, quel est le profil de l\u2019agresseur ? &#8211; 01\/12<\/a><a href=\"https:\/\/www.bfmtv.com\/societe\/video-le-sidaction-diffuse-de-fausses-videos-d-influenceurs-masculinistes-pour-sensibiliser-les-jeunes-contre-des-contenus-qui-mettent-en-danger-une-sexualite-consentie_VN-202512010781.html\" title=\" Le Sidaction diffuse de fausses vid\u00e9os d&#039;influenceurs masculinistes pour sensibiliser les jeunes contre des contenus qui &quot;mettent en danger une sexualit\u00e9 consentie&quot; \" target=\"_blank\" rel=\"noopener\"><img width=\"16\" height=\"9\" class=\"lozad\"  alt=\" Le Sidaction diffuse de fausses vid\u00e9os d'influenceurs masculinistes pour sensibiliser les jeunes contre des contenus qui &quot;mettent en danger une sexualit\u00e9 consentie&quot; \"\/>1:51Le Sidaction diffuse de fausses vid\u00e9os d&rsquo;influenceurs masculinistes pour sensibiliser les jeunes contre des contenus qui \u00ab\u00a0mettent en danger une sexualit\u00e9 consentie\u00a0\u00bb<\/a><a href=\"https:\/\/www.bfmtv.com\/societe\/video-elodie-pruvot-mere-de-thays-victime-de-racisme-et-harcelement-au-college-raconte-les-propos-des-parents-des-enfants-accuses-de-racisme-envers-son-fils_VN-202512010768.html\" title=\"\u00c9lodie Pruvot, m\u00e8re de Thays victime de racisme et harc\u00e8lement au coll\u00e8ge raconte les propos des parents des enfants accus\u00e9s de racisme envers son fils\" target=\"_blank\" rel=\"noopener\"><img width=\"16\" height=\"9\" class=\"lozad\"  alt=\"\u00c9lodie Pruvot, m\u00e8re de Thays victime de racisme et harc\u00e8lement au coll\u00e8ge raconte les propos des parents des enfants accus\u00e9s de racisme envers son fils\"\/>1:37\u00c9lodie Pruvot, m\u00e8re de Thays victime de racisme et harc\u00e8lement au coll\u00e8ge raconte les propos des parents des enfants accus\u00e9s de racisme envers son fils<\/a><a href=\"https:\/\/www.bfmtv.com\/societe\/video-un-des-eleves-m-a-etrangle-harcele-thays-pruvot-a-failli-mettre-fin-a-ses-jours_VN-202512010760.html\" title=\"\u201cUn des \u00e9l\u00e8ves m&#039;a \u00e9trangl\u00e9\u201d: harcel\u00e9, Thays Pruvot a failli mettre fin \u00e0 ses jours\" target=\"_blank\" rel=\"noopener\"><img width=\"16\" height=\"9\" class=\"lozad\"  alt=\"\u201cUn des \u00e9l\u00e8ves m'a \u00e9trangl\u00e9\u201d: harcel\u00e9, Thays Pruvot a failli mettre fin \u00e0 ses jours\"\/>2:13\u201cUn des \u00e9l\u00e8ves m&rsquo;a \u00e9trangl\u00e9\u201d: harcel\u00e9, Thays Pruvot a failli mettre fin \u00e0 ses jours<\/a><a class=\"jumpToVideo\" target=\"_blank\"><img class=\"thumbnailPreview\"\/><\/a><\/p>\n","protected":false},"excerpt":{"rendered":"Marseille: Marie-France et Daniel se marient \u00e0 l\u2019EHPADSur le m\u00eame sujeten lectureMarseille: Marie-France et Daniel se marient \u00e0&hellip;\n","protected":false},"author":2,"featured_media":571641,"comment_status":"","ping_status":"","sticky":false,"template":"","format":"standard","meta":{"footnotes":""},"categories":[2814],"tags":[1111,11,1777,674,1011,27,884,12,882,25],"class_list":{"0":"post-571640","1":"post","2":"type-post","3":"status-publish","4":"format-standard","5":"has-post-thumbnail","7":"category-marseille","8":"tag-actu","9":"tag-actualites","10":"tag-eu","11":"tag-europe","12":"tag-fr","13":"tag-france","14":"tag-marseille","15":"tag-news","16":"tag-provence-alpes-cote-dazur","17":"tag-republique-francaise"},"share_on_mastodon":{"url":"https:\/\/pubeurope.com\/@fr\/115646127422140479","error":""},"_links":{"self":[{"href":"https:\/\/www.europesays.com\/fr\/wp-json\/wp\/v2\/posts\/571640","targetHints":{"allow":["GET"]}}],"collection":[{"href":"https:\/\/www.europesays.com\/fr\/wp-json\/wp\/v2\/posts"}],"about":[{"href":"https:\/\/www.europesays.com\/fr\/wp-json\/wp\/v2\/types\/post"}],"author":[{"embeddable":true,"href":"https:\/\/www.europesays.com\/fr\/wp-json\/wp\/v2\/users\/2"}],"replies":[{"embeddable":true,"href":"https:\/\/www.europesays.com\/fr\/wp-json\/wp\/v2\/comments?post=571640"}],"version-history":[{"count":0,"href":"https:\/\/www.europesays.com\/fr\/wp-json\/wp\/v2\/posts\/571640\/revisions"}],"wp:featuredmedia":[{"embeddable":true,"href":"https:\/\/www.europesays.com\/fr\/wp-json\/wp\/v2\/media\/571641"}],"wp:attachment":[{"href":"https:\/\/www.europesays.com\/fr\/wp-json\/wp\/v2\/media?parent=571640"}],"wp:term":[{"taxonomy":"category","embeddable":true,"href":"https:\/\/www.europesays.com\/fr\/wp-json\/wp\/v2\/categories?post=571640"},{"taxonomy":"post_tag","embeddable":true,"href":"https:\/\/www.europesays.com\/fr\/wp-json\/wp\/v2\/tags?post=571640"}],"curies":[{"name":"wp","href":"https:\/\/api.w.org\/{rel}","templated":true}]}}