{"id":57165,"date":"2025-04-27T16:03:08","date_gmt":"2025-04-27T16:03:08","guid":{"rendered":"https:\/\/www.europesays.com\/fr\/57165\/"},"modified":"2025-04-27T16:03:08","modified_gmt":"2025-04-27T16:03:08","slug":"haraldsson-brille-pour-le-losc-diakite-aurait-pu-couter-cher-les-tops-et-les-flops","status":"publish","type":"post","link":"https:\/\/www.europesays.com\/fr\/57165\/","title":{"rendered":"Haraldsson brille pour le LOSC, Diakit\u00e9 aurait pu co\u00fbter cher\u2026 Les tops et les flops"},"content":{"rendered":"<p><strong>TOPS\/FLOPS \u2013 <\/strong>Haraldsson doublement d\u00e9cisif, l\u2019exclusion de Diakit\u00e9 ou le manque d\u2019inspiration du SCO\u00a0: retrouvez ce qui a retenu notre attention lors de la victoire lilloise \u00e0 Angers dimanche (0-2).<\/p>\n<p class=\"fig-paragraph\"><strong>TOPS<\/strong><\/p>\n<p>Haraldsson, l\u2019homme qui fait la diff\u00e9rence<\/p>\n<p class=\"fig-paragraph\">D\u2019un coup de patte pour trouver la t\u00eate de Bafod\u00e9 Diakit\u00e9 (45e+1, 0-1), Hakon Haraldsson a d\u00e9bloqu\u00e9 une rencontre cadenass\u00e9e. Il a permis d\u2019oublier la possession de balle st\u00e9rile du LOSC en premi\u00e8re p\u00e9riode (72%). Sur sa lanc\u00e9e, le milieu offensif islandais a \u00e9t\u00e9 trouv\u00e9 dans la course par une bonne remise de Chuba Akpom. Son contr\u00f4le et son tir encha\u00een\u00e9 du gauche, en d\u00e9s\u00e9quilibre, ont pris \u00e0 d\u00e9faut Yahia Fofana (50e, 0-2). Lille \u00e9tait alors \u00e0 l\u2019abri\u00a0<a href=\"http:\/\/www.lefigaro.fr\/sports\/football\/ligue-1\/angers-lille-haraldsson-brille-pour-le-losc-diakite-aurait-pu-couter-cher-les-tops-et-les-flops-20250427\" data-fig-type=\"NewsFlash\" data-gtm-custom-categorie=\"navigation\" data-gtm-custom-action=\"crossclick\" data-gtm-custom-label=\"Contextuel\" data-gtm-event=\"customEventSPE\" data-fig-domain=\"LEFIGARO\" target=\"_blank\" rel=\"noopener\">et n\u2019a jamais vacill\u00e9<\/a>.<\/p>\n<p>Le sang-froid des Dogues en fin de match<\/p>\n<p class=\"fig-paragraph\">L\u2019exclusion de Bafod\u00e9 Diakit\u00e9 (67e) aurait pu fragiliser une \u00e9quipe dominante sans \u00eatre largement sup\u00e9rieure. Il n\u2019en fut rien. Certes, l\u2019opposition s\u2019est av\u00e9r\u00e9e relative. Toujours est-il que, sous le soleil de Raymond-Kopa, les Lillois n\u2019ont jamais paniqu\u00e9. Avec les exp\u00e9riment\u00e9s Thomas Meunier, Benjamin Andr\u00e9 et Jonathan David sur la pelouse, le LOSC a gard\u00e9 la ma\u00eetrise et n\u2019a pas reni\u00e9 son football, cherchant toujours \u00e0 conserver un bloc haut et agressif. Strat\u00e9gie payante.<\/p>\n<p class=\"fig-paragraph\"><strong>FLOPS<\/strong><\/p>\n<p>Le carton rouge de Diakit\u00e9&#8230; qui manquera l\u2019OM<\/p>\n<p class=\"fig-paragraph\">Pour une main au visage d\u2019Esteban Lepaul alors que le ballon \u00e9tait loin, Bafod\u00e9 Diakit\u00e9 a \u00e9cop\u00e9 d\u2019un avertissement \u00e9vitable en d\u00e9but de match (18e). Son second carton jaune n\u2019a pas \u00e9t\u00e9 plus malin\u00a0: mont\u00e9 au pressing, le d\u00e9fenseur lillois est arriv\u00e9 en retard sur Jordan Lefort. Il n\u2019a pas cherch\u00e9 \u00e0 contester son exclusion (67e) et ne pouvait s\u2019en prendre qu\u2019\u00e0 lui-m\u00eame. Si cela n\u2019a pas port\u00e9 pr\u00e9judice aux siens ce dimanche, il faudra faire sans lui le week-end prochain pour un match au sommet face \u00e0 l\u2019Olympique de Marseille.<\/p>\n<p>Des Angevins inoffensifs du d\u00e9but \u00e0 la fin<\/p>\n<p class=\"fig-paragraph\">S\u2019il n\u2019y avait pas eu deux occasions suite \u00e0 des erreurs lilloises en premi\u00e8re p\u00e9riode, et un ultime sursaut dans le temps additionnel, Lucas Chevalier aurait pu faire une sieste de 90 minutes. Angers n\u2019a jamais sem\u00e9 le doute dans les esprits nordistes, laissant Lille dicter le rythme de bout en bout. Les absences des cadres (Haris Belkebla, Pierrick Capelle) ou de l\u2019avant-centre Bamba Dieng n\u2019ont s\u00fbrement pas arrang\u00e9 la t\u00e2che de l\u2019entra\u00eeneur Alexandre Dujeux.<\/p>\n","protected":false},"excerpt":{"rendered":"TOPS\/FLOPS \u2013 Haraldsson doublement d\u00e9cisif, l\u2019exclusion de Diakit\u00e9 ou le manque d\u2019inspiration du SCO\u00a0: retrouvez ce qui a&hellip;\n","protected":false},"author":2,"featured_media":57166,"comment_status":"","ping_status":"","sticky":false,"template":"","format":"standard","meta":{"footnotes":""},"categories":[2815],"tags":[1111,11,460,525,1981,814,1777,674,2257,63,1011,27,811,3309,66,1307,2267,955,12,1176,978,93,25,1980],"class_list":{"0":"post-57165","1":"post","2":"type-post","3":"status-publish","4":"format-standard","5":"has-post-thumbnail","7":"category-lille","8":"tag-actu","9":"tag-actualites","10":"tag-angers-sco","11":"tag-calendrier","12":"tag-classement","13":"tag-direct","14":"tag-eu","15":"tag-europe","16":"tag-foot","17":"tag-football","18":"tag-fr","19":"tag-france","20":"tag-hauts-de-france","21":"tag-l1","22":"tag-ligue-1","23":"tag-lille","24":"tag-losc","25":"tag-match","26":"tag-news","27":"tag-olympique-de-marseille","28":"tag-olympique-lyonnais","29":"tag-psg","30":"tag-republique-francaise","31":"tag-resultats"},"share_on_mastodon":{"url":"https:\/\/pubeurope.com\/@fr\/114410776431196362","error":""},"_links":{"self":[{"href":"https:\/\/www.europesays.com\/fr\/wp-json\/wp\/v2\/posts\/57165","targetHints":{"allow":["GET"]}}],"collection":[{"href":"https:\/\/www.europesays.com\/fr\/wp-json\/wp\/v2\/posts"}],"about":[{"href":"https:\/\/www.europesays.com\/fr\/wp-json\/wp\/v2\/types\/post"}],"author":[{"embeddable":true,"href":"https:\/\/www.europesays.com\/fr\/wp-json\/wp\/v2\/users\/2"}],"replies":[{"embeddable":true,"href":"https:\/\/www.europesays.com\/fr\/wp-json\/wp\/v2\/comments?post=57165"}],"version-history":[{"count":0,"href":"https:\/\/www.europesays.com\/fr\/wp-json\/wp\/v2\/posts\/57165\/revisions"}],"wp:featuredmedia":[{"embeddable":true,"href":"https:\/\/www.europesays.com\/fr\/wp-json\/wp\/v2\/media\/57166"}],"wp:attachment":[{"href":"https:\/\/www.europesays.com\/fr\/wp-json\/wp\/v2\/media?parent=57165"}],"wp:term":[{"taxonomy":"category","embeddable":true,"href":"https:\/\/www.europesays.com\/fr\/wp-json\/wp\/v2\/categories?post=57165"},{"taxonomy":"post_tag","embeddable":true,"href":"https:\/\/www.europesays.com\/fr\/wp-json\/wp\/v2\/tags?post=57165"}],"curies":[{"name":"wp","href":"https:\/\/api.w.org\/{rel}","templated":true}]}}