{"id":571650,"date":"2025-12-01T20:15:22","date_gmt":"2025-12-01T20:15:22","guid":{"rendered":"https:\/\/www.europesays.com\/fr\/571650\/"},"modified":"2025-12-01T20:15:22","modified_gmt":"2025-12-01T20:15:22","slug":"guerre-en-ukraine-zelensky-vient-se-rassurer-a-paris-avant-que-son-destin-se-joue-sans-lui-a-moscou","status":"publish","type":"post","link":"https:\/\/www.europesays.com\/fr\/571650\/","title":{"rendered":"Guerre en Ukraine : Zelensky vient se rassurer \u00e0 Paris, avant que son destin se joue (sans lui) \u00e0 Moscou"},"content":{"rendered":"<p class=\"mb-4 text-lg md:leading-8 break-words\"><strong>R\u00e9cap &#8211; \u00ab\u00a020 Minutes\u00a0\u00bb fait le point pour vous tous les soirs sur le conflit en Ukraine. Ce lundi, Zelensky a fait le plein de soutiens \u00e0 Paris, avant une r\u00e9union cruciale mardi \u00e0 Moscou entre Poutine et l\u2019\u00e9missaire de Trump<\/strong><\/p>\n<p class=\"mb-4 text-lg md:leading-8 break-words\">Vous avez rat\u00e9 les derniers \u00e9v\u00e9nements sur la <a href=\"https:\/\/www.20minutes.fr\/monde\/ukraine\/?at_medium=RSS%20feed&amp;at_campaign=ynews&amp;utm_source=yahoo&amp;utm_medium=rss&amp;utm_campaign=news_feed&amp;utm_content=in_article_link\" rel=\"nofollow noopener\" target=\"_blank\" data-ylk=\"slk:guerre en Ukraine;elm:context_link;itc:0;sec:content-canvas\" class=\"link \">guerre en Ukraine<\/a>\u00a0? 20 Minutes fait le point pour vous tous les soirs. Voici l\u2019essentiel de ce lundi 1er\u00a0d\u00e9cembre, au 1.376e jour du conflit.<\/p>\n<p>Le fait du jour<\/p>\n<p class=\"mb-4 text-lg md:leading-8 break-words\">Paris et la Floride \u00e9taient au centre des n\u00e9gociations de paix ce lundi. <a href=\"https:\/\/www.20minutes.fr\/monde\/volodymyr-zelensky\/?at_medium=RSS%20feed&amp;at_campaign=ynews&amp;utm_source=yahoo&amp;utm_medium=rss&amp;utm_campaign=news_feed&amp;utm_content=in_article_link\" rel=\"nofollow noopener\" target=\"_blank\" data-ylk=\"slk:Volodymyr Zelensky;elm:context_link;itc:0;sec:content-canvas\" class=\"link \">Volodymyr Zelensky<\/a> a fait sa 10e visite dans la capitale fran\u00e7aise, passant depuis l\u2019Elys\u00e9e nombre de coups de fil au cours desquels ses alli\u00e9s europ\u00e9ens ont redit qu\u2019une \u00ab\u00a0pax americana\u00a0\u00bb, uniquement n\u00e9goci\u00e9e en Washington et <a href=\"https:\/\/www.20minutes.fr\/monde\/moscou\/?at_medium=RSS%20feed&amp;at_campaign=ynews&amp;utm_source=yahoo&amp;utm_medium=rss&amp;utm_campaign=news_feed&amp;utm_content=in_article_link\" rel=\"nofollow noopener\" target=\"_blank\" data-ylk=\"slk:Moscou;elm:context_link;itc:0;sec:content-canvas\" class=\"link \">Moscou<\/a>, \u00e9tait impensable. Il n\u2019y a \u00ab\u00a0pas aujourd\u2019hui \u00e0 proprement parler un plan qui soit finalis\u00e9\u00a0\u00bb, a martel\u00e9 Emmanuel Macron \u00e0 l\u2019issue de cette s\u00e9quence diplomatique. \u00ab\u00a0Nous sommes encore \u00e0 une phase pr\u00e9alable\u00a0\u00bb, le plan avanc\u00e9 par Washington \u00ab\u00a0ne peut \u00eatre finalis\u00e9 qu\u2019avec les Europ\u00e9ens autour de la table\u00a0\u00bb. A distance, le chancelier allemand <a href=\"https:\/\/www.20minutes.fr\/politique\/friedrich-merz\/?at_medium=RSS%20feed&amp;at_campaign=ynews&amp;utm_source=yahoo&amp;utm_medium=rss&amp;utm_campaign=news_feed&amp;utm_content=in_article_link\" rel=\"nofollow noopener\" target=\"_blank\" data-ylk=\"slk:Friedrich Merz;elm:context_link;itc:0;sec:content-canvas\" class=\"link \">Friedrich Merz<\/a> a dit son refus d\u2019une \u00ab\u00a0paix dict\u00e9e\u00a0\u00bb \u00e0 l\u2019Ukraine. \u00ab\u00a0Je crains que toute la pression soit exerc\u00e9e sur le c\u00f4t\u00e9 le plus faible, car la reddition de l\u2019Ukraine, c\u2019est la mani\u00e8re la plus facile de mettre fin \u00e0 cette guerre\u00a0\u00bb, a pour sa part d\u00e9clar\u00e9 Kaja Kallas, la cheffe de la diplomatie europ\u00e9enne, en marge d\u2019une r\u00e9union \u00e0 Bruxelles des ministres de la D\u00e9fense de l\u2019UE.<\/p>\n<p class=\"mb-4 text-lg md:leading-8 break-words\">Tout en remerciant pour leur m\u00e9diation les Etats-Unis de Trump, qui parall\u00e8lement n\u00e9gociaient en Floride avec les Ukrainiens, les Europ\u00e9ens ont donc rappel\u00e9 o\u00f9 sont leurs lignes rouges, \u00e0 la veille de la rencontre, s\u00fbrement capitale, \u00e0 Moscou entre Steve Witkoff(&#8230;)<\/p>\n<p class=\"mb-4 text-lg md:leading-8 break-words\"><a href=\"https:\/\/www.20minutes.fr\/monde\/ukraine\/4189120-20251201-guerre-ukraine-zelensky-vient-rassurer-paris-avant-destin-joue-moscou?at_medium=RSS%20feed&amp;at_campaign=ynews&amp;utm_source=yahoo&amp;utm_medium=rss&amp;utm_campaign=news_feed&amp;utm_content=read_more_link&quot;\" rel=\"nofollow noopener\" target=\"_blank\" data-ylk=\"slk:Lire la suite sur 20minutes;elm:context_link;itc:0;sec:content-canvas\" class=\"link \">Lire la suite sur 20minutes<\/a><\/p>\n<p>\u00c0 lire aussi :<br \/><a href=\"https:\/\/www.20minutes.fr\/monde\/russie\/4188800-20251130-guerre-ukraine-floride-discussions-entre-kiev-washington-productives-faciles?at_medium=RSS%20feed&amp;at_campaign=ynews&amp;utm_source=yahoo&amp;utm_medium=rss&amp;utm_campaign=news_feed&amp;utm_content=related_content_link\" rel=\"nofollow noopener\" target=\"_blank\" data-ylk=\"slk:Guerre en Ukraine\u00a0: En Floride, des discussions entre Kiev et Washington \u00ab\u00a0productives\u00a0\u00bb mais \u00ab\u00a0pas faciles\u00a0\u00bb;elm:context_link;itc:0;sec:content-canvas\" class=\"link \">Guerre en Ukraine\u00a0: En Floride, des discussions entre Kiev et Washington \u00ab\u00a0productives\u00a0\u00bb mais \u00ab\u00a0pas faciles\u00a0\u00bb<\/a><br \/><a href=\"https:\/\/www.20minutes.fr\/monde\/ukraine\/4188824-20251201-guerre-ukraine-trump-tres-optimiste-fin-conflit-marco-rubio-tempere?at_medium=RSS%20feed&amp;at_campaign=ynews&amp;utm_source=yahoo&amp;utm_medium=rss&amp;utm_campaign=news_feed&amp;utm_content=related_content_link\" rel=\"nofollow noopener\" target=\"_blank\" data-ylk=\"slk:Guerre en Ukraine\u00a0: Trump tr\u00e8s optimiste sur la fin du conflit, mais Marco Rubio temp\u00e8re;elm:context_link;itc:0;sec:content-canvas\" class=\"link \">Guerre en Ukraine\u00a0: Trump tr\u00e8s optimiste sur la fin du conflit, mais Marco Rubio temp\u00e8re<\/a><\/p>\n","protected":false},"excerpt":{"rendered":"R\u00e9cap &#8211; \u00ab\u00a020 Minutes\u00a0\u00bb fait le point pour vous tous les soirs sur le conflit en Ukraine. Ce&hellip;\n","protected":false},"author":2,"featured_media":571651,"comment_status":"","ping_status":"","sticky":false,"template":"","format":"standard","meta":{"footnotes":""},"categories":[1888],"tags":[642,1111,1928,11,1927,1777,674,11201,1011,27,12,1926,626,1925,25,220,6746],"class_list":{"0":"post-571650","1":"post","2":"type-post","3":"status-publish","4":"format-standard","5":"has-post-thumbnail","7":"category-paris","8":"tag-20-minutes","9":"tag-actu","10":"tag-actu-paris","11":"tag-actualites","12":"tag-actualites-paris","13":"tag-eu","14":"tag-europe","15":"tag-europeens","16":"tag-fr","17":"tag-france","18":"tag-news","19":"tag-news-paris","20":"tag-paris","21":"tag-paris-news","22":"tag-republique-francaise","23":"tag-ukraine","24":"tag-zelensky"},"share_on_mastodon":{"url":"https:\/\/pubeurope.com\/@fr\/115646150963676752","error":""},"_links":{"self":[{"href":"https:\/\/www.europesays.com\/fr\/wp-json\/wp\/v2\/posts\/571650","targetHints":{"allow":["GET"]}}],"collection":[{"href":"https:\/\/www.europesays.com\/fr\/wp-json\/wp\/v2\/posts"}],"about":[{"href":"https:\/\/www.europesays.com\/fr\/wp-json\/wp\/v2\/types\/post"}],"author":[{"embeddable":true,"href":"https:\/\/www.europesays.com\/fr\/wp-json\/wp\/v2\/users\/2"}],"replies":[{"embeddable":true,"href":"https:\/\/www.europesays.com\/fr\/wp-json\/wp\/v2\/comments?post=571650"}],"version-history":[{"count":0,"href":"https:\/\/www.europesays.com\/fr\/wp-json\/wp\/v2\/posts\/571650\/revisions"}],"wp:featuredmedia":[{"embeddable":true,"href":"https:\/\/www.europesays.com\/fr\/wp-json\/wp\/v2\/media\/571651"}],"wp:attachment":[{"href":"https:\/\/www.europesays.com\/fr\/wp-json\/wp\/v2\/media?parent=571650"}],"wp:term":[{"taxonomy":"category","embeddable":true,"href":"https:\/\/www.europesays.com\/fr\/wp-json\/wp\/v2\/categories?post=571650"},{"taxonomy":"post_tag","embeddable":true,"href":"https:\/\/www.europesays.com\/fr\/wp-json\/wp\/v2\/tags?post=571650"}],"curies":[{"name":"wp","href":"https:\/\/api.w.org\/{rel}","templated":true}]}}