{"id":571652,"date":"2025-12-01T20:17:19","date_gmt":"2025-12-01T20:17:19","guid":{"rendered":"https:\/\/www.europesays.com\/fr\/571652\/"},"modified":"2025-12-01T20:17:19","modified_gmt":"2025-12-01T20:17:19","slug":"jusqua-quelle-date-vous-pouvez-deposer-vos-couteaux-a-la-police","status":"publish","type":"post","link":"https:\/\/www.europesays.com\/fr\/571652\/","title":{"rendered":"jusqu&rsquo;\u00e0 quelle date vous pouvez d\u00e9poser vos couteaux \u00e0 la police?"},"content":{"rendered":"<p>                    Par<br \/>\n        <strong><br \/>\n            <a href=\"https:\/\/actu.fr\/auteur\/redaction-paris\" title=\"Consulter tous les articles de R\u00e9daction Paris\" target=\"_blank\" rel=\"noopener\">R\u00e9daction Paris<\/a><br \/>\n                    <\/strong><\/p>\n<p>        Publi\u00e9 le<\/p>\n<p>            1 d\u00e9c. 2025 \u00e0 20h29        <\/p>\n<p>Tic-tac, tic-tac. Si vous d\u00e9tenez certaines <strong>armes blanches<\/strong>, vous n\u2019avez plus que six jours pour les d\u00e9poser \u00e0 la police ou \u00e0 la gendarmerie. Dans le cadre de la nouvelle r\u00e9glementation entournant le <a href=\"https:\/\/actu.fr\/ile-de-france\/paris_75056\/securite-renforcee-mediateurs-le-plan-couteaux-contre-les-rixes-a-paris-lance-a-quoi-s-attendre_62330688.html\" target=\"_blank\" rel=\"noopener\">port de couteau chez les jeunes \u00e0 Paris<\/a>, plusieurs types d\u2019armes sont <strong>proscrites<\/strong> aux particuliers. La <a href=\"https:\/\/actu.fr\/tag\/prefecture-de-police-de-paris\" target=\"_blank\" rel=\"noopener\">pr\u00e9fecture de Police<\/a> fait savoir que les propri\u00e9taires d\u2019armes class\u00e9es en cat\u00e9gorie A1 doivent les remettre avant le <strong>dimanche 7\u00a0d\u00e9cembre 2025<\/strong>.<\/p>\n<p>Passible d\u2019une lourde sanction<\/p>\n<p class=\" wall-content\">Les autorit\u00e9s pr\u00e9viennent qu\u2019au-del\u00e0 de cette \u00e9ch\u00e9ance, le d\u00e9tenteur encourra une peine de <strong>cinq ans d\u2019emprisonnement<\/strong> et <strong>75\u2009000\u00a0euros d\u2019amende<\/strong>. Concr\u00e8tement, les armes class\u00e9es en cat\u00e9gorie A1 comprennent\u2009: les couteaux et machettes dits \u00ab\u2009Zombie\u2009\u00bb, les coups de poing am\u00e9ricains d\u2019un mod\u00e8le fabriqu\u00e9 avant 1900, et les armes mixtes agglom\u00e9rant arme \u00e0 feu ou arme blanche, \u00e0 \u00ab\u2009impulsion \u00e9lectrique\u2009\u00bb ou \u00ab\u2009diffuseur d\u2019a\u00e9rosol\u2009\u00bb.<\/p>\n<p class=\" wall-content\">\n<p class=\" wall-content\">Pour les commer\u00e7ants, les r\u00e8gles se durcissent \u00e9galement. Pour vendre des couteaux \u00e0 ouverture manuelle, \u00e0 cran d\u2019arr\u00eat automatique, des armes blanches appel\u00e9es \u00ab\u2009\u00e9toiles de Ninja\u2009\u00bb ou des coups de poing am\u00e9ricains, les professionnels devront \u00eatre avalis\u00e9s par les services de la pr\u00e9fecture. Leur demande devra \u00eatre adress\u00e9e avant le <strong>7\u00a0mars 2026<\/strong>.<\/p>\n<p class=\" wall-content\">Ce nouveau cadre r\u00e9glementaire fait suite \u00e0 la pr\u00e9sentation d\u2019un plan de pr\u00e9sentation et de lutte contre le port et d\u2019usage des armes blanches par des mineurs, et d\u2019un rapport intitul\u00e9 \u00ab\u2009Mineurs et armes blanches\u2009\u00bb remis au gouvernement en mai\u00a02025. Objectif\u2009: <strong>juguler l\u2019usage des armes blanches chez les jeunes<\/strong>. Et ce, alors que plusieurs drames ont assombri l\u2019actualit\u00e9, notamment \u00e0 Paris, avec les d\u00e9c\u00e8s <a href=\"https:\/\/actu.fr\/ile-de-france\/ivry-sur-seine_94041\/marche-blanche-pour-abbas-tue-devant-le-lycee-rodin-a-paris-la-prefecture-craint-des-affrontements_62055877.html\" target=\"_blank\" rel=\"noopener\">d\u2019Abbas<\/a> et <a href=\"https:\/\/actu.fr\/ile-de-france\/paris_75056\/mort-d-elias-a-paris-sa-famille-et-son-club-de-football-lancent-une-cagnotte_62199130.html\" target=\"_blank\" rel=\"noopener\">d\u2019Elias<\/a>.<\/p>\n<p class=\" wall-content\">Personnalisez votre actualit\u00e9 en ajoutant vos villes et m\u00e9dias en favori avec <a href=\"https:\/\/moncompte.actu.fr\" title=\"D\u00e9couvez Mon Actu\" rel=\"nofollow noopener\" data-trk=\"{&quot;cta&quot;:{&quot;action&quot;:&quot;https:\\\/\\\/moncompte.actu.fr&quot;,&quot;category&quot;:&quot;mon compte&quot;,&quot;from&quot;:&quot;article footer&quot;,&quot;name&quot;:&quot;Mon actu&quot;,&quot;type&quot;:&quot;cta&quot;}}\" target=\"_blank\">Mon Actu<\/a>.<\/p>\n","protected":false},"excerpt":{"rendered":"Par R\u00e9daction Paris Publi\u00e9 le 1 d\u00e9c. 2025 \u00e0 20h29 Tic-tac, tic-tac. Si vous d\u00e9tenez certaines armes blanches,&hellip;\n","protected":false},"author":2,"featured_media":571653,"comment_status":"","ping_status":"","sticky":false,"template":"","format":"standard","meta":{"footnotes":""},"categories":[1888],"tags":[11,1777,674,1011,27,2381,12,626,1072,1931,25,104],"class_list":{"0":"post-571652","1":"post","2":"type-post","3":"status-publish","4":"format-standard","5":"has-post-thumbnail","7":"category-paris","8":"tag-actualites","9":"tag-eu","10":"tag-europe","11":"tag-fr","12":"tag-france","13":"tag-mairie-de-paris","14":"tag-news","15":"tag-paris","16":"tag-police","17":"tag-prefecture-de-police-de-paris","18":"tag-republique-francaise","19":"tag-societe"},"share_on_mastodon":{"url":"https:\/\/pubeurope.com\/@fr\/115646158930565010","error":""},"_links":{"self":[{"href":"https:\/\/www.europesays.com\/fr\/wp-json\/wp\/v2\/posts\/571652","targetHints":{"allow":["GET"]}}],"collection":[{"href":"https:\/\/www.europesays.com\/fr\/wp-json\/wp\/v2\/posts"}],"about":[{"href":"https:\/\/www.europesays.com\/fr\/wp-json\/wp\/v2\/types\/post"}],"author":[{"embeddable":true,"href":"https:\/\/www.europesays.com\/fr\/wp-json\/wp\/v2\/users\/2"}],"replies":[{"embeddable":true,"href":"https:\/\/www.europesays.com\/fr\/wp-json\/wp\/v2\/comments?post=571652"}],"version-history":[{"count":0,"href":"https:\/\/www.europesays.com\/fr\/wp-json\/wp\/v2\/posts\/571652\/revisions"}],"wp:featuredmedia":[{"embeddable":true,"href":"https:\/\/www.europesays.com\/fr\/wp-json\/wp\/v2\/media\/571653"}],"wp:attachment":[{"href":"https:\/\/www.europesays.com\/fr\/wp-json\/wp\/v2\/media?parent=571652"}],"wp:term":[{"taxonomy":"category","embeddable":true,"href":"https:\/\/www.europesays.com\/fr\/wp-json\/wp\/v2\/categories?post=571652"},{"taxonomy":"post_tag","embeddable":true,"href":"https:\/\/www.europesays.com\/fr\/wp-json\/wp\/v2\/tags?post=571652"}],"curies":[{"name":"wp","href":"https:\/\/api.w.org\/{rel}","templated":true}]}}